{"id":505,"date":"2021-08-31T13:56:00","date_gmt":"2021-08-31T11:56:00","guid":{"rendered":"https:\/\/www.alles-bleibt-anders.org\/?p=505"},"modified":"2021-11-24T13:59:27","modified_gmt":"2021-11-24T12:59:27","slug":"anfrage-zum-hochwasserschutz","status":"publish","type":"post","link":"https:\/\/www.gruene-mkk.de\/fr\/anfrage-zum-hochwasserschutz\/","title":{"rendered":"Question sur la protection contre les inondations"},"content":{"rendered":"<p><strong>Objet de la question:<\/strong><\/p>\n\n\n\n<p>Au d\u00e9but de l'ann\u00e9e, certaines parties du cercle, par exemple \u00e0 Nidderau, ont \u00e9t\u00e9 inond\u00e9es. Les inondations de juillet en Rh\u00e9nanie-Palatinat et en Rh\u00e9nanie-du-Nord-Westphalie ont fait plus de 180 morts. On peut s'attendre \u00e0 ce que les conditions m\u00e9t\u00e9orologiques extr\u00eames ne cessent d'augmenter. C'est pourquoi il est important qu'il y ait une protection efficace contre les inondations dans le cercle.<strong>&nbsp;&nbsp;&nbsp;<\/strong><\/p>\n\n\n\n<p><strong>Questions :<\/strong><\/p>\n\n\n\n<p><strong>1.Est-il pr\u00e9vu de r\u00e9examiner les zones d\u2019inondation d\u00e9termin\u00e9es ou non d\u00e9termin\u00e9es ou d\u2019\u00e9tendre les zones d\u00e9termin\u00e9es \u00e0 la suite des inondations r\u00e9centes afin d\u2019\u00e9viter que des zones non d\u00e9termin\u00e9es ne soient particuli\u00e8rement touch\u00e9es en cas d\u2019inondations majeures en raison de mesures de protection insuffisantes (par exemple, en cas de HQ100 ou d\u2019inondations extr\u00eames dues \u00e0 d\u2019\u00e9normes quantit\u00e9s de pluies en peu de temps d\u00e9passant HQ100)?<\/strong><\/p>\n\n\n\n<p><strong>R\u00e9ponse :<\/strong>&nbsp;Les plaines inondables font l'objet d'un contr\u00f4le permanent par l'autorit\u00e9 sup\u00e9rieure comp\u00e9tente en mati\u00e8re d'eau aupr\u00e8s des pr\u00e9sidences du gouvernement. Dans le cadre de la gestion des risques d'inondation, des cartes des dangers et des risques sont \u00e9tablies.<\/p>\n\n\n\n<p><strong>2. Quelle est l'ampleur de la planification des bassins de r\u00e9tention de sel et de fret?<\/strong><\/p>\n\n\n\n<p><strong><em>HRB Bad Soden\/Salz<\/em><\/strong><\/p>\n\n\n\n<p>Conform\u00e9ment \u00e0 la d\u00e9cision de l'assembl\u00e9e de l'association du 2 mai 2013, le bassin de r\u00e9tention des crues de Bad Soden\/Salz est la plus haute priorit\u00e9.<\/p>\n\n\n\n<p>Lors d\u2019une assembl\u00e9e citoyenne \u00e0 Bad Soden-Salm\u00fcnster le 7 mars 2017, le minist\u00e8re de l\u2019environnement, de la protection du climat, de l\u2019agriculture et de la protection des consommateurs de Hesse (HMUKLV) a approuv\u00e9 un programme de mesure distinct visant \u00e0 d\u00e9montrer la stabilit\u00e9 du glissement de pente s\u00e9culaire, \u00e9tant donn\u00e9 que les autorit\u00e9s d\u2019autorisation et les autorit\u00e9s sp\u00e9cialis\u00e9es du Land ont remis en question la capacit\u00e9 d\u2019autorisation \u00e0 cet \u00e9gard depuis l\u2019ach\u00e8vement de la planification pr\u00e9liminaire en 2013. L'assembl\u00e9e g\u00e9n\u00e9rale de l'association a d\u00e9cid\u00e9 le 29 mars 2017 de mettre \u00e0 disposition les moyens financiers. Conform\u00e9ment \u00e0 la d\u00e9cision des organes de l'association, les travaux de planification se sont poursuivis. Les phases de prestations 3 et 4 (planification de la conception et de l'approbation) ont \u00e9t\u00e9 command\u00e9es sous r\u00e9serve de l'approbation du plan. Les cahiers des charges de la conception des structures et de l'\u00e9quipement technique ont depuis \u00e9t\u00e9 \u00e9labor\u00e9s. Les services de planification environnementale ont d\u00e9marr\u00e9 comme pr\u00e9vu et l'\u00e9tendue de la cartographie a \u00e9t\u00e9 coordonn\u00e9e avec le RPU. Un document de cadrage est soumis \u00e0 l\u2019examen de la pr\u00e9sidence du gouvernement, section IV \u2013 Sant\u00e9 et s\u00e9curit\u00e9 au travail et environnement de Francfort (RPU).<\/p>\n\n\n\n<p>La date souhait\u00e9e par le Wasserverband Kinzig (WVK) et le bureau d\u2019\u00e9tudes charg\u00e9 des \u00e9tudes susmentionn\u00e9es pour traiter le probl\u00e8me des glissements de terrain, qui est essentiel pour la poursuite de la planification et pour la planification environnementale en particulier, a eu lieu le 4 avril 2019 avec l\u2019autorit\u00e9 de d\u00e9livrance des autorisations (RP Darmstadt) et l\u2019autorit\u00e9 comp\u00e9tente du Land (HLNUG). Les mesures et les \u00e9valuations se poursuivront jusqu\u2019\u00e0 la fin de 2021. Une d\u00e9cision positive du PC et du HLNUG est toujours attendue.<\/p>\n\n\n\n<p><strong>\u00c9tendue et d\u00e9roulement de l'\u00e9tude:<\/strong><\/p>\n\n\n\n<p>En accord avec les autorit\u00e9s sp\u00e9cialis\u00e9es, des forages ont \u00e9t\u00e9 r\u00e9alis\u00e9s pour trois mesures d'inclinom\u00e8tres et trois stations de mesure des eaux souterraines. En outre, un programme de surveillance g\u00e9od\u00e9sique de 30 points de mesure est inclus.<\/p>\n\n\n\n<p>Les mesures de l'inclinom\u00e8tre sont effectu\u00e9es tous les trimestres, les points de mesure des eaux souterraines tous les mois et les points de mesure g\u00e9od\u00e9siques tous les six mois. Le projet comprend \u00e9galement des essais en laboratoire et la synth\u00e8se de tous les r\u00e9sultats dans un rapport.<\/p>\n\n\n\n<p>Les travaux de mensuration et de forage pr\u00e9c\u00e9dents ont \u00e9t\u00e9 effectu\u00e9s entre f\u00e9vrier et ao\u00fbt 2018. En plus des forages planifi\u00e9s \u00e0 l'avance, un forage suppl\u00e9mentaire pour un point de mesure des eaux souterraines a d\u00fb \u00eatre r\u00e9alis\u00e9 sur recommandation du HLNUG.<\/p>\n\n\n\n<p>L'\u00e9valuation des r\u00e9sultats de mesure montre qu'un mouvement de pente n'est pas perceptible depuis le d\u00e9but des mesures. Les enqu\u00eates programm\u00e9es qui se sont poursuivies en 2020 ont confirm\u00e9 les r\u00e9sultats identifi\u00e9s jusqu\u2019alors. Les mouvements de pente ne sont pas d\u00e9tectables du point de vue du contr\u00f4leur de projet.<\/p>\n\n\n\n<p>Le HLNUG a interpr\u00e9t\u00e9 les mouvements comme des d\u00e9formations de fluage et a propos\u00e9 par la suite un raccourcissement de l'intervalle de mesure des mesures des eaux souterraines et des inclinom\u00e8tres apr\u00e8s des pr\u00e9cipitations fortes et permanentes (y compris la fonte des neiges) par des enregistreurs de donn\u00e9es, ainsi que la saisie des donn\u00e9es de pr\u00e9cipitations directement dans la zone d'\u00e9tude (par exemple au moyen d'une station m\u00e9t\u00e9orologique).<\/p>\n\n\n\n<p>Par cons\u00e9quent, le bureau sp\u00e9cialis\u00e9 a recommand\u00e9, sur la base des informations d\u00e9j\u00e0 disponibles et des calculs de stabilit\u00e9, de planifier d'\u00e9ventuelles mesures de s\u00e9curit\u00e9 techniques et de les installer avec la mise en service du bassin. En outre, un plan d\u2019alerte et d\u2019alerte devrait \u00eatre \u00e9tabli, qui contiendrait ces mesures de s\u00e9curisation des pentes en tant que \u00abplan B\u00bb. La d\u00e9finition n\u00e9cessaire de crit\u00e8res pour le calcul de la stabilit\u00e9 a \u00e9t\u00e9 effectu\u00e9e en concertation avec le HLNUG au cours du premier trimestre 2020. Les r\u00e9sultats des calculs ont \u00e9t\u00e9 pr\u00e9sent\u00e9s en octobre 2020. Au cours de l\u2019ann\u00e9e 2020, les points de vue divergents du HLNUG ont de nouveau \u00e9t\u00e9 communiqu\u00e9s. Contrairement aux g\u00e9ologues et g\u00e9otechniciens du bureau sp\u00e9cialis\u00e9, l'op\u00e9rateur responsable du HLNUG per\u00e7oit toujours un risque de glissement de la pente. Un rendez-vous avec le HLNUG \u00e9tait pr\u00e9vu au quatri\u00e8me trimestre 2020 afin de discuter des pr\u00e9occupations du HLNUG final et de trouver une solution technique et \u00e9conomique. Ce rendez-vous n\u2019a pas eu lieu en raison de la pand\u00e9mie.<\/p>\n\n\n\n<p>\u00c0 la suite des inondations de janvier 2021, une mesure et une \u00e9valuation compl\u00e9mentaires ont \u00e9t\u00e9 effectu\u00e9es. Le dernier rapport sur l\u2019\u00e9tat des lieux, dat\u00e9 du 19 mars 2021, a mis en \u00e9vidence des d\u00e9formations de fluage tr\u00e8s lentes qui pourraient \u00eatre caus\u00e9es par les inondations. Du point de vue de l'expert, un mouvement de glissement actif n'est toujours pas perceptible. Une r\u00e9alisation du HRB serait possible lors de la mise en place d'un drainage de d\u00e9charge de la pente au moyen de foss\u00e9s de drainage en liaison avec la poursuite de l'observation.<\/p>\n\n\n\n<p>Selon une premi\u00e8re estimation, les co\u00fbts bruts des mesures de s\u00e9curisation des pentes (plan B) s'\u00e9l\u00e8vent, selon la variante de s\u00e9curisation, \u00e0 1,2 \u00e0 4,8 millions d'euros. Alternativement, une carte HLNUG est disponible pour d'autres emplacements sur le sel.<\/p>\n\n\n\n<p>L'association de l'eau de Kinzig vise une consultation finale \u00e0 ce sujet au plus tard pour le quatri\u00e8me trimestre 2021. Celle-ci devrait \u00eatre utilis\u00e9e en perspective pour prendre une d\u00e9cision finale sur le suivi g\u00e9n\u00e9ral du projet.<\/p>\n\n\n\n<p>La planification ult\u00e9rieure des bureaux mandat\u00e9s a donc d'abord \u00e9t\u00e9 interrompue d'un commun accord. Cela n'entra\u00eene pas de co\u00fbts suppl\u00e9mentaires pour l'association des eaux de Kinzig. \u00c0 la suite d'une d\u00e9cision finale de l'autorit\u00e9 de surveillance technique PC, ceux-ci peuvent \u00eatre repris.<\/p>\n\n\n\n<p><strong><em>HRB Weilers\/Bracht<\/em><\/strong><\/p>\n\n\n\n<p>Conform\u00e9ment \u00e0 une d\u00e9cision de l'assembl\u00e9e de l'association du 2 mai 2013, le bassin de r\u00e9tention des crues de Weilers\/Bracht est la deuxi\u00e8me priorit\u00e9 apr\u00e8s le bassin de r\u00e9tention des crues de Bad Soden\/Salz.<\/p>\n\n\n\n<p>La mise en \u0153uvre des services de planification de ce bassin de r\u00e9tention des inondations a d\u00e9but\u00e9 en ao\u00fbt 2015. Les quatre r\u00e9unions de construction qui ont suivi le lancement du projet et un rendez-vous avec les autorit\u00e9s ont permis de pr\u00e9senter et d'expliquer les progr\u00e8s de la planification. En septembre 2016, le rapport final sur les r\u00e9sultats de la planification pr\u00e9liminaire a \u00e9t\u00e9 remis au bureau gouvernemental de la division IV \u2013 Sant\u00e9 et s\u00e9curit\u00e9 au travail et environnement de Francfort (RPU). Selon l\u2019Autorit\u00e9, l\u2019examen des r\u00e9sultats de l\u2019enqu\u00eate devrait \u00eatre achev\u00e9 en d\u00e9cembre 2016. Le 22 mars 2017, le RPU a envoy\u00e9 les observations au Comit\u00e9 \u00e9conomique et social par courrier \u00e9lectronique. Aucun motif d'exclusion emp\u00eachant la poursuite de la planification n'a \u00e9t\u00e9 identifi\u00e9.<\/p>\n\n\n\n<p>\u00c0 la suite de la r\u00e9union du 8 septembre 2017 au RPU, il a \u00e9galement \u00e9t\u00e9 constat\u00e9 que Eaux souterraines \/ zone de protection de l'eau \/ production d'eau potable il n'y a pas de motifs d'exclusion sur le site.<\/p>\n\n\n\n<p>En d\u00e9cembre 2018, apr\u00e8s un appel d'offres conforme \u00e0 la loi, d'autres prestations de gestion de projet ont pu \u00eatre mandat\u00e9es. L\u2019appel d\u2019offres pour les services d\u2019ing\u00e9nierie a \u00e9t\u00e9 divis\u00e9 en lots 1 \u00abPlanification d\u2019objets\u00bb, 2 \u00abPlanification de structures\u00bb, 3 \u00ab\u00c9quipement technique\u00bb et 4 \u00abPrestations de planification environnementale\u00bb et, sur cette base, a \u00e9t\u00e9 attribu\u00e9 en d\u00e9cembre 2019. Celui pour le 8. En raison des restrictions impos\u00e9es par la pand\u00e9mie de COVID-19, la date pr\u00e9vue pour le cadrage \u00e0 la Maison des citoyens de W\u00e4chtersbach en d\u00e9cembre 2020 a d\u00fb \u00eatre annul\u00e9e.<\/p>\n\n\n\n<p>Le RPU de Francfort a alors men\u00e9 une proc\u00e9dure \u00e9crite en deux \u00e9tapes. Apr\u00e8s l'envoi des documents par le RPU aux autorit\u00e9s, la premi\u00e8re \u00e9tape s'est d\u00e9roul\u00e9e avec un d\u00e9lai expirant le 4. d\u00e9cembre 2020, la possibilit\u00e9 pour les autorit\u00e9s de formuler des questions sur le document de cadrage. Apr\u00e8s leur r\u00e9ponse par le Comit\u00e9 \u00e9conomique et social, les observations \u00e9crites ont \u00e9t\u00e9 re\u00e7ues, \u00e9valu\u00e9es par les gestionnaires de projets et leur prise en compte a \u00e9t\u00e9 convenue avec les contractants pour la suite de la planification.<\/p>\n\n\n\n<p>Les questions encore en suspens concernant l\u2019\u00e9tendue et la d\u00e9limitation de la contribution technique \u00e0 la directive-cadre sur l\u2019eau, les effets et les mesures de compensation en ce qui concerne la zone de protection de l\u2019eau potable de Neuenschmidten S\u00fcd, ainsi que le concept de gestion du HRB \u2013 en particulier la fonction et la gestion du niveau existant de Bracht \u2013 doivent encore \u00eatre coordonn\u00e9es avec le PC de Darmstadt en octobre 2021.<\/p>\n\n\n\n<p>Les autres planifications sp\u00e9cialis\u00e9es se d\u00e9roulent dans les d\u00e9lais et se situent dans le cadre des co\u00fbts suppos\u00e9s. Il est pr\u00e9vu de soumettre les documents d\u2019autorisation dans leur int\u00e9gralit\u00e9 d\u2019ici \u00e0 la fin de 2021, afin que la proc\u00e9dure d\u2019autorisation puisse d\u00e9marrer en 2022.<\/p>\n\n\n\n<p><strong>&nbsp; &nbsp; &nbsp; &nbsp; &nbsp; &nbsp; &nbsp; &nbsp; A. Quand faut-il s'attendre \u00e0 ce qu'il soit achev\u00e9?<\/strong><\/p>\n\n\n\n<p><strong><em>HRB Bad Soden\/sel:<\/em><\/strong>&nbsp;L'ach\u00e8vement ne peut avoir lieu qu'apr\u00e8s une d\u00e9cision positive du PC sur le glissement de terrain. Par cons\u00e9quent, un rendez-vous n'est pas d\u00e9ductible du point de vue d'aujourd'hui.<\/p>\n\n\n\n<p><strong><em>HRB Weilers\/Bracht<\/em><\/strong><strong>:<\/strong>&nbsp;La demande d\u2019approbation des plans est pr\u00e9vue pour novembre 2021. Du point de vue actuel, la mise en \u0153uvre structurelle se d\u00e9roulera entre 2024 et 2026.<\/p>\n\n\n\n<p><strong>&nbsp; &nbsp; &nbsp; &nbsp; &nbsp; &nbsp; &nbsp; &nbsp; b. Quels travaux doivent encore \u00eatre achev\u00e9s jusqu\u2019\u00e0 leur ach\u00e8vement?<\/strong><\/p>\n\n\n\n<p><strong><em>HRB Bad Soden\/Salz<\/em><\/strong><strong>:<\/strong>&nbsp;L'admissibilit\u00e9 doit \u00eatre garantie par une d\u00e9cision positive de l'autorit\u00e9 sur le th\u00e8me des glissements de terrain. La d\u00e9cision devrait \u00eatre prise au cours du quatri\u00e8me trimestre de 2021.<\/p>\n\n\n\n<p><strong><em>HRB Weilers\/Bracht<\/em><\/strong><strong>:<\/strong>&nbsp;D\u00e9p\u00f4t de la demande d\u2019approbation des plans jusqu\u2019\u00e0 la fin novembre 2021 et, par la suite, en fonction des \u00e9tapes ult\u00e9rieures de la planification jusqu\u2019\u00e0 la mise en \u0153uvre.<\/p>\n\n\n\n<p><strong>&nbsp;&nbsp;&nbsp;&nbsp;&nbsp;&nbsp;&nbsp;&nbsp;&nbsp;&nbsp;&nbsp;&nbsp;&nbsp;&nbsp;&nbsp;&nbsp;c. Quand le cercle s'attend-il \u00e0 l'ach\u00e8vement?<\/strong><\/p>\n\n\n\n<p>Voir la r\u00e9ponse aux points a) et b) ci-dessus.<\/p>\n\n\n\n<p><strong>3. Lors des inondations catastrophiques d'Ahrweiler, les syst\u00e8mes d'alerte et de d\u00e9tection des inondations ont atteint leurs limites. Est-il pr\u00e9vu de les \u00e9tendre, de les moderniser et\/ou d'augmenter les niveaux pouvant \u00eatre affich\u00e9s?<\/strong><\/p>\n\n\n\n<p>La responsabilit\u00e9 en la mati\u00e8re incombe \u00e0 l'Office de la protection de la nature, de l'environnement et de la g\u00e9ologie du Land de Hesse.<\/p>\n\n\n\n<p><strong>4. Quelle cha\u00eene de d\u00e9claration existe-t-il en cas d'inondations particuli\u00e8res dans le Main-Kinzig-Kreis?<\/strong><\/p>\n\n\n\n<p>Pour le Main, le Nidder et le Kinzig (avec affluents), il existe des r\u00e8glements centraux de service des inondations. L'autorit\u00e9 sup\u00e9rieure de l'eau pr\u00e8s le Regierungspr\u00e4sidium Darmstadt, abb\u00e9 de la s\u00e9curit\u00e9 au travail et de l'environnement de Francfort, \u00e9value la situation de danger sur la base des pr\u00e9visions m\u00e9t\u00e9orologiques du service m\u00e9t\u00e9orologique allemand, des rapports de niveau et des communications des stations d'enregistrement des pr\u00e9cipitations. En ce qui concerne Main et Nidder, le d\u00e9partement de la protection des eaux et des sols de l\u2019Office 70 \u2013 comme les municipalit\u00e9s, les chemins de fer, les mairies, le centre de s\u00fbret\u00e9, les pressoirs de district \u2013 est un destinataire final. Dans le cas de la Kinzig, la transmission s'effectue g\u00e9n\u00e9ralement par fax ou par t\u00e9l\u00e9phone en dehors des heures de service habituelles, par l'interm\u00e9diaire de la division Protection de l'eau et des sols de l'Office 70. Dans le cours sup\u00e9rieur de la Kinzig (au-dessus du barrage), le d\u00e9partement fournit de mani\u00e8re autonome des informations aux destinataires concern\u00e9s lorsque certaines quantit\u00e9s de pr\u00e9cipitations sont atteintes. En outre, les alertes d'inondation sont disponibles sur Internet.<\/p>\n\n\n\n<p><strong>5. Apr\u00e8s les inondations d'Ahrweiler, le district a-t-il d\u00e9cid\u00e9 d'autres mesures de protection contre les inondations?<\/strong><\/p>\n\n\n\n<p><strong>&nbsp;&nbsp;&nbsp;&nbsp;&nbsp;&nbsp;&nbsp;&nbsp;&nbsp;&nbsp;&nbsp;&nbsp;&nbsp;&nbsp;&nbsp;&nbsp;a. Dans l\u2019affirmative, quelles mesures ont \u00e9t\u00e9 adopt\u00e9es?<\/strong><\/p>\n\n\n\n<p>Non, non. Si des besoins d'adaptation sont constat\u00e9s de la part de l'inspection sp\u00e9cialis\u00e9e, les plans peuvent \u00eatre adapt\u00e9s en cons\u00e9quence par l'association des eaux et\/ou les communes.&nbsp;&nbsp;<\/p>\n\n\n\n<p><strong>6. Dans le district Main-Kinzig, il y a des ouvrages de protection \u00e0 Biebergem\u00fcnd, Bruchk\u00f6bel, Gelnhausen et Hanau.<\/strong><\/p>\n\n\n\n<p><strong>&nbsp;&nbsp;&nbsp;&nbsp;&nbsp;&nbsp;&nbsp;&nbsp;&nbsp;&nbsp;&nbsp;&nbsp;&nbsp;&nbsp;&nbsp;&nbsp;a. En cas d\u2019inondations extr\u00eames, sont-elles suffisamment prot\u00e9g\u00e9es par d\u2019\u00e9normes quantit\u00e9s de pluie en peu de temps, au-del\u00e0 du HQ100?<\/strong><\/p>\n\n\n\n<p><strong>&nbsp;&nbsp;&nbsp;&nbsp;&nbsp;&nbsp;&nbsp;&nbsp;&nbsp;&nbsp;&nbsp;&nbsp;&nbsp;&nbsp;&nbsp;&nbsp;&nbsp;&nbsp;&nbsp;&nbsp;&nbsp;&nbsp;&nbsp;&nbsp;&nbsp;&nbsp;&nbsp;&nbsp;&nbsp;&nbsp;&nbsp;i. Dans la n\u00e9gative, est-il pr\u00e9vu d\u2019agrandir ces ouvrages de protection?<\/strong><\/p>\n\n\n\n<p>La protection contre les inondations incombe aux villes et aux communes. Un examen des planifications actuelles, par exemple dans le contexte de certains \u00e9v\u00e9nements statistiques tels qu'un QG extr\u00eame, est discut\u00e9 avec la supervision technique. Si des besoins d'adaptation sont constat\u00e9s de la part de l'inspection sp\u00e9cialis\u00e9e, les plans peuvent \u00eatre adapt\u00e9s en cons\u00e9quence par l'association des eaux et\/ou les communes.<\/p>\n\n\n\n<p><strong>7. Depuis 2006, l\u2019association des eaux de Kinzig met en \u0153uvre le projet pilote national \u00abProtection contre les inondations li\u00e9es aux eaux de Kinzig\u00bb.<\/strong><\/p>\n\n\n\n<p><strong>&nbsp;&nbsp;&nbsp;&nbsp;&nbsp;&nbsp;&nbsp;&nbsp;&nbsp;&nbsp;&nbsp;&nbsp;&nbsp;&nbsp;&nbsp;&nbsp;a. Quelles mesures ont \u00e9t\u00e9 mises en \u0153uvre depuis lors?<\/strong><\/p>\n\n\n\n<p>En plus de la planification des bassins de r\u00e9tention des crues de Bad Soden\/Salz et de Weilers\/Bracht, l'association des eaux de Kinzig poursuit \u00e9galement la planification du bassin de r\u00e9tention des crues d'Erlensee\/Fallbach. L\u2019\u00e9tude de faisabilit\u00e9 avec exploration g\u00e9otechnique du site privil\u00e9gi\u00e9 devrait \u00eatre disponible \u00e0 la fin du mois d\u2019octobre 2021.<\/p>\n\n\n\n<p><strong>b. Quelles mesures sont actuellement mises en \u0153uvre ou seront mises en \u0153uvre \u00e0 l\u2019avenir?<\/strong><\/p>\n\n\n\n<p><strong>HRB Bad Soden\/sel:<\/strong>&nbsp;L'ouverture de la proc\u00e9dure d'approbation des plans est possible \u00e0 court terme, sous r\u00e9serve de l'accord de l'autorit\u00e9 de surveillance pour la poursuite des mesures pr\u00e9vues en mati\u00e8re de s\u00e9curisation des pentes.<\/p>\n\n\n\n<p><strong>HRB Weilers\/Bracht:&nbsp;<\/strong>La demande d\u2019approbation du plan est pr\u00e9vue pour novembre 2021.<\/p>\n\n\n\n<p><strong>HRB Erlensee\/Fallbach:<\/strong>&nbsp;L\u2019\u00e9tude de faisabilit\u00e9 avec exploration g\u00e9otechnique du site privil\u00e9gi\u00e9 est disponible vers la fin du mois d\u2019octobre 2021.<\/p>\n\n\n\n<p><strong>8. Moyennant une taxe de protection, les communes peuvent d\u00e9poser une demande aupr\u00e8s de l'Office de la protection de la nature, de l'environnement et de la g\u00e9ologie du Land de Hesse en vue de l'\u00e9tablissement de cartes de parcours. L'analyse des risques hydrologiques dans les communes climatiques \u00e0 100 %, Dans les autres communes de 80 %,  promu.<\/strong><\/p>\n\n\n\n<p><strong>a. Est-il pr\u00e9vu que le district soutienne les communes dans le financement, par exemple en prenant en charge la redevance de protection ou les co\u00fbts r\u00e9siduels in\u00e9ligibles?<\/strong><\/p>\n\n\n\n<p><strong>b. Combien de communes du MKK ont d\u00e9j\u00e0 d\u00e9pos\u00e9 une demande d'\u00e9tablissement de cartes de parcours ou d'analyses de risques hydrologiques?<\/strong><\/p>\n\n\n\n<p>La protection contre les inondations rel\u00e8ve de la comp\u00e9tence des communes.<\/p>\n\n\n\n<p>Pour a.) Jusqu'\u00e0 pr\u00e9sent, aucune commune n'est parvenue au cercle Main-Kinzig avec le d\u00e9sir de soutien.<\/p>\n\n\n\n<p>Sur le point b) Le cercle Main-Kinzig ne dispose d\u2019aucune information sur cette question.<\/p>\n\n\n\n<p><strong>9. Afin de pr\u00e9venir les effets des fortes pluies, il est important de maintenir les pr\u00e9cipitations dans la zone<\/strong><\/p>\n\n\n\n<p><strong>a. Quelles sont les mesures prises par le cercle Main-Kinzig pour pr\u00e9venir les ph\u00e9nom\u00e8nes d\u2019\u00e9rosion, en particulier sur les terres agricoles du district, ou pour am\u00e9liorer les fonctions des sols?<\/strong><\/p>\n\n\n\n<p>Depuis 2012, le Main-Kinzig-Kreis met en \u0153uvre avec succ\u00e8s un projet de conseil agricole pour la protection des eaux au sens de la directive-cadre sur l'eau et pour la protection des sols avec le soutien d'un bureau d'ing\u00e9nieurs. Le financement est assur\u00e9 par le Land de Hesse sur la base de contrats avec le Kreis, qui sont d\u00e9cid\u00e9s par le comit\u00e9 du Kreis. Ce projet comprend, entre autres, des conseils en mati\u00e8re d'\u00e9rosion \u00e0 la fois au niveau de l'exploitation pour les terres hautement prioritaires et au niveau du groupe et de l'exploitation pour la sensibilisation dans le cadre de l'exploitation agricole. Parmi les mesures de protection contre l'\u00e9rosion exemplaires, conseill\u00e9es et mises en \u0153uvre par les entreprises, on peut citer: \u00c9valuation de la gestion actuelle des exploitations avec des propositions d'optimisation, \u00e9tudes du sol, mise en \u00e9vidence de la n\u00e9cessit\u00e9 d'agir, traitement transversal de la pente, mise en place de cultures d\u00e9rob\u00e9es \u00e9galement comme base pour un semis de paillis avec un travail du sol r\u00e9duit, installation de bandes anti-\u00e9rosion, participation \u00e0 des mesures de soutien li\u00e9es \u00e0 l'\u00e9rosion, visites th\u00e9matiques sur le terrain, ateliers.<\/p>\n\n\n\n<p>La protection contre l'\u00e9rosion signifie \u00e9galement la protection des sols. Les mesures pr\u00e9sent\u00e9es \u00e0 titre d'exemple pr\u00e9servent et, en fin de compte, am\u00e9liorent les fonctions du sol. C'est pr\u00e9cis\u00e9ment le conseil sur une organisation r\u00e9fl\u00e9chie de la rotation des cultures impliquant des cultures d\u00e9rob\u00e9es ou des sous-semences, sur un travail du sol sans labour et un processus de semis direct, sur une fertilisation utilisable par les plantes et sur une protection phytosanitaire minimis\u00e9e qui a un effet positif sur les fonctions du sol.<\/p>\n\n\n\n<p>En outre, l'Office de l'environnement, de la protection de la nature et des zones rurales repr\u00e9sente avec ses d\u00e9partements th\u00e9matiques, entre autres, les int\u00e9r\u00eats de la protection des sols dans les nombreuses proc\u00e9dures de planification et d'autorisation.<\/p>\n\n\n\n<p>La protection pr\u00e9ventive des sols en dehors des mesures relevant de la comp\u00e9tence du MKK (par exemple, les proc\u00e9dures de demande de permis de construire) rel\u00e8ve de l\u2019autorit\u00e9 sup\u00e9rieure de protection des sols du Regierungspr\u00e4sidium Darmstadt, abb\u00e9 de la s\u00e9curit\u00e9 au travail et de l\u2019environnement de Francfort.<\/p>\n\n\n\n<p><strong>b. sur quelles eaux du district des mesures de renaturation sont-elles pr\u00e9vues ou ont-elles \u00e9t\u00e9 mises en \u0153uvre au cours des dix derni\u00e8res ann\u00e9es afin de cr\u00e9er des surfaces inondables cibl\u00e9es?<\/strong><\/p>\n\n\n\n<p>Pratiquement toute am\u00e9lioration de la structure des cours d'eau dans le sens d'un \u00e9tat proche de la nature sert au moins indirectement \u00e0 la protection contre les crues, par exemple en prolongeant les temps d'\u00e9coulement. Dans l\u2019arrondissement de Main-Kinzig, 41 mesures de renaturation, 14 mesures au titre de la directive-cadre sur l\u2019eau (par exemple, l\u2019\u00e9limination des ouvrages transversaux) et 6 bassins de r\u00e9tention des crues ont \u00e9t\u00e9 autoris\u00e9s au cours de la derni\u00e8re d\u00e9cennie. Ne sont pas inclus les bassins de r\u00e9tention dans les zones \u00e0 b\u00e2tir ou sur les routes, qui ne sont pas destin\u00e9s \u00e0 amortir les inondations, mais les fortes pluies. Les mesures sont r\u00e9parties sur la r\u00e9gion du district de Braubach \u00e0 l'ouest jusqu'au Kinzigoberlauf \u00e0 l'est.<\/p>","protected":false},"excerpt":{"rendered":"<p>Objet de la question: Au d\u00e9but de l'ann\u00e9e, certaines parties du cercle, par exemple \u00e0 Nidderau, ont \u00e9t\u00e9 inond\u00e9es. Les inondations de juillet en Rh\u00e9nanie-Palatinat et en Rh\u00e9nanie-du-Nord-Westphalie ont fait plus de 180 morts. Il est [...]<\/p>","protected":false},"author":-1,"featured_media":0,"comment_status":"open","ping_status":"open","sticky":false,"template":"","format":"standard","meta":{"footnotes":""},"categories":[9],"tags":[],"class_list":["post-505","post","type-post","status-publish","format-standard","hentry","category-antraege-und-anfragen"],"_links":{"self":[{"href":"https:\/\/www.gruene-mkk.de\/fr\/wp-json\/wp\/v2\/posts\/505","targetHints":{"allow":["GET"]}}],"collection":[{"href":"https:\/\/www.gruene-mkk.de\/fr\/wp-json\/wp\/v2\/posts"}],"about":[{"href":"https:\/\/www.gruene-mkk.de\/fr\/wp-json\/wp\/v2\/types\/post"}],"author":[{"embeddable":true,"href":"https:\/\/www.gruene-mkk.de\/fr\/wp-json\/wp\/v2\/users\/2"}],"replies":[{"embeddable":true,"href":"https:\/\/www.gruene-mkk.de\/fr\/wp-json\/wp\/v2\/comments?post=505"}],"version-history":[{"count":1,"href":"https:\/\/www.gruene-mkk.de\/fr\/wp-json\/wp\/v2\/posts\/505\/revisions"}],"predecessor-version":[{"id":507,"href":"https:\/\/www.gruene-mkk.de\/fr\/wp-json\/wp\/v2\/posts\/505\/revisions\/507"}],"wp:attachment":[{"href":"https:\/\/www.gruene-mkk.de\/fr\/wp-json\/wp\/v2\/media?parent=505"}],"wp:term":[{"taxonomy":"category","embeddable":true,"href":"https:\/\/www.gruene-mkk.de\/fr\/wp-json\/wp\/v2\/categories?post=505"},{"taxonomy":"post_tag","embeddable":true,"href":"https:\/\/www.gruene-mkk.de\/fr\/wp-json\/wp\/v2\/tags?post=505"}],"curies":[{"name":"wp","href":"https:\/\/api.w.org\/{rel}","templated":true}]}}