{"id":501,"date":"2021-08-20T13:53:00","date_gmt":"2021-08-20T11:53:00","guid":{"rendered":"https:\/\/www.alles-bleibt-anders.org\/?p=501"},"modified":"2021-11-24T13:55:26","modified_gmt":"2021-11-24T12:55:26","slug":"anfrage-zum-plastikverbrauch-der-verwaltung","status":"publish","type":"post","link":"https:\/\/www.gruene-mkk.de\/fr\/anfrage-zum-plastikverbrauch-der-verwaltung\/","title":{"rendered":"Question sur la consommation de plastique de l'administration"},"content":{"rendered":"<p><strong>Objet de la question:<\/strong><\/p>\n\n\n\n<p>Le 31.08.2018, le conseil du district a d\u00e9cid\u00e9 de renoncer aux produits en plastique \u00e0 usage unique \u00e9vitables dans les b\u00e2timents du district, dans les entreprises du district et lors de manifestations.<\/p>\n\n\n\n<p><strong>Questions :<\/strong><\/p>\n\n\n\n<p><strong>Quelles mesures ont \u00e9t\u00e9 mises en \u0153uvre depuis<\/strong><\/p>\n\n\n\n<p><strong>a)&nbsp;&nbsp;&nbsp;&nbsp;&nbsp;&nbsp;<\/strong><strong>de l'administration?<\/strong><\/p>\n\n\n\n<p><strong>R\u00e9ponse :<\/strong><br>\u2013 Les fruits et les c\u00e9r\u00e9ales ne sont propos\u00e9s que dans des verres.<\/p>\n\n\n\n<p>\u2013 Les salades et les vinaigrettes \u00abto go\u00bb sont conditionn\u00e9es dans des r\u00e9cipients compostables.<\/p>\n\n\n\n<p>\u2013 Les gobelets \u00e0 caf\u00e9 sont \u00e9galement pr\u00e9sent\u00e9s comme des r\u00e9cipients compostables.<\/p>\n\n\n\n<p>\u2013 La cruche MKK est propos\u00e9e.<\/p>\n\n\n\n<p>\u2013 Il est possible de faire remplir ses propres tasses\/gobelets.<\/p>\n\n\n\n<p>\u2013 \u00c0 l'exception des barres de chocolat et des emballages pour petits pains, les emballages en plastique ne sont plus utilis\u00e9s.<\/p>\n\n\n\n<p><strong>b)&nbsp;&nbsp;&nbsp;&nbsp;&nbsp;&nbsp;<\/strong><strong>des entreprises du comt\u00e9?<\/strong><\/p>\n\n\n\n<p><strong>R\u00e9ponse :<\/strong><\/p>\n\n\n\n<p>Dans le cadre de la collecte d'informations, seules les entreprises du district qui pr\u00e9sentent un potentiel pertinent (par exemple par l'exploitation d'une cantine, la restauration ou la prise en charge de patients) et qui appartiennent majoritairement au cercle Main-Kinzig ont \u00e9t\u00e9 prises en compte.&nbsp;&nbsp;<\/p>\n\n\n\n<p><strong>R\u00e9ponse de aQa gGmbH<\/strong><\/p>\n\n\n\n<p>\u2013 Renonciation, dans la mesure du possible, aux portions individuelles<\/p>\n\n\n\n<p>\u2013 Les repas sont distribu\u00e9s dans des emballages jetables sans PVC moyennant un suppl\u00e9ment ou dans un syst\u00e8me de consigne r\u00e9utilisable.<\/p>\n\n\n\n<p>\u2013 La distribution de boissons froides s'effectue, dans une large mesure, dans des syst\u00e8mes r\u00e9utilisables.<\/p>\n\n\n\n<p>\u2013 Il est possible de faire remplir ses propres tasses\/gobelets.<\/p>\n\n\n\n<p><strong>R\u00e9ponse de APZ gGmbH<\/strong><\/p>\n\n\n\n<p>\u2013 Seules les tasses\/verres propres sont remplis. (toutes les boissons chaudes et froides)<\/p>\n\n\n\n<p>\u2013 \u00c9viter les petits contenants lors de l\u2019approvisionnement en nourriture des r\u00e9sidents, le passage aux grands contenants a eu lieu<\/p>\n\n\n\n<p>\u2013 Lors d\u2019\u00e9v\u00e9nements (f\u00eate d\u2019\u00e9t\u00e9, f\u00eate de No\u00ebl, sorties d\u2019entreprise, etc.), la vaisselle et les couverts r\u00e9utilisables sont presque toujours utilis\u00e9s.<\/p>\n\n\n\n<p>\u2013 Si la vaisselle est \u00e0 usage unique (cas exceptionnel), du mat\u00e9riel en bambou est disponible.<\/p>\n\n\n\n<p>\u2013 Sensibiliser le personnel au processus de commande des dispositifs \u00e0 usage unique \u00e9vitables.<\/p>\n\n\n\n<p>\u2013 Lancement du projet \u00abSauveteurs du climat\u00bb pour sensibiliser le personnel, mise en \u0153uvre d\u2019informations et de formations pour le personnel<\/p>\n\n\n\n<p>Remarque: Une grande partie des d\u00e9chets plastiques ou d\u2019emballage ne peut \u00eatre \u00e9vit\u00e9e dans le cadre des soins aux personnes \u00e2g\u00e9es, en particulier pendant la pand\u00e9mie de COVID-19, pour des raisons d\u2019hygi\u00e8ne uniquement.<\/p>\n\n\n\n<p><strong>R\u00e9ponse Propre entreprise Installations pour la jeunesse et les loisirs<\/strong><\/p>\n\n\n\n<p>\u2013 L\u2019EB JFE n\u2019utilise que de la vaisselle et des couverts r\u00e9utilisables.<\/p>\n\n\n\n<p>\u2013 Possibilit\u00e9 de remplir\/utiliser ses propres tasses\/gobelets\/pots.<\/p>\n\n\n\n<p>\u2013 Achat de grands r\u00e9cipients et r\u00e9duction ou renonciation cons\u00e9quente aux emballages en plastique \u00e0 usage unique\/\u00e0 usage unique et en portions dans le secteur de la restauration (suspendu en partie pour des raisons d\u2019hygi\u00e8ne dans le cadre de la pand\u00e9mie de COVID-19).<\/p>\n\n\n\n<p>\u2013 Achat\/vente de boissons en bouteilles r\u00e9utilisables<\/p>\n\n\n\n<p>\u2013 Sensibiliser le personnel au processus de commande des dispositifs \u00e0 usage unique \u00e9vitables.<\/p>\n\n\n\n<p>\u2013 Qualification pr\u00e9vue d\u2019un membre du personnel d\u2019EB en tant que \u00abresponsable du d\u00e9veloppement durable dans la restauration collective\u00bb; 8 modules, pour un total de 71 unit\u00e9s de formation (bien que les blocs de s\u00e9minaires aient \u00e9t\u00e9 annul\u00e9s en 2020\/2021 en raison de la pand\u00e9mie de COVID-19, ils seront rattrap\u00e9s en 2022).<\/p>\n\n\n\n<p>\u2013 Achat de grands r\u00e9cipients dans le domaine de l\u2019\u00e9conomie domestique\/technique et int\u00e9gration concomitante de syst\u00e8mes de dosage (par exemple produits de nettoyage, consommables piscine).<\/p>\n\n\n\n<p><strong>R\u00e9ponse des cliniques Main-Kinzig<\/strong><\/p>\n\n\n\n<p>\u2013 Il n'y a plus de tasses \u00e0 caf\u00e9 jetables dans les caf\u00e9t\u00e9rias.<\/p>\n\n\n\n<p>\u2013 Il est possible de faire remplir sa propre tasse de caf\u00e9.<\/p>\n\n\n\n<p>\u2013 La cruche MK doit \u00eatre utilis\u00e9e (ou le syst\u00e8me de consigne pr\u00e9vu par le cercle MK).<\/p>\n\n\n\n<p>\u2013 Les \u00e9chantillons de rappel sont conditionn\u00e9s dans des r\u00e9cipients compostables.<\/p>\n\n\n\n<p>\u2013 Confitures, p\u00e2tes \u00e0 tartiner, lait condens\u00e9, yaourts, puddings, barres chocolat\u00e9es, petits pains garnis hygi\u00e9niquement dans un emballage jetable.<\/p>\n\n\n\n<p>\u2013 Les salades de la caf\u00e9t\u00e9ria sont pr\u00e9sent\u00e9es dans des bols en verre.<\/p>\n\n\n\n<p>\u2013 Les salades destin\u00e9es aux patients sont conditionn\u00e9es dans des barquettes r\u00e9utilisables ou dans des r\u00e9cipients compostables.<\/p>\n\n\n\n<p>\u2013 Sur les stations, il y a des b\u00e2tonnets d'agitation en bois<\/p>\n\n\n\n<p>\u2013 Des vaisselles r\u00e9utilisables ou biod\u00e9gradables (feuille de palmier, etc.) sont utilis\u00e9es lors de manifestations.<\/p>\n\n\n\n<p>\u2013 Tous les bols ToGo de la caf\u00e9t\u00e9ria sont compostables<\/p>\n\n\n\n<p>Remarque: Dans le domaine des soins m\u00e9dicaux aux patients, il n'est pas possible aujourd'hui, pour des raisons d'hygi\u00e8ne, de renoncer aux emballages \u00e0 usage unique. Celles-ci sont, dans la mesure du possible, r\u00e9utilis\u00e9es. En partie, cependant, ceux-ci doivent, dans le cadre des d\u00e9chets hospitaliers, \u00eatre soumis \u00e0 une valorisation thermique.<\/p>\n\n\n\n<p><strong>R\u00e9ponse de Kreiswerke Main-Kinzig GmbH<\/strong><\/p>\n\n\n\n<p>\u2013 Utilisation exclusive de vaisselle r\u00e9utilisable<\/p>\n\n\n\n<p>\u2013 Canettes \u00e0 sucre au lieu de b\u00e2tonnets de sucre emball\u00e9s<\/p>\n\n\n\n<p>\u2013 Ce ne sont plus des bo\u00eetes de lait individuelles, mais des bidons \u00e0 lait<\/p>\n\n\n\n<p>\u2013 Sacs en jute naturel au lieu de sacs en plastique<\/p>\n\n\n\n<p>\u2013 Plus de biscuits emball\u00e9s, etc., dans les restaurants<\/p>\n\n\n\n<p>\u2013 L\u2019emballage en plastique de Post-IT est pass\u00e9 \u00e0 l\u2019emballage en papier naturel<\/p>\n\n\n\n<p><strong>c)&nbsp;&nbsp;&nbsp;&nbsp;&nbsp;&nbsp;&nbsp;<\/strong><strong>lors d'\u00e9v\u00e9nements?<\/strong><\/p>\n\n\n\n<p><strong>R\u00e9ponse :<\/strong><\/p>\n\n\n\n<p>Des plats r\u00e9utilisables sont utilis\u00e9s.<\/p>\n\n\n\n<p><strong>Combien de kilos de d\u00e9chets plastiques l'administration du district produit-elle?<\/strong><\/p>\n\n\n\n<p><strong>R\u00e9ponse :<\/strong><\/p>\n\n\n\n<p>\u00c9tant donn\u00e9 que les d\u00e9chets plastiques ne sont pas pes\u00e9s, il n'est pas possible d'indiquer leur poids.<\/p>\n\n\n\n<p>Sur les sites administratifs, 17 conteneurs d'une capacit\u00e9 de 1,1 m3 chacun sont vid\u00e9s chaque mois.<\/p>\n\n\n\n<p><strong>D\u2019autres mesures sont-elles pr\u00e9vues pour \u00e9viter les produits en plastique \u00e0 usage unique?<\/strong><\/p>\n\n\n\n<p><strong>R\u00e9ponse :<\/strong><\/p>\n\n\n\n<p>Aucune autre action n\u2019est pr\u00e9vue \u00e0 l\u2019heure actuelle.<\/p>\n\n\n\n<p><strong>Existe-t-il des formations pour le personnel sur la mani\u00e8re de rendre un lieu de travail \u00e9cologique gr\u00e2ce \u00e0 des mesures de protection du climat et de l\u2019environnement?<\/strong><\/p>\n\n\n\n<p><strong>R\u00e9ponse :<\/strong><\/p>\n\n\n\n<p>Non, non.<\/p>","protected":false},"excerpt":{"rendered":"<p>Objet de la question: Le 31.08.2018, le conseil du district a d\u00e9cid\u00e9 de renoncer aux produits en plastique \u00e0 usage unique \u00e9vitables dans les b\u00e2timents du district, dans les entreprises du district et lors de manifestations. Questions : Quelles mesures ont \u00e9t\u00e9 prises depuis [...]<\/p>","protected":false},"author":-1,"featured_media":0,"comment_status":"open","ping_status":"open","sticky":false,"template":"","format":"standard","meta":{"footnotes":""},"categories":[9],"tags":[],"class_list":["post-501","post","type-post","status-publish","format-standard","hentry","category-antraege-und-anfragen"],"_links":{"self":[{"href":"https:\/\/www.gruene-mkk.de\/fr\/wp-json\/wp\/v2\/posts\/501","targetHints":{"allow":["GET"]}}],"collection":[{"href":"https:\/\/www.gruene-mkk.de\/fr\/wp-json\/wp\/v2\/posts"}],"about":[{"href":"https:\/\/www.gruene-mkk.de\/fr\/wp-json\/wp\/v2\/types\/post"}],"author":[{"embeddable":true,"href":"https:\/\/www.gruene-mkk.de\/fr\/wp-json\/wp\/v2\/users\/2"}],"replies":[{"embeddable":true,"href":"https:\/\/www.gruene-mkk.de\/fr\/wp-json\/wp\/v2\/comments?post=501"}],"version-history":[{"count":1,"href":"https:\/\/www.gruene-mkk.de\/fr\/wp-json\/wp\/v2\/posts\/501\/revisions"}],"predecessor-version":[{"id":502,"href":"https:\/\/www.gruene-mkk.de\/fr\/wp-json\/wp\/v2\/posts\/501\/revisions\/502"}],"wp:attachment":[{"href":"https:\/\/www.gruene-mkk.de\/fr\/wp-json\/wp\/v2\/media?parent=501"}],"wp:term":[{"taxonomy":"category","embeddable":true,"href":"https:\/\/www.gruene-mkk.de\/fr\/wp-json\/wp\/v2\/categories?post=501"},{"taxonomy":"post_tag","embeddable":true,"href":"https:\/\/www.gruene-mkk.de\/fr\/wp-json\/wp\/v2\/tags?post=501"}],"curies":[{"name":"wp","href":"https:\/\/api.w.org\/{rel}","templated":true}]}}