{"id":46,"date":"2021-06-10T10:00:00","date_gmt":"2021-06-10T08:00:00","guid":{"rendered":"https:\/\/www.alles-bleibt-anders.org\/?p=46"},"modified":"2021-11-09T14:15:04","modified_gmt":"2021-11-09T13:15:04","slug":"gruene-fraktion-waehlt-abgeordnete-in-die-fachausschuesse","status":"publish","type":"post","link":"https:\/\/www.gruene-mkk.de\/fr\/gruene-fraktion-waehlt-abgeordnete-in-die-fachausschuesse\/","title":{"rendered":"Les Verts \u00e9lisent des d\u00e9put\u00e9s au sein des commissions sp\u00e9cialis\u00e9es"},"content":{"rendered":"<p><em>D\u00e9fis majeurs de la l\u00e9gislature \/ \u00ab\u00c9clairer intens\u00e9ment les questions\u00bb<\/em><\/p>\n\n\n\n<p>\u00abGr\u00e2ce \u00e0 notre solide r\u00e9sultat \u00e9lectoral, nous pouvons pourvoir les commissions sp\u00e9cialis\u00e9es du conseil d\u2019arrondissement de deux d\u00e9put\u00e9s \u00e0 la fois\u00bb, se r\u00e9jouit Reiner Bousonville, Viola Ha\u00dfdenteufel et Jakob M\u00e4hler, membres du bureau du groupe des Verts du conseil d\u2019arrondissement: \u00abLes travaux men\u00e9s au sein des comit\u00e9s permettent d\u2019approfondir diff\u00e9rents sujets ou de se faire conseiller par des experts. Cela permettra de traiter les questions de mani\u00e8re beaucoup plus intensive et exhaustive afin d\u2019obtenir le meilleur r\u00e9sultat possible.\u00bb<\/p>\n\n\n\n<!--more-->\n\n\n\n<p>Les d\u00e9put\u00e9s de la l\u00e9gislature actuelle sont confront\u00e9s \u00e0 de nombreux d\u00e9fis: \u00abLe travail en commission deviendra tr\u00e8s important \u00e0 cet \u00e9gard, c\u2019est pourquoi nous nous r\u00e9jouissons d\u2019y \u00eatre repr\u00e9sent\u00e9s avec deux fois plus de d\u00e9put\u00e9s qu\u2019au cours de la l\u00e9gislature pr\u00e9c\u00e9dente\u00bb, a d\u00e9clar\u00e9 le bureau du groupe.<\/p>\n\n\n\n<p>Le pr\u00e9sident du groupe, Reiner Bousonville, porte-parole de la politique financi\u00e8re, ainsi que l'ancien adjoint du district, Matthias Zach, repr\u00e9senteront les Verts au sein de la commission principale et financi\u00e8re. \u00abC\u2019est l\u00e0 que se situent nos d\u00e9fis, en particulier en ce qui concerne les charges financi\u00e8res \u00e0 venir li\u00e9es \u00e0 la pand\u00e9mie de coronavirus\u00bb, a d\u00e9clar\u00e9 M. Bousonville. \u00abMais la libert\u00e9 de cercle de Hanau sera \u00e9galement un th\u00e8me important de notre travail.\u00bb<\/p>\n\n\n\n<p>\u00abDans le domaine de l\u2019\u00e9ducation, nous devons nous pr\u00e9parer \u00e0 l\u2019avenir\u00bb, d\u00e9clare Jakob M\u00e4hler, vice-pr\u00e9sident du groupe et porte-parole pour l\u2019\u00e9ducation: \u00abLe d\u00e9bat sur le plan de d\u00e9veloppement de l\u2019\u00e9cole a montr\u00e9 que les responsables politiques n\u2019ont pas encore d\u2019approche pour relever les d\u00e9fis \u00e0 venir\u00bb, a d\u00e9clar\u00e9 M. M\u00e4hler, qui si\u00e8ge avec Mahwish Iftikhar au sein de la commission de l\u2019\u00e9ducation, de la culture, du sport et des partenariats. \u00abNous continuerons d\u2019\u0153uvrer \u00e0 la mise en place d\u2019un plan de d\u00e9veloppement scolaire \u00e0 l\u2019\u00e9preuve du temps.\u00bb<\/p>\n\n\n\n<p>Au sein de la commission de l\u2019\u00e9conomie, de l\u2019\u00e9nergie, des transports, de l\u2019environnement et de l\u2019agriculture, Celine Bousonville et Rainer Vogel repr\u00e9sentent les Verts: \u00abLe th\u00e8me de l\u2019environnement sera crucial dans les ann\u00e9es \u00e0 venir\u00bb, a d\u00e9clar\u00e9 Mme Bousonville, porte-parole du groupe du district pour la politique environnementale: \u00abIl s\u2019agit ici de mettre en \u0153uvre des th\u00e8mes importants, qu\u2019il s\u2019agisse de la r\u00e9gion \u00e9co-mod\u00e8le ou de la protection constante et sans cesse croissante du climat au sein de l\u2019administration et des cercles.\u00bb<\/p>\n\n\n\n<p>\u00abC\u2019est pr\u00e9cis\u00e9ment \u00e0 l\u2019\u00e9poque de la pand\u00e9mie de COVID-19 que l\u2019importance d\u2019un bon travail dans le domaine social a \u00e9t\u00e9 d\u00e9montr\u00e9e\u00bb, a d\u00e9clar\u00e9 Viola Ha\u00dfdenteufel, vice-pr\u00e9sidente du groupe et porte-parole du groupe des Verts pour la politique sociale. Avec Mahwish Iftikhar, elle souhaite mettre l'accent sur les points suivants au sein de la commission des affaires sociales, de la famille, des personnes \u00e2g\u00e9es et de la d\u00e9mographie: \u00abCe sont des domaines qui ont \u00e9t\u00e9 durement touch\u00e9s par la pand\u00e9mie de COVID-19. Nous sommes confront\u00e9s \u00e0 des questions urgentes auxquelles il convient de r\u00e9pondre.\u00bb<\/p>\n\n\n\n<p>Questions \u00e0 l'attention de:<\/p>\n\n\n\n<p>Jakob M\u00e4hler<br>Directeur de groupe<br>Alliance 90 \/ Les Verts Main-Kinzig<\/p>\n\n\n\n<p>06181\/61596<br>0176\/46763336<\/p>\n\n\n\n<p>fraktion@gruene-mkk.de<\/p>","protected":false},"excerpt":{"rendered":"<p>\u00abGr\u00e2ce \u00e0 notre solide r\u00e9sultat \u00e9lectoral, nous pouvons pourvoir les commissions sp\u00e9cialis\u00e9es du conseil d\u2019arrondissement de deux d\u00e9put\u00e9s \u00e0 la fois\u00bb, se r\u00e9jouit le bureau du groupe des Verts du conseil d\u2019administration, [...]<\/p>","protected":false},"author":-1,"featured_media":0,"comment_status":"open","ping_status":"open","sticky":false,"template":"","format":"standard","meta":{"footnotes":""},"categories":[2],"tags":[],"class_list":["post-46","post","type-post","status-publish","format-standard","hentry","category-newskreistagsfraktion"],"_links":{"self":[{"href":"https:\/\/www.gruene-mkk.de\/fr\/wp-json\/wp\/v2\/posts\/46","targetHints":{"allow":["GET"]}}],"collection":[{"href":"https:\/\/www.gruene-mkk.de\/fr\/wp-json\/wp\/v2\/posts"}],"about":[{"href":"https:\/\/www.gruene-mkk.de\/fr\/wp-json\/wp\/v2\/types\/post"}],"author":[{"embeddable":true,"href":"https:\/\/www.gruene-mkk.de\/fr\/wp-json\/wp\/v2\/users\/2"}],"replies":[{"embeddable":true,"href":"https:\/\/www.gruene-mkk.de\/fr\/wp-json\/wp\/v2\/comments?post=46"}],"version-history":[{"count":1,"href":"https:\/\/www.gruene-mkk.de\/fr\/wp-json\/wp\/v2\/posts\/46\/revisions"}],"predecessor-version":[{"id":47,"href":"https:\/\/www.gruene-mkk.de\/fr\/wp-json\/wp\/v2\/posts\/46\/revisions\/47"}],"wp:attachment":[{"href":"https:\/\/www.gruene-mkk.de\/fr\/wp-json\/wp\/v2\/media?parent=46"}],"wp:term":[{"taxonomy":"category","embeddable":true,"href":"https:\/\/www.gruene-mkk.de\/fr\/wp-json\/wp\/v2\/categories?post=46"},{"taxonomy":"post_tag","embeddable":true,"href":"https:\/\/www.gruene-mkk.de\/fr\/wp-json\/wp\/v2\/tags?post=46"}],"curies":[{"name":"wp","href":"https:\/\/api.w.org\/{rel}","templated":true}]}}