{"id":3343,"date":"2026-03-16T13:16:38","date_gmt":"2026-03-16T12:16:38","guid":{"rendered":"https:\/\/www.gruene-mkk.de\/?p=3343"},"modified":"2026-03-16T13:17:11","modified_gmt":"2026-03-16T12:17:11","slug":"kommunalwahl-gruene-im-main-kinzig-kreis-zufrieden-starke-ergebnisse-fuer-neue-ortsverbaende-in-brachttal-und-jossgrund","status":"publish","type":"post","link":"https:\/\/www.gruene-mkk.de\/fr\/kommunalwahl-gruene-im-main-kinzig-kreis-zufrieden-starke-ergebnisse-fuer-neue-ortsverbaende-in-brachttal-und-jossgrund\/","title":{"rendered":"\u00c9lections municipales: Les VERTS satisfaits dans l\u2019arrondissement de Main-Kinzig \u2013 de bons r\u00e9sultats pour les nouvelles associations locales \u00e0 Brachttal et Jossgrund"},"content":{"rendered":"<p>Les r\u00e9sultats pr\u00e9liminaires des \u00e9lections municipales du 15 mars 2026 montrent que l\u2019Alliance 90\/Les Verts dans le district de Main-Kinzig sort des \u00e9lections avec un r\u00e9sultat solide. La performance des associations locales nouvellement cr\u00e9\u00e9es l'ann\u00e9e derni\u00e8re \u00e0 Brachttal et Jossgrund est particuli\u00e8rement r\u00e9jouissante.<\/p>\n\n\n\n<p>Les deux associations locales se sont pr\u00e9sent\u00e9es pour la premi\u00e8re fois aux \u00e9lections municipales et ont pu obtenir un r\u00e9sultat consid\u00e9rable \u00e0 partir du stand. Cela souligne l'int\u00e9r\u00eat croissant pour la politique verte, y compris dans les zones rurales, ainsi que le travail de mise en place fructueux de membres engag\u00e9s sur le terrain.<\/p>\n\n\n\n<p>\u00abLe fait que nos nouvelles associations locales de Brachttal et de Jossgrund aient pu obtenir un tel r\u00e9sultat d\u00e8s leur premi\u00e8re \u00e9lection est un signal fort\u00bb, explique Philip Schinkel, porte-parole des Verts de Main-Kinzig. \u00abDe nombreux citoyens, y compris dans les petites communes, souhaitent une politique qui conjugue protection du climat, qualit\u00e9 de vie et d\u00e9veloppement durable.\u00bb<\/p>\n\n\n\n<p>\u00abNous remercions chaleureusement tous les \u00e9lecteurs pour leur confiance\u00bb, a d\u00e9clar\u00e9 Mahwish Iftikhar, pr\u00e9sidente du groupe des Verts dans l\u2019arrondissement de Main-Kinzig. \u00abCe r\u00e9sultat nous incite \u00e0 continuer de nous engager r\u00e9solument en faveur d\u2019une protection coh\u00e9rente du climat, de communaut\u00e9s vivables et d\u2019un d\u00e9veloppement durable dans l\u2019arrondissement de Main-Kinzig. Notre objectif reste une politique qui assume la responsabilit\u00e9 environnementale tout en garantissant des chances \u00e9quitables, la participation et de bonnes conditions de vie pour tous les habitants de l\u2019arrondissement de Main-Kinzig.\u00bb<\/p>\n\n\n\n<p>Les r\u00e9sultats officiels d\u00e9finitifs du d\u00e9nombrement sont en attente. Alliance 90\/Les Verts Main-Kinzig les \u00e9valueront soigneusement et pr\u00e9pareront, avec les \u00e9lus nouvellement \u00e9lus, les prochaines \u00e9tapes du travail de politique communale des ann\u00e9es \u00e0 venir.<\/p>","protected":false},"excerpt":{"rendered":"<p>Les r\u00e9sultats pr\u00e9liminaires des \u00e9lections municipales du 15 mars 2026 montrent que l\u2019Alliance 90\/Les Verts dans le district de Main-Kinzig sort des \u00e9lections avec un r\u00e9sultat solide. Les r\u00e9sultats sont particuli\u00e8rement r\u00e9jouissants [\u2026]<\/p>","protected":false},"author":-1,"featured_media":0,"comment_status":"closed","ping_status":"open","sticky":true,"template":"","format":"standard","meta":{"footnotes":""},"categories":[1],"tags":[],"class_list":["post-3343","post","type-post","status-publish","format-standard","hentry","category-allgemein"],"_links":{"self":[{"href":"https:\/\/www.gruene-mkk.de\/fr\/wp-json\/wp\/v2\/posts\/3343","targetHints":{"allow":["GET"]}}],"collection":[{"href":"https:\/\/www.gruene-mkk.de\/fr\/wp-json\/wp\/v2\/posts"}],"about":[{"href":"https:\/\/www.gruene-mkk.de\/fr\/wp-json\/wp\/v2\/types\/post"}],"author":[{"embeddable":true,"href":"https:\/\/www.gruene-mkk.de\/fr\/wp-json\/wp\/v2\/users\/2"}],"replies":[{"embeddable":true,"href":"https:\/\/www.gruene-mkk.de\/fr\/wp-json\/wp\/v2\/comments?post=3343"}],"version-history":[{"count":1,"href":"https:\/\/www.gruene-mkk.de\/fr\/wp-json\/wp\/v2\/posts\/3343\/revisions"}],"predecessor-version":[{"id":3344,"href":"https:\/\/www.gruene-mkk.de\/fr\/wp-json\/wp\/v2\/posts\/3343\/revisions\/3344"}],"wp:attachment":[{"href":"https:\/\/www.gruene-mkk.de\/fr\/wp-json\/wp\/v2\/media?parent=3343"}],"wp:term":[{"taxonomy":"category","embeddable":true,"href":"https:\/\/www.gruene-mkk.de\/fr\/wp-json\/wp\/v2\/categories?post=3343"},{"taxonomy":"post_tag","embeddable":true,"href":"https:\/\/www.gruene-mkk.de\/fr\/wp-json\/wp\/v2\/tags?post=3343"}],"curies":[{"name":"wp","href":"https:\/\/api.w.org\/{rel}","templated":true}]}}