{"id":3338,"date":"2026-03-11T11:25:47","date_gmt":"2026-03-11T10:25:47","guid":{"rendered":"https:\/\/www.gruene-mkk.de\/?p=3338"},"modified":"2026-03-11T11:26:09","modified_gmt":"2026-03-11T10:26:09","slug":"mehr-schutz-fuer-frauen-gruene-podiumsdiskussion-mit-omid-nouripour-in-hanau","status":"publish","type":"post","link":"https:\/\/www.gruene-mkk.de\/fr\/mehr-schutz-fuer-frauen-gruene-podiumsdiskussion-mit-omid-nouripour-in-hanau\/","title":{"rendered":"Plus de protection pour les femmes \u2013 Table ronde VERTE avec Omid Nouripour \u00e0 Hanau"},"content":{"rendered":"<p>Samedi soir, le 7 mars 2026, plus de 60 personnes int\u00e9ress\u00e9es ont r\u00e9pondu \u00e0 l\u2019invitation de l\u2019Alliance 90\/Les Verts dans le district de Main-Kinzig et \u00e0 Hanau \u00e0 une table ronde intitul\u00e9e \u00abProt\u00e9ger les femmes \u2013 agir localement, penser globalement\u00bb. En collaboration avec le d\u00e9put\u00e9 du Bundestag de Hesse Omid Nouripour, le candidat au maire pour Hanau Sascha Feldes, la candidate t\u00eate de liste pour l'\u00e9lection du district de Mahwish Iftikhar ainsi que Lea Kircher et Brigitte Machnitzke du Frauenhaus W\u00e4chtersbach, les participants ont discut\u00e9 de strat\u00e9gies pour lutter efficacement contre la violence \u00e0 l'\u00e9gard des femmes et am\u00e9liorer les abris.<\/p>\n\n\n\n<p>L\u2019accent a \u00e9t\u00e9 mis sur les d\u00e9fis urgents: les obstacles bureaucratiques li\u00e9s aux transferts, aux demandes d'allocations familiales ou d'allocations citoyennes, \u00e0 l'indisponibilit\u00e9 de logements et aux s\u00e9jours souvent trop longs dans les refuges pour femmes existants. En particulier dans les zones rurales, comme W\u00e4chtersbach, le manque d'infrastructures et les transports publics limit\u00e9s compliquent l'acc\u00e8s aux possibilit\u00e9s de protection.<\/p>\n\n\n\n<p>Omid Nouripour a soulign\u00e9 que la violence \u00e0 l\u2019\u00e9gard des femmes ne devait pas \u00eatre consid\u00e9r\u00e9e comme un \u00abprobl\u00e8me de femmes\u00bb, mais comme une responsabilit\u00e9 de la soci\u00e9t\u00e9 dans son ensemble. Il a appel\u00e9 les hommes et l'ensemble de la soci\u00e9t\u00e9 \u00e0 ne pas consid\u00e9rer l'\u00e9galit\u00e9 des sexes exclusivement comme une question de femmes et a fait r\u00e9f\u00e9rence \u00e0 des exemples internationaux tels que la gr\u00e8ve des femmes en Islande.<\/p>\n\n\n\n<p>Sascha Feldes a soulign\u00e9 l'importance de l'\u00e9ducation, de la pr\u00e9vention et des interlocuteurs directs pour les foyers de femmes dans les communes afin de mieux prot\u00e9ger les femmes. Mahwish Iftikhar a soulign\u00e9 l'importance de prendre au s\u00e9rieux la protection des femmes et de mettre l'accent sur des questions mat\u00e9rielles telles que le logement et le financement s\u00fbr des foyers pour femmes.<\/p>\n\n\n\n<p>Les repr\u00e9sentantes de la Maison des femmes de W\u00e4chtersbach ont clairement indiqu\u00e9 que la violence domestique est un probl\u00e8me de soci\u00e9t\u00e9 qui touche toutes les couches de la soci\u00e9t\u00e9 et ont soulign\u00e9 que de tr\u00e8s nombreux enfants sont \u00e9galement touch\u00e9s. L\u2019\u00e9galit\u00e9 entre les femmes et les hommes doit continuer \u00e0 \u00eatre mise en \u0153uvre de mani\u00e8re coh\u00e9rente. Un foyer pour femmes enti\u00e8rement financ\u00e9 est une \u00e9tape essentielle pour assurer la protection et la s\u00e9curit\u00e9 de tous.<\/p>\n\n\n\n<p>La discussion a clairement montr\u00e9 que: Pour promouvoir l'\u00e9galit\u00e9 et la s\u00e9curit\u00e9 des femmes, la politique, la soci\u00e9t\u00e9 et l'administration doivent coop\u00e9rer, sensibiliser et supprimer les obstacles structurels. Gr\u00e2ce \u00e0 des politiques claires, un soutien structurel et une sensibilisation, les VERTS Main-Kinzig et Hanau entendent renforcer encore la protection des femmes \u2013 pour un avenir s\u00fbr pour tous sur le terrain.<\/p>","protected":false},"excerpt":{"rendered":"<p>Samedi soir, le 7 mars 2026, plus de 60 personnes int\u00e9ress\u00e9es ont r\u00e9pondu \u00e0 l\u2019invitation de l\u2019Alliance 90\/Les Verts dans le district de Main-Kinzig et \u00e0 Hanau \u00e0 une table ronde intitul\u00e9e \u00abProt\u00e9ger les femmes \u2013 [\u2026]<\/p>","protected":false},"author":-1,"featured_media":3339,"comment_status":"closed","ping_status":"open","sticky":true,"template":"","format":"standard","meta":{"footnotes":""},"categories":[1],"tags":[],"class_list":["post-3338","post","type-post","status-publish","format-standard","has-post-thumbnail","hentry","category-allgemein"],"_links":{"self":[{"href":"https:\/\/www.gruene-mkk.de\/fr\/wp-json\/wp\/v2\/posts\/3338","targetHints":{"allow":["GET"]}}],"collection":[{"href":"https:\/\/www.gruene-mkk.de\/fr\/wp-json\/wp\/v2\/posts"}],"about":[{"href":"https:\/\/www.gruene-mkk.de\/fr\/wp-json\/wp\/v2\/types\/post"}],"author":[{"embeddable":true,"href":"https:\/\/www.gruene-mkk.de\/fr\/wp-json\/wp\/v2\/users\/2"}],"replies":[{"embeddable":true,"href":"https:\/\/www.gruene-mkk.de\/fr\/wp-json\/wp\/v2\/comments?post=3338"}],"version-history":[{"count":1,"href":"https:\/\/www.gruene-mkk.de\/fr\/wp-json\/wp\/v2\/posts\/3338\/revisions"}],"predecessor-version":[{"id":3340,"href":"https:\/\/www.gruene-mkk.de\/fr\/wp-json\/wp\/v2\/posts\/3338\/revisions\/3340"}],"wp:featuredmedia":[{"embeddable":true,"href":"https:\/\/www.gruene-mkk.de\/fr\/wp-json\/wp\/v2\/media\/3339"}],"wp:attachment":[{"href":"https:\/\/www.gruene-mkk.de\/fr\/wp-json\/wp\/v2\/media?parent=3338"}],"wp:term":[{"taxonomy":"category","embeddable":true,"href":"https:\/\/www.gruene-mkk.de\/fr\/wp-json\/wp\/v2\/categories?post=3338"},{"taxonomy":"post_tag","embeddable":true,"href":"https:\/\/www.gruene-mkk.de\/fr\/wp-json\/wp\/v2\/tags?post=3338"}],"curies":[{"name":"wp","href":"https:\/\/api.w.org\/{rel}","templated":true}]}}