{"id":2726,"date":"2025-03-19T11:11:00","date_gmt":"2025-03-19T10:11:00","guid":{"rendered":"https:\/\/www.gruene-mkk.de\/?p=2726"},"modified":"2025-03-19T11:11:18","modified_gmt":"2025-03-19T10:11:18","slug":"mahwish-iftikhar-aus-nidderau-neu-im-landesvorstand-der-gruenen-hessen-eine-starke-stimme-aus-dem-main-kinzig-kreis","status":"publish","type":"post","link":"https:\/\/www.gruene-mkk.de\/fr\/mahwish-iftikhar-aus-nidderau-neu-im-landesvorstand-der-gruenen-hessen-eine-starke-stimme-aus-dem-main-kinzig-kreis\/","title":{"rendered":"Mahwish Iftikhar de Nidderau rejoint le bureau national de la Hesse verte \u2013 Une voix forte du cercle Main-Kinzig"},"content":{"rendered":"<p>Grand plaisir chez les Verts Main-Kinzig: La politicienne locale engag\u00e9e Mahwish Iftikhar de Nidderau a \u00e9t\u00e9 \u00e9lue au conseil d'administration de la Hesse verte lors du congr\u00e8s du parti le 15.03.2025! En tant qu'assesseure, elle s'engagera au niveau national pour une politique diversifi\u00e9e, juste et tourn\u00e9e vers l'avenir.<\/p>\n\n\n\n<p>\u00abMahwish est synonyme de diversit\u00e9 v\u00e9cue, de justice sociale et de participation politique, ce qui est essentiel pour notre association. Avec leur \u00e9lection, nous avons maintenant une voix forte du cercle Main-Kinzig au sein du conseil d\u2019administration du Land\u00bb, souligne Anja Zeller, porte-parole du conseil d\u2019administration des Verts Main-Kinzig.<\/p>\n\n\n\n<p>Mahwish Iftikhar s'engage depuis de nombreuses ann\u00e9es pour une soci\u00e9t\u00e9 inclusive et s'engage en particulier pour la justice sociale. En tant que candidate directe aux \u00e9lections f\u00e9d\u00e9rales, elle a prouv\u00e9 qu'elle lie la conviction politique \u00e0 la proximit\u00e9 du peuple. C'est cette exp\u00e9rience qu'elle apporte au conseil d'administration du pays. Dans le m\u00eame temps, en tant que jeune femme politique, elle d\u00e9fend une politique adapt\u00e9e aux g\u00e9n\u00e9rations et de nouvelles perspectives au sein du comit\u00e9 de la Hesse verte.<\/p>\n\n\n\n<p>\u00abJe suis tr\u00e8s heureux de la confiance qui m\u2019a \u00e9t\u00e9 accord\u00e9e. Mon objectif est d'int\u00e9grer encore plus les pr\u00e9occupations des habitants de notre r\u00e9gion dans la politique nationale. Je m\u2019engage \u00e0 faire en sorte que la diversit\u00e9 ne reste pas seulement un mot, mais qu\u2019elle soit v\u00e9cue activement, que la d\u00e9mocratie soit \u00e9galement d\u00e9fendue dans l\u2019espace num\u00e9rique et que nous formions des alliances fortes pour lutter contre la haine et la division\u00bb, a d\u00e9clar\u00e9 Mahwish Iftikhar apr\u00e8s son \u00e9lection.<\/p>\n\n\n\n<p>Les Verts de Main-Kinzig f\u00e9licitent chaleureusement Mahwish Iftikhar et se r\u00e9jouissent de travailler en \u00e9troite collaboration avec elle dans son nouveau r\u00f4le.<\/p>","protected":false},"excerpt":{"rendered":"<p>Grand plaisir chez les Verts Main-Kinzig: La politicienne locale engag\u00e9e Mahwish Iftikhar de Nidderau a \u00e9t\u00e9 \u00e9lue au conseil d'administration de la Hesse verte lors du congr\u00e8s du parti le 15.03.2025! En tant qu'assesseure, elle [...]<\/p>","protected":false},"author":-1,"featured_media":2727,"comment_status":"closed","ping_status":"open","sticky":true,"template":"","format":"standard","meta":{"footnotes":""},"categories":[1],"tags":[],"class_list":["post-2726","post","type-post","status-publish","format-standard","has-post-thumbnail","hentry","category-allgemein"],"_links":{"self":[{"href":"https:\/\/www.gruene-mkk.de\/fr\/wp-json\/wp\/v2\/posts\/2726","targetHints":{"allow":["GET"]}}],"collection":[{"href":"https:\/\/www.gruene-mkk.de\/fr\/wp-json\/wp\/v2\/posts"}],"about":[{"href":"https:\/\/www.gruene-mkk.de\/fr\/wp-json\/wp\/v2\/types\/post"}],"author":[{"embeddable":true,"href":"https:\/\/www.gruene-mkk.de\/fr\/wp-json\/wp\/v2\/users\/2"}],"replies":[{"embeddable":true,"href":"https:\/\/www.gruene-mkk.de\/fr\/wp-json\/wp\/v2\/comments?post=2726"}],"version-history":[{"count":1,"href":"https:\/\/www.gruene-mkk.de\/fr\/wp-json\/wp\/v2\/posts\/2726\/revisions"}],"predecessor-version":[{"id":2728,"href":"https:\/\/www.gruene-mkk.de\/fr\/wp-json\/wp\/v2\/posts\/2726\/revisions\/2728"}],"wp:featuredmedia":[{"embeddable":true,"href":"https:\/\/www.gruene-mkk.de\/fr\/wp-json\/wp\/v2\/media\/2727"}],"wp:attachment":[{"href":"https:\/\/www.gruene-mkk.de\/fr\/wp-json\/wp\/v2\/media?parent=2726"}],"wp:term":[{"taxonomy":"category","embeddable":true,"href":"https:\/\/www.gruene-mkk.de\/fr\/wp-json\/wp\/v2\/categories?post=2726"},{"taxonomy":"post_tag","embeddable":true,"href":"https:\/\/www.gruene-mkk.de\/fr\/wp-json\/wp\/v2\/tags?post=2726"}],"curies":[{"name":"wp","href":"https:\/\/api.w.org\/{rel}","templated":true}]}}