{"id":2582,"date":"2025-01-08T15:14:57","date_gmt":"2025-01-08T14:14:57","guid":{"rendered":"https:\/\/www.gruene-mkk.de\/?p=2582"},"modified":"2025-01-08T15:14:59","modified_gmt":"2025-01-08T14:14:59","slug":"waehl-liebe-kampagne-fuer-vielfalt-und-demokratie","status":"publish","type":"post","link":"https:\/\/www.gruene-mkk.de\/fr\/waehl-liebe-kampagne-fuer-vielfalt-und-demokratie\/","title":{"rendered":"Choisissez l'amour: Campagne pour la diversit\u00e9 et la d\u00e9mocratie"},"content":{"rendered":"<p>En tant que premier signataire, Queer* Main-Kinzig e.V. soutient la campagne nationale \u00ab Wahl Liebe \u00bb du mouvement CSD avant les \u00e9lections f\u00e9d\u00e9rales. L'objectif est de sensibiliser les \u00e9lecteurs aux droits de la communaut\u00e9 queer et de renforcer les partis d\u00e9mocratiques qui d\u00e9fendent la diversit\u00e9, la tol\u00e9rance et l'\u00e9galit\u00e9.<\/p>\n\n\n\n<p>Nous sommes pr\u00e9sents avec un stand et vous invitons \u00e0 faire partie de cette action importante. N'h\u00e9sitez pas \u00e0 vous inscrire \u00e0 un service de standing via le formulaire suivant: <a href=\"https:\/\/termite.gruene.de\/invite\/ge50ndxS0Yr7\">https:\/\/termite.gruene.de\/invite\/ge50ndxS0Yr7<\/a><\/p>","protected":false},"excerpt":{"rendered":"<p>En tant que premier signataire, Queer* Main-Kinzig e.V. soutient la campagne nationale \u00ab Wahl Liebe \u00bb du mouvement CSD avant les \u00e9lections f\u00e9d\u00e9rales. L'objectif est de sensibiliser les \u00e9lecteurs aux droits de la communaut\u00e9 queer [...]<\/p>","protected":false},"author":-1,"featured_media":0,"comment_status":"closed","ping_status":"open","sticky":false,"template":"","format":"standard","meta":{"footnotes":""},"categories":[1],"tags":[],"class_list":["post-2582","post","type-post","status-publish","format-standard","hentry","category-allgemein"],"_links":{"self":[{"href":"https:\/\/www.gruene-mkk.de\/fr\/wp-json\/wp\/v2\/posts\/2582","targetHints":{"allow":["GET"]}}],"collection":[{"href":"https:\/\/www.gruene-mkk.de\/fr\/wp-json\/wp\/v2\/posts"}],"about":[{"href":"https:\/\/www.gruene-mkk.de\/fr\/wp-json\/wp\/v2\/types\/post"}],"author":[{"embeddable":true,"href":"https:\/\/www.gruene-mkk.de\/fr\/wp-json\/wp\/v2\/users\/2"}],"replies":[{"embeddable":true,"href":"https:\/\/www.gruene-mkk.de\/fr\/wp-json\/wp\/v2\/comments?post=2582"}],"version-history":[{"count":1,"href":"https:\/\/www.gruene-mkk.de\/fr\/wp-json\/wp\/v2\/posts\/2582\/revisions"}],"predecessor-version":[{"id":2583,"href":"https:\/\/www.gruene-mkk.de\/fr\/wp-json\/wp\/v2\/posts\/2582\/revisions\/2583"}],"wp:attachment":[{"href":"https:\/\/www.gruene-mkk.de\/fr\/wp-json\/wp\/v2\/media?parent=2582"}],"wp:term":[{"taxonomy":"category","embeddable":true,"href":"https:\/\/www.gruene-mkk.de\/fr\/wp-json\/wp\/v2\/categories?post=2582"},{"taxonomy":"post_tag","embeddable":true,"href":"https:\/\/www.gruene-mkk.de\/fr\/wp-json\/wp\/v2\/tags?post=2582"}],"curies":[{"name":"wp","href":"https:\/\/api.w.org\/{rel}","templated":true}]}}