{"id":228,"date":"2021-10-11T15:28:00","date_gmt":"2021-10-11T13:28:00","guid":{"rendered":"https:\/\/www.alles-bleibt-anders.org\/?p=228"},"modified":"2021-11-12T19:29:55","modified_gmt":"2021-11-12T18:29:55","slug":"gruene-treffen-sich-in-brachttal","status":"publish","type":"post","link":"https:\/\/www.gruene-mkk.de\/fr\/gruene-treffen-sich-in-brachttal\/","title":{"rendered":"Les Verts se rencontrent \u00e0 Brachttal"},"content":{"rendered":"<!--more-->\n\n\n\n<p>L'association de district B\u00fcndnis 90\/Die Gr\u00fcnen Main-Kinzig a entrepris vendredi dernier une visite dans le quartier de Schlierbach avec, entre autres, le d\u00e9put\u00e9 du Parlement du Land des Verts, Markus Hofmann, ainsi que des membres de Brachttal et des communes environnantes. Au cours des derni\u00e8res semaines, la municipalit\u00e9 s'est engag\u00e9e \u00e0 soutenir le gouvernement du Land dans le d\u00e9veloppement du village, ce qui a \u00e9t\u00e9 l'occasion pour les Verts d'\u00e9changer sur les besoins et les possibilit\u00e9s de rendre des lieux tels que Brachttal plus attrayants pour les r\u00e9sidents et les visiteurs.<\/p>\n\n\n\n<p>Au d\u00e9but, les participants ont visit\u00e9 le magasin \u00abLandGl\u00fcck\u00bb dans l\u2019ancienne usine de c\u00e9ramique de W\u00e4chtersbach. \u00abLa durabilit\u00e9 est un \u00e9l\u00e9ment important du concept de notre magasin\u00bb, a d\u00e9clar\u00e9 Mona Frank, l\u2019une des g\u00e9rantes du magasin, dans lequel, outre les produits alimentaires de Brachttal, des produits faits \u00e0 la main sont vendus directement par des producteurs de toute l\u2019Allemagne. Le magasin de v\u00eatements de seconde main \u00abPusteblume\u00bb a \u00e9galement trouv\u00e9 sa place dans le vaste magasin. \u00abLorsque nous avons rouvert le magasin sous un nouveau nom en janvier, nous voulions \u00e9galement \u00e9tablir un lien avec l\u2019usine de c\u00e9ramique\u00bb, a-t-il ajout\u00e9. \u00abC\u2019est pourquoi nous avons ajout\u00e9 une collection de c\u00e9ramiques \u00e0 notre magasin.\u00bb<\/p>\n\n\n\n<p>\u00abLes autres b\u00e2timents de l\u2019ancienne usine de c\u00e9ramique sont en partie utilis\u00e9s comme espaces de bureaux et un bar se trouve \u00e9galement sur le site\u00bb, a d\u00e9clar\u00e9 Matthias Dorka, membre des Verts de Brachttal. Certaines surfaces sont inutilis\u00e9es. L'itin\u00e9raire suivant passait par le terrain de sport, des sentiers de randonn\u00e9e et un \u00e9tablissement social. En chemin, les participants ont appris beaucoup de choses sur l'histoire de la commune. Les membres des communes avoisinantes, Biebergem\u00fcnd, W\u00e4chtersbach et Bad Orb, ont \u00e9chang\u00e9 sur les d\u00e9fis communs en mati\u00e8re de maintien des infrastructures, telles que les soins m\u00e9dicaux, et sur d'\u00e9ventuels projets communs.<\/p>\n\n\n\n<p>\u00ab\u00c0 Brachttal, on voit beaucoup de choses qui vont d\u00e9j\u00e0 bien, mais aussi beaucoup de potentiel et de d\u00e9fis que nous, les Verts, aimerions relever dans le cercle rural Main-Kinzig\u00bb, a d\u00e9clar\u00e9 Reiner Bousonville, membre du bureau des Verts Main-Kinzig et pr\u00e9sident du groupe, qui a \u00e9galement particip\u00e9 \u00e0 la r\u00e9union. \u00abAfin de pouvoir y faire face dans l\u2019int\u00e9r\u00eat des citoyens des communes, nous esp\u00e9rons attirer d\u2019autres membres \u00e0 Brachttal et dans les localit\u00e9s environnantes, telles que Bad Soden Salm\u00fcnster ou Birstein\u00bb, a d\u00e9clar\u00e9 M. Bousonville. Le 3 novembre \u00e0 19 heures, les Verts organiseront \u00e0 Brachttal une \u00abtable ronde verte\u00bb, qui sera l\u2019occasion de poursuivre les \u00e9changes et un point de contact pour les personnes int\u00e9ress\u00e9es. Le point de rencontre est \u00abWLC the Room\u00bb, Fabrikstra\u00dfe 12,63636 Brachttal-Schliebach. Les personnes int\u00e9ress\u00e9es peuvent s'adresser \u00e0 l'Association des Verts Main-Kinzig <a href=\"#\" data-unscramble=\"ed.kkm-eneurg@vk\">kv@gruene-mkk.de<\/a> signaler.<\/p>","protected":false},"excerpt":{"rendered":"","protected":false},"author":-1,"featured_media":229,"comment_status":"open","ping_status":"open","sticky":false,"template":"","format":"standard","meta":{"footnotes":""},"categories":[4],"tags":[],"class_list":["post-228","post","type-post","status-publish","format-standard","has-post-thumbnail","hentry","category-newsortsverbaende"],"_links":{"self":[{"href":"https:\/\/www.gruene-mkk.de\/fr\/wp-json\/wp\/v2\/posts\/228","targetHints":{"allow":["GET"]}}],"collection":[{"href":"https:\/\/www.gruene-mkk.de\/fr\/wp-json\/wp\/v2\/posts"}],"about":[{"href":"https:\/\/www.gruene-mkk.de\/fr\/wp-json\/wp\/v2\/types\/post"}],"author":[{"embeddable":true,"href":"https:\/\/www.gruene-mkk.de\/fr\/wp-json\/wp\/v2\/users\/2"}],"replies":[{"embeddable":true,"href":"https:\/\/www.gruene-mkk.de\/fr\/wp-json\/wp\/v2\/comments?post=228"}],"version-history":[{"count":1,"href":"https:\/\/www.gruene-mkk.de\/fr\/wp-json\/wp\/v2\/posts\/228\/revisions"}],"predecessor-version":[{"id":230,"href":"https:\/\/www.gruene-mkk.de\/fr\/wp-json\/wp\/v2\/posts\/228\/revisions\/230"}],"wp:featuredmedia":[{"embeddable":true,"href":"https:\/\/www.gruene-mkk.de\/fr\/wp-json\/wp\/v2\/media\/229"}],"wp:attachment":[{"href":"https:\/\/www.gruene-mkk.de\/fr\/wp-json\/wp\/v2\/media?parent=228"}],"wp:term":[{"taxonomy":"category","embeddable":true,"href":"https:\/\/www.gruene-mkk.de\/fr\/wp-json\/wp\/v2\/categories?post=228"},{"taxonomy":"post_tag","embeddable":true,"href":"https:\/\/www.gruene-mkk.de\/fr\/wp-json\/wp\/v2\/tags?post=228"}],"curies":[{"name":"wp","href":"https:\/\/api.w.org\/{rel}","templated":true}]}}