{"id":225,"date":"2021-10-06T11:26:00","date_gmt":"2021-10-06T09:26:00","guid":{"rendered":"https:\/\/www.alles-bleibt-anders.org\/?p=225"},"modified":"2021-11-12T19:27:53","modified_gmt":"2021-11-12T18:27:53","slug":"mehr-als-400-mitglieder-im-main-kinzig-kreis","status":"publish","type":"post","link":"https:\/\/www.gruene-mkk.de\/fr\/mehr-als-400-mitglieder-im-main-kinzig-kreis\/","title":{"rendered":"Plus de 400 membres dans le Main-Kinzig-Kreis"},"content":{"rendered":"<p>En septembre, l'association de district Alliance 90\/Les Verts Main-Kinzig a salu\u00e9 son 400e anniversaire. Membre et depuis lors, des membres sont ajout\u00e9s chaque semaine. <\/p>\n\n\n\n<!--more-->\n\n\n\n<p>\u00abNous sommes tr\u00e8s heureux que tant de personnes s\u2019int\u00e9ressent aux th\u00e8mes des Verts et soient dispos\u00e9es \u00e0 s\u2019engager politiquement\u00bb, a d\u00e9clar\u00e9 G\u00fcnther Koch, porte-parole du conseil d\u2019administration des Verts Main-Kinzig.<\/p>\n\n\n\n<p>Le 400. Le membre des Verts est Matthias Dorka de Brachttal. \u00abJ\u2019aimerais participer \u00e0 un parti politique dans ma commune de Brachttal, mais aussi au-del\u00e0. C\u2019est chez les Verts que j\u2019ai trouv\u00e9 l\u2019intersection la plus forte avec mes int\u00e9r\u00eats et mes points de vue, ce qui m\u2019a pouss\u00e9 \u00e0 adh\u00e9rer\u00bb, a d\u00e9clar\u00e9 Mme Dorka. Peu de temps apr\u00e8s son adh\u00e9sion, le nouveau membre \u00e9tait d\u00e9j\u00e0 actif dans la campagne \u00e9lectorale au Bundestag, accrochait des affiches et distribuait des d\u00e9pliants dans son quartier de Schlierbach. Dorka esp\u00e8re maintenant trouver encore plus d'adeptes dans sa commune natale et animer l'association locale des Verts.<\/p>\n\n\n\n<p>\u00abL\u2019association de district soutient volontiers les nouveaux membres motiv\u00e9s pour s\u2019engager dans leur localit\u00e9\u00bb, explique M. Koch. \u00abEn particulier dans les zones rurales de l\u2019arrondissement de Main-Kinzig, dans l\u2019est du pays, nous voyons un grand potentiel pour renforcer encore l\u2019int\u00e9gration des questions vertes.\u00bb Entre autres, l\u2019augmentation du nombre d\u2019adh\u00e9rents et les bons r\u00e9sultats obtenus lors des derni\u00e8res \u00e9lections dans les municipalit\u00e9s environnantes, telles que W\u00e4chtersbach, Biebergem\u00fcnd et Bad Ob, ont mis en \u00e9vidence l\u2019int\u00e9r\u00eat et la n\u00e9cessit\u00e9 d\u2019une politique locale verte.<\/p>\n\n\n\n<p>Mais m\u00eame dans les grandes associations locales de l'ouest du Main-Kinzig-Kreis comme Hanau, Maintal et Nidderau, le nombre de membres ne cesse d'augmenter m\u00eame apr\u00e8s les \u00e9lections f\u00e9d\u00e9rales. \u00abNous sommes convaincus que nous aurons bient\u00f4t notre 500e anniversaire. Participer \u00e0 la f\u00eate\u00bb, se r\u00e9jouit G\u00fcnther Koch. \u00abAu sein de l\u2019association de district et des associations locales, nous nous effor\u00e7ons \u00e0 pr\u00e9sent d\u2019associer au mieux les nouveaux membres au travail du parti, afin de promouvoir davantage des questions telles que la justice sociale et la protection du climat au niveau local et d\u2019\u00eatre bien plac\u00e9s pour les \u00e9lections et les campagnes \u00e9lectorales \u00e0 venir.\u00bb<\/p>","protected":false},"excerpt":{"rendered":"<p>En septembre, l'association de district Alliance 90\/Les Verts Main-Kinzig a salu\u00e9 son 400e anniversaire. Membre et depuis lors, des membres sont ajout\u00e9s chaque semaine.<\/p>","protected":false},"author":-1,"featured_media":226,"comment_status":"open","ping_status":"open","sticky":false,"template":"","format":"standard","meta":{"footnotes":""},"categories":[1],"tags":[],"class_list":["post-225","post","type-post","status-publish","format-standard","has-post-thumbnail","hentry","category-allgemein"],"_links":{"self":[{"href":"https:\/\/www.gruene-mkk.de\/fr\/wp-json\/wp\/v2\/posts\/225","targetHints":{"allow":["GET"]}}],"collection":[{"href":"https:\/\/www.gruene-mkk.de\/fr\/wp-json\/wp\/v2\/posts"}],"about":[{"href":"https:\/\/www.gruene-mkk.de\/fr\/wp-json\/wp\/v2\/types\/post"}],"author":[{"embeddable":true,"href":"https:\/\/www.gruene-mkk.de\/fr\/wp-json\/wp\/v2\/users\/2"}],"replies":[{"embeddable":true,"href":"https:\/\/www.gruene-mkk.de\/fr\/wp-json\/wp\/v2\/comments?post=225"}],"version-history":[{"count":1,"href":"https:\/\/www.gruene-mkk.de\/fr\/wp-json\/wp\/v2\/posts\/225\/revisions"}],"predecessor-version":[{"id":227,"href":"https:\/\/www.gruene-mkk.de\/fr\/wp-json\/wp\/v2\/posts\/225\/revisions\/227"}],"wp:featuredmedia":[{"embeddable":true,"href":"https:\/\/www.gruene-mkk.de\/fr\/wp-json\/wp\/v2\/media\/226"}],"wp:attachment":[{"href":"https:\/\/www.gruene-mkk.de\/fr\/wp-json\/wp\/v2\/media?parent=225"}],"wp:term":[{"taxonomy":"category","embeddable":true,"href":"https:\/\/www.gruene-mkk.de\/fr\/wp-json\/wp\/v2\/categories?post=225"},{"taxonomy":"post_tag","embeddable":true,"href":"https:\/\/www.gruene-mkk.de\/fr\/wp-json\/wp\/v2\/tags?post=225"}],"curies":[{"name":"wp","href":"https:\/\/api.w.org\/{rel}","templated":true}]}}