{"id":1963,"date":"2023-12-07T16:49:43","date_gmt":"2023-12-07T15:49:43","guid":{"rendered":"https:\/\/www.gruene-mkk.de\/?p=1963"},"modified":"2023-12-12T14:52:33","modified_gmt":"2023-12-12T13:52:33","slug":"thomas-gassen-und-anja-zeller-sind-neue-sprecher","status":"publish","type":"post","link":"https:\/\/www.gruene-mkk.de\/fr\/thomas-gassen-und-anja-zeller-sind-neue-sprecher\/","title":{"rendered":"Thomas Gassen et Anja Zeller sont de nouveaux porte-parole"},"content":{"rendered":"<p><em>Le comit\u00e9 du district des Verts Main-Kinzig \u00e9lit un nouveau sommet \/ Aller vers les membres<\/em><\/p>\n\n\n\n<div class=\"wp-block-media-text is-stacked-on-mobile is-vertically-aligned-top\"><figure class=\"wp-block-media-text__media\"><img loading=\"lazy\" decoding=\"async\" width=\"560\" height=\"1200\" src=\"https:\/\/www.gruene-mkk.de\/wp-content\/uploads\/2023\/12\/20231201_205715-560x1200.jpg\" alt=\"\" class=\"wp-image-1965 size-full\" srcset=\"https:\/\/www.gruene-mkk.de\/wp-content\/uploads\/2023\/12\/20231201_205715-560x1200.jpg 560w, https:\/\/www.gruene-mkk.de\/wp-content\/uploads\/2023\/12\/20231201_205715-280x600.jpg 280w, https:\/\/www.gruene-mkk.de\/wp-content\/uploads\/2023\/12\/20231201_205715-768x1645.jpg 768w, https:\/\/www.gruene-mkk.de\/wp-content\/uploads\/2023\/12\/20231201_205715-717x1536.jpg 717w, https:\/\/www.gruene-mkk.de\/wp-content\/uploads\/2023\/12\/20231201_205715-956x2048.jpg 956w, https:\/\/www.gruene-mkk.de\/wp-content\/uploads\/2023\/12\/20231201_205715-scaled.jpg 1196w\" sizes=\"auto, (max-width: 560px) 100vw, 560px\" \/><\/figure><div class=\"wp-block-media-text__content\">\n<p>Anja Zeller et Thomas Gassen sont les nouveaux porte-parole du comit\u00e9 directeur du district vert Main-Kinzig. Dans le cadre de leurs journ\u00e9es hors les murs, les deux ont \u00e9t\u00e9 \u00e9lus par les membres du conseil d'administration.<\/p>\n\n\n\n<p>Apr\u00e8s que le comit\u00e9 de district s'est presque compl\u00e8tement r\u00e9organis\u00e9 lors des derni\u00e8res \u00e9lections, les membres se sont r\u00e9unis pour leur journ\u00e9e hors les murs: \u00abIl \u00e9tait important pour nous de discuter des fondements du travail du conseil d\u2019administration et de d\u00e9finir nos priorit\u00e9s pour les deux prochaines ann\u00e9es\u00bb, a d\u00e9clar\u00e9 M. Zeller et M. Gassen.<\/p>\n\n\n\n<p>Anja Zeller est une politicienne exp\u00e9riment\u00e9e de Hanau, Thomas Gassen est actif depuis des ann\u00e9es dans la politique locale \u00e0 Gro\u00dfkrotzenburg: \u00abCette exp\u00e9rience politique, mais aussi notre longue exp\u00e9rience aupr\u00e8s des Verts, nous l\u2019emportent pour relever activement les grands d\u00e9fis des ann\u00e9es \u00e0 venir\u00bb, soulignent M. Zeller et M. Gassen: \u00abLa libert\u00e9 du cercle de Hanau, les prochaines \u00e9lections municipales et le virage \u00e0 droite dans certaines parties du cercle impliquent de nouvelles t\u00e2ches que nous devons aborder ensemble.\u00bb<\/p>\n\n\n\n<p><\/p>\n<\/div><\/div>\n\n\n\n<p>Nous sommes heureux d'assumer ce r\u00f4le important et passionnant et d'\u00eatre la voix de notre association de district \u00e0 l'ext\u00e9rieur. Nous ferons de notre mieux pour \u00e9couter et repr\u00e9senter de mani\u00e8re ad\u00e9quate les pr\u00e9occupations et les besoins de toutes les associations locales et de tous les membres. Ensemble, nous pouvons apporter des changements positifs et atteindre nos objectifs \u00e9cologiques dans le cercle Main-Kinzig. Nous tenons \u00e0 vous remercier pour la confiance que vous nous accordez. Nous sommes tr\u00e8s motiv\u00e9s pour nous lancer dans notre nouvelle mission et nous sommes impatients de commencer d\u00e8s maintenant.\u00bb<\/p>\n\n\n\n<p>Anja Zeller est une politicienne exp\u00e9riment\u00e9e de Hanau, Thomas Gassen est actif depuis des ann\u00e9es dans la politique locale \u00e0 Gro\u00dfkrotzenburg: \u00abCette exp\u00e9rience politique, mais aussi notre longue exp\u00e9rience aupr\u00e8s des Verts, nous l\u2019emportent pour relever activement les grands d\u00e9fis des ann\u00e9es \u00e0 venir\u00bb, soulignent M. Zeller et M. Gassen: \u00abLa libert\u00e9 du cercle de Hanau, les prochaines \u00e9lections municipales et le virage \u00e0 droite dans certaines parties du cercle impliquent de nouvelles t\u00e2ches que nous devons aborder ensemble.\u00bb Nous nous r\u00e9jouissons de jouer ce r\u00f4le important et passionnant et d\u2019\u00eatre la voix de notre union du cercle \u00e0 l\u2019ext\u00e9rieur. Nous ferons de notre mieux pour \u00e9couter et repr\u00e9senter de mani\u00e8re ad\u00e9quate les pr\u00e9occupations et les besoins de toutes les associations locales et de tous les membres. Ensemble, nous pouvons apporter des changements positifs et atteindre nos objectifs \u00e9cologiques dans le cercle Main-Kinzig. Nous tenons \u00e0 vous remercier pour la confiance que vous nous accordez. Nous entrons dans notre nouvelle mission avec beaucoup de motivation et<\/p>","protected":false},"excerpt":{"rendered":"<p>Anja Zeller et Thomas Gassen sont les nouveaux porte-parole du comit\u00e9 vert du district de Main-Kinzig. Dans le cadre de leur rencontre, les deux [...]<\/p>","protected":false},"author":-1,"featured_media":0,"comment_status":"closed","ping_status":"open","sticky":true,"template":"","format":"standard","meta":{"footnotes":""},"categories":[1],"tags":[],"class_list":["post-1963","post","type-post","status-publish","format-standard","hentry","category-allgemein"],"_links":{"self":[{"href":"https:\/\/www.gruene-mkk.de\/fr\/wp-json\/wp\/v2\/posts\/1963","targetHints":{"allow":["GET"]}}],"collection":[{"href":"https:\/\/www.gruene-mkk.de\/fr\/wp-json\/wp\/v2\/posts"}],"about":[{"href":"https:\/\/www.gruene-mkk.de\/fr\/wp-json\/wp\/v2\/types\/post"}],"author":[{"embeddable":true,"href":"https:\/\/www.gruene-mkk.de\/fr\/wp-json\/wp\/v2\/users\/2"}],"replies":[{"embeddable":true,"href":"https:\/\/www.gruene-mkk.de\/fr\/wp-json\/wp\/v2\/comments?post=1963"}],"version-history":[{"count":2,"href":"https:\/\/www.gruene-mkk.de\/fr\/wp-json\/wp\/v2\/posts\/1963\/revisions"}],"predecessor-version":[{"id":1967,"href":"https:\/\/www.gruene-mkk.de\/fr\/wp-json\/wp\/v2\/posts\/1963\/revisions\/1967"}],"wp:attachment":[{"href":"https:\/\/www.gruene-mkk.de\/fr\/wp-json\/wp\/v2\/media?parent=1963"}],"wp:term":[{"taxonomy":"category","embeddable":true,"href":"https:\/\/www.gruene-mkk.de\/fr\/wp-json\/wp\/v2\/categories?post=1963"},{"taxonomy":"post_tag","embeddable":true,"href":"https:\/\/www.gruene-mkk.de\/fr\/wp-json\/wp\/v2\/tags?post=1963"}],"curies":[{"name":"wp","href":"https:\/\/api.w.org\/{rel}","templated":true}]}}