{"id":180,"date":"2021-08-23T12:48:00","date_gmt":"2021-08-23T10:48:00","guid":{"rendered":"https:\/\/www.alles-bleibt-anders.org\/?p=180"},"modified":"2021-11-11T12:52:45","modified_gmt":"2021-11-11T11:52:45","slug":"gruene-mkk-eroeffnen-heisse-phase-des-wahlkampfes-mit-ihren-kandidaten","status":"publish","type":"post","link":"https:\/\/www.gruene-mkk.de\/fr\/gruene-mkk-eroeffnen-heisse-phase-des-wahlkampfes-mit-ihren-kandidaten\/","title":{"rendered":"Les Verts du MKK ouvrent la phase chaude de la campagne \u00e9lectorale avec leurs candidats"},"content":{"rendered":"<!--more-->\n\n\n\n<p>Avec l'ouverture de leur centre de campagne \u00e0 Hanau, les Verts ont inaugur\u00e9 la phase chaude de la campagne \u00e9lectorale dans le cercle de Mayence Kinzig.\u00a0\u00abPlus que six semaines avant les \u00e9lections, nous nous battons pour chaque voix\u00bb, a d\u00e9clar\u00e9 Viola Ha\u00dfdenteufel, pr\u00e9sidente de l\u2019association verte du MKK.\u00a0Elle a pr\u00e9sent\u00e9 les plans verts pour la campagne \u00e9lectorale et les deux candidats directs:<\/p>\n\n\n\n<p>\u00abAvec Marcus Bocklet, un homme politique exp\u00e9riment\u00e9 se pr\u00e9sente pour la circonscription 180 (Hanau). Pendant des ann\u00e9es, il a \u00e9t\u00e9 conseiller local, conseiller municipal et est actuellement d\u00e9put\u00e9 au parlement du Land\u00bb, a soulign\u00e9 M. Ha\u00dfdenteufel.<\/p>\n\n\n\n<p>\u00abMes priorit\u00e9s sont claires. En tant que sp\u00e9cialiste de la politique sociale, je m'occupe de la politique sociale. Je veux un r\u00e9seau social solide dans ce pays qui attrape les personnes dans le besoin. Il reste encore beaucoup \u00e0 faire. Le deuxi\u00e8me th\u00e8me sera le grand d\u00e9fi des ann\u00e9es \u00e0 venir. Comment pouvons-nous garantir des soins de sant\u00e9 universels? La moiti\u00e9 des m\u00e9decins de famille partent \u00e0 la retraite et nos h\u00f4pitaux ont de gros probl\u00e8mes financiers. Nous, les Verts, avons des concepts et je veux participer activement \u00e0 leur mise en \u0153uvre\u00bb, a d\u00e9clar\u00e9 M. Bocklet.<\/p>\n\n\n\n<p>Pour Knut Kiesel, la politique de protection du climat est au premier plan: \u00abJe m\u2019engage de toutes mes forces en faveur de la transition \u00e9nerg\u00e9tique. Je veux cr\u00e9er plus d'incitations pour que davantage d'\u00e9nergies renouvelables soient produites partout, par exemple par le biais de mod\u00e8les coop\u00e9ratifs. La politique des transports fait partie int\u00e9grante d'une politique climatique. Je veux un renforcement des transports en commun et des concepts de mise en r\u00e9seau mobile, c'est la seule fa\u00e7on de parvenir \u00e0 une r\u00e9duction durable du CO<sub>2<\/sub> \u00e9missaire\u00bb, le caillou est s\u00fbr.<\/p>\n\n\n\n<p>Les deux font de la publicit\u00e9 sur des stands d'information et avec des \u00e9v\u00e9nements pour leur choix. Tous deux sont soutenus par les ministres de Hesse Tarek Al Wazir, Priska Hinz et Kai Klose, ainsi que par Robert Habeck, qui se produit aujourd'hui \u00e0 partir de 11h30 sur la place du march\u00e9 de Hanau.<\/p>\n\n\n\n<p>\u00abL\u2019ambiance pour un changement est l\u00e0, nous sommes optimistes pour faire partie du nouveau gouvernement f\u00e9d\u00e9ral avec un bon r\u00e9sultat. Pour cela, il faut chaque voix. Nous devons faire plus d\u2019efforts pour ne pas tout risquer\u00bb, conclut M. Bocklet et M. Kiesel.<\/p>","protected":false},"excerpt":{"rendered":"","protected":false},"author":-1,"featured_media":181,"comment_status":"open","ping_status":"open","sticky":false,"template":"","format":"standard","meta":{"footnotes":""},"categories":[3],"tags":[],"class_list":["post-180","post","type-post","status-publish","format-standard","has-post-thumbnail","hentry","category-newswahlen"],"_links":{"self":[{"href":"https:\/\/www.gruene-mkk.de\/fr\/wp-json\/wp\/v2\/posts\/180","targetHints":{"allow":["GET"]}}],"collection":[{"href":"https:\/\/www.gruene-mkk.de\/fr\/wp-json\/wp\/v2\/posts"}],"about":[{"href":"https:\/\/www.gruene-mkk.de\/fr\/wp-json\/wp\/v2\/types\/post"}],"author":[{"embeddable":true,"href":"https:\/\/www.gruene-mkk.de\/fr\/wp-json\/wp\/v2\/users\/2"}],"replies":[{"embeddable":true,"href":"https:\/\/www.gruene-mkk.de\/fr\/wp-json\/wp\/v2\/comments?post=180"}],"version-history":[{"count":1,"href":"https:\/\/www.gruene-mkk.de\/fr\/wp-json\/wp\/v2\/posts\/180\/revisions"}],"predecessor-version":[{"id":182,"href":"https:\/\/www.gruene-mkk.de\/fr\/wp-json\/wp\/v2\/posts\/180\/revisions\/182"}],"wp:featuredmedia":[{"embeddable":true,"href":"https:\/\/www.gruene-mkk.de\/fr\/wp-json\/wp\/v2\/media\/181"}],"wp:attachment":[{"href":"https:\/\/www.gruene-mkk.de\/fr\/wp-json\/wp\/v2\/media?parent=180"}],"wp:term":[{"taxonomy":"category","embeddable":true,"href":"https:\/\/www.gruene-mkk.de\/fr\/wp-json\/wp\/v2\/categories?post=180"},{"taxonomy":"post_tag","embeddable":true,"href":"https:\/\/www.gruene-mkk.de\/fr\/wp-json\/wp\/v2\/tags?post=180"}],"curies":[{"name":"wp","href":"https:\/\/api.w.org\/{rel}","templated":true}]}}