{"id":1467,"date":"2022-11-21T11:51:00","date_gmt":"2022-11-21T10:51:00","guid":{"rendered":"https:\/\/www.gruene-mkk.de\/?p=1467"},"modified":"2022-11-21T11:51:01","modified_gmt":"2022-11-21T10:51:01","slug":"gruene-nidderau-tagen-in-rueckersbach","status":"publish","type":"post","link":"https:\/\/www.gruene-mkk.de\/fr\/gruene-nidderau-tagen-in-rueckersbach\/","title":{"rendered":"Les Verts de Nidderau \u00e0 R\u00fcckersbach"},"content":{"rendered":"<p>Fin octobre, le groupe des Verts de Nidderau s'est int\u00e9ress\u00e9 \u00e0<br>S\u00e9minaire \u00e0 la maison du s\u00e9minaire \u00e0 R\u00fcckersbach.<br>Le th\u00e8me \u00e9tait le budget urbain 2023\/2024. Beaucoup de travail a \u00e9t\u00e9 fait, discut\u00e9 et remis en question. Quels projets voulons-nous faire avancer pour les Verts? O\u00f9 peut-on \u00e9conomiser quelque chose? Quels sont les projets prioritaires pour nous? Il y avait beaucoup \u00e0 faire.<br>Apr\u00e8s d'intenses discussions, plusieurs id\u00e9es de candidatures pour le nouveau budget ont \u00e9t\u00e9 rassembl\u00e9es. Le programme d'investissement pr\u00e9voit par exemple d'allouer chaque ann\u00e9e des fonds \u00e0 la r\u00e9novation \u00e9nerg\u00e9tique des b\u00e2timents urbains. \u00abLa r\u00e9duction des gaz \u00e0 effet de serre nocifs gr\u00e2ce \u00e0 des mesures d\u2019isolation thermique et au passage des chauffages \u00e0 combustion aux pompes \u00e0 chaleur doit \u00eatre rapide\u00bb, explique Tanja Seelbach, porte-parole du conseil d\u2019administration des VERTS de Nidderau. D\u2019autres demandes sont pr\u00e9vues en vue d\u2019am\u00e9liorer les infrastructures cyclables et de d\u00e9verrouiller les terres. \u00abCela permet \u00e9galement de r\u00e9duire les \u00e9missions de CO2 et de permettre l\u2019infiltration d\u2019eau de pluie. Il s\u2019agit l\u00e0 de t\u00e2ches urgentes de notre \u00e9poque\u00bb, a ajout\u00e9 M. Seelbach.<br>Le s\u00e9jour \u00e0 R\u00fcckersbach a \u00e9galement servi \u00e0 passer un peu plus de temps ensemble.<br>passer, \u00e9changer des id\u00e9es et profiter de l'excellente cuisine de R\u00fcckersbach<br>de se faire dorloter.<\/p>","protected":false},"excerpt":{"rendered":"<p>Fin octobre, le groupe des Verts de Nidderau s'est int\u00e9ress\u00e9 \u00e0<br \/>\nS\u00e9minaire \u00e0 la maison du s\u00e9minaire \u00e0 R\u00fcckersbach.<\/p>","protected":false},"author":-1,"featured_media":1468,"comment_status":"closed","ping_status":"open","sticky":false,"template":"","format":"standard","meta":{"footnotes":""},"categories":[1],"tags":[],"class_list":["post-1467","post","type-post","status-publish","format-standard","has-post-thumbnail","hentry","category-allgemein"],"_links":{"self":[{"href":"https:\/\/www.gruene-mkk.de\/fr\/wp-json\/wp\/v2\/posts\/1467","targetHints":{"allow":["GET"]}}],"collection":[{"href":"https:\/\/www.gruene-mkk.de\/fr\/wp-json\/wp\/v2\/posts"}],"about":[{"href":"https:\/\/www.gruene-mkk.de\/fr\/wp-json\/wp\/v2\/types\/post"}],"author":[{"embeddable":true,"href":"https:\/\/www.gruene-mkk.de\/fr\/wp-json\/wp\/v2\/users\/2"}],"replies":[{"embeddable":true,"href":"https:\/\/www.gruene-mkk.de\/fr\/wp-json\/wp\/v2\/comments?post=1467"}],"version-history":[{"count":1,"href":"https:\/\/www.gruene-mkk.de\/fr\/wp-json\/wp\/v2\/posts\/1467\/revisions"}],"predecessor-version":[{"id":1469,"href":"https:\/\/www.gruene-mkk.de\/fr\/wp-json\/wp\/v2\/posts\/1467\/revisions\/1469"}],"wp:featuredmedia":[{"embeddable":true,"href":"https:\/\/www.gruene-mkk.de\/fr\/wp-json\/wp\/v2\/media\/1468"}],"wp:attachment":[{"href":"https:\/\/www.gruene-mkk.de\/fr\/wp-json\/wp\/v2\/media?parent=1467"}],"wp:term":[{"taxonomy":"category","embeddable":true,"href":"https:\/\/www.gruene-mkk.de\/fr\/wp-json\/wp\/v2\/categories?post=1467"},{"taxonomy":"post_tag","embeddable":true,"href":"https:\/\/www.gruene-mkk.de\/fr\/wp-json\/wp\/v2\/tags?post=1467"}],"curies":[{"name":"wp","href":"https:\/\/api.w.org\/{rel}","templated":true}]}}