{"id":1462,"date":"2022-11-18T10:16:57","date_gmt":"2022-11-18T09:16:57","guid":{"rendered":"https:\/\/www.gruene-mkk.de\/?p=1462"},"modified":"2022-11-18T10:34:47","modified_gmt":"2022-11-18T09:34:47","slug":"optimismus-in-zeiten-der-krise","status":"publish","type":"post","link":"https:\/\/www.gruene-mkk.de\/fr\/optimismus-in-zeiten-der-krise\/","title":{"rendered":"L'optimisme en p\u00e9riode de crise"},"content":{"rendered":"<p>\u00abVoir notre travail et les familles que nous avons pu soutenir nous a aid\u00e9s \u00e0 rester optimistes en cette p\u00e9riode difficile\u00bb, a d\u00e9clar\u00e9 Alesia Azarova, de la fondation ukrainienne \u00ab280 jours\u00bb. La fondation soutient les femmes enceintes, les nouveau-n\u00e9s et les nouveau-n\u00e9s pr\u00e9matur\u00e9s en les informant sur la sant\u00e9 physique et mentale pendant la grossesse et en leur fournissant du mat\u00e9riel pour le diagnostic pr\u00e9natal et les soins aux b\u00e9b\u00e9s pr\u00e9matur\u00e9s.<\/p>\n\n\n\n<p>\u00c0 l'occasion de la Journ\u00e9e internationale des pr\u00e9matur\u00e9s, le 17 novembre, les femmes de l'Alliance 90\/Les Verts ont invit\u00e9 l'Ukrainienne \u00e0 une r\u00e9union. Azarova a racont\u00e9 comment elle avait fond\u00e9 la fondation en 2020 avant le d\u00e9but de la pand\u00e9mie de COVID-19, apr\u00e8s que son propre fils soit n\u00e9 trop t\u00f4t l\u2019ann\u00e9e pr\u00e9c\u00e9dente. Tout d'abord, l'objectif \u00e9tait d'assurer l'\u00e9ducation et l'\u00e9ducation des futurs parents et m\u00e9decins, ainsi que des soins de qualit\u00e9 pour les b\u00e9b\u00e9s pr\u00e9matur\u00e9s. Le concept initial de la fondation a rapidement d\u00fb \u00eatre adapt\u00e9 aux conditions de la pand\u00e9mie. Entre autres choses, une radio en ligne a \u00e9t\u00e9 cr\u00e9\u00e9e pour fournir des informations aux familles.<\/p>\n\n\n\n<p>Deux ans plus tard, la guerre a commenc\u00e9 et le travail de la fondation a chang\u00e9 \u00e0 nouveau. La fourniture d'\u00e9quipements \u00e0 des fins de diagnostic fait toujours partie du travail. Les appareils d\u00e9truits lors des bombardements doivent \u00eatre remplac\u00e9s. Cependant, la guerre et la situation financi\u00e8re difficile des familles qui en a r\u00e9sult\u00e9 ont incit\u00e9 les collaborateurs de la Fondation \u00e0 lancer un autre programme: Ils exp\u00e9dient des colis aux femmes enceintes avec l\u2019\u00e9quipement initial n\u00e9cessaire: couches, couvertures, nourriture, etc.<\/p>\n\n\n\n<p>Le travail est financ\u00e9 par des subventions de diff\u00e9rents organismes nationaux et internationaux et la Fondation entretient des \u00e9changes \u00e9troits avec les organisations des Nations Unies afin d'identifier et de soutenir de mani\u00e8re cibl\u00e9e les besoins en mat\u00e9riel et en \u00e9quipements en Ukraine. N\u00e9anmoins, la fondation est heureuse de chaque don, qu'il soit financier ou mat\u00e9riel. \u00abIl est important pour nous d\u2019\u00eatre aussi transparents que possible quant \u00e0 la destination de nos dons\u00bb, a d\u00e9clar\u00e9 M. Azarova. \u00abNous demandons donc aux m\u00e8res qui re\u00e7oivent de l\u2019aide d\u2019envoyer des photos d\u2019elles-m\u00eames et de leurs enfants lorsqu\u2019elles re\u00e7oivent un colis. Cela contribue non seulement \u00e0 la transparence, mais aussi \u00e0 la joie que nous et nos donateurs \u00e9prouvons lorsque nous voyons les fruits de notre travail.\u00bb<\/p>\n\n\n\n<p>La Fondation accepte les dons via sa page d'accueil: <a href=\"https:\/\/280days-en.org\/\">https:\/\/280days-en.org\/<\/a> <\/p>\n\n\n\n<p>Elle fournit des informations sur son travail, notamment sur: <a href=\"https:\/\/www.facebook.com\/280DaysFund\">Facebook<\/a> et <a href=\"https:\/\/www.instagram.com\/280daysfund\/\">Instagram<\/a>.<\/p>","protected":false},"excerpt":{"rendered":"<p>Les femmes vertes ont \u00e9t\u00e9 invit\u00e9es \u00e0 la Journ\u00e9e internationale des pr\u00e9matur\u00e9s Alesia Azarova de la fondation ukrainienne \u00ab280 jours\u00bb.<\/p>","protected":false},"author":-1,"featured_media":1463,"comment_status":"closed","ping_status":"open","sticky":false,"template":"","format":"standard","meta":{"footnotes":""},"categories":[1],"tags":[],"class_list":["post-1462","post","type-post","status-publish","format-standard","has-post-thumbnail","hentry","category-allgemein"],"_links":{"self":[{"href":"https:\/\/www.gruene-mkk.de\/fr\/wp-json\/wp\/v2\/posts\/1462","targetHints":{"allow":["GET"]}}],"collection":[{"href":"https:\/\/www.gruene-mkk.de\/fr\/wp-json\/wp\/v2\/posts"}],"about":[{"href":"https:\/\/www.gruene-mkk.de\/fr\/wp-json\/wp\/v2\/types\/post"}],"author":[{"embeddable":true,"href":"https:\/\/www.gruene-mkk.de\/fr\/wp-json\/wp\/v2\/users\/2"}],"replies":[{"embeddable":true,"href":"https:\/\/www.gruene-mkk.de\/fr\/wp-json\/wp\/v2\/comments?post=1462"}],"version-history":[{"count":2,"href":"https:\/\/www.gruene-mkk.de\/fr\/wp-json\/wp\/v2\/posts\/1462\/revisions"}],"predecessor-version":[{"id":1466,"href":"https:\/\/www.gruene-mkk.de\/fr\/wp-json\/wp\/v2\/posts\/1462\/revisions\/1466"}],"wp:featuredmedia":[{"embeddable":true,"href":"https:\/\/www.gruene-mkk.de\/fr\/wp-json\/wp\/v2\/media\/1463"}],"wp:attachment":[{"href":"https:\/\/www.gruene-mkk.de\/fr\/wp-json\/wp\/v2\/media?parent=1462"}],"wp:term":[{"taxonomy":"category","embeddable":true,"href":"https:\/\/www.gruene-mkk.de\/fr\/wp-json\/wp\/v2\/categories?post=1462"},{"taxonomy":"post_tag","embeddable":true,"href":"https:\/\/www.gruene-mkk.de\/fr\/wp-json\/wp\/v2\/tags?post=1462"}],"curies":[{"name":"wp","href":"https:\/\/api.w.org\/{rel}","templated":true}]}}