{"id":1390,"date":"2022-10-17T11:01:18","date_gmt":"2022-10-17T09:01:18","guid":{"rendered":"https:\/\/www.gruene-mkk.de\/?p=1390"},"modified":"2022-10-17T12:06:01","modified_gmt":"2022-10-17T10:06:01","slug":"delegation-beim-parteitag-in-bonn","status":"publish","type":"post","link":"https:\/\/www.gruene-mkk.de\/fr\/delegation-beim-parteitag-in-bonn\/","title":{"rendered":"D\u00e9l\u00e9gation au congr\u00e8s du parti \u00e0 Bonn"},"content":{"rendered":"<p>Il s'agissait d'une conf\u00e9rence historique des d\u00e9l\u00e9gu\u00e9s f\u00e9d\u00e9raux \u00e0 laquelle nos d\u00e9l\u00e9gu\u00e9s Barbara Sch\u00e4fer et Matthias Dorka ont particip\u00e9 le week-end dernier. Des d\u00e9cisions difficiles concernant les centrales Atmo, l'extraction de charbon et les livraisons d'armes ont d\u00fb \u00eatre prises. Les d\u00e9bats ont eu lieu vendredi et samedi jusqu'\u00e0 tard dans la soir\u00e9e. Annalena Baerboch, Roberthabeck, Ricarda Lang, Omid Nouripour et d\u2019autres membres ont prononc\u00e9 des discours \u00e9mouvants et \u00e9mouvants dans lesquels, outre la n\u00e9cessit\u00e9 de prendre des d\u00e9cisions tacites, ils ont r\u00e9affirm\u00e9 la solidarit\u00e9 des Verts avec le peuple ukrainien, en particulier les femmes en Iran et en Afghanistan.<\/p>\n\n\n\n<p>Il s\u2019agissait de la premi\u00e8re conf\u00e9rence des d\u00e9l\u00e9gu\u00e9s f\u00e9d\u00e9raux \u00e0 \u00eatre pr\u00e9sente depuis le d\u00e9but de la pand\u00e9mie de COVID-19. 800 d\u00e9l\u00e9gu\u00e9s et invit\u00e9s ont particip\u00e9 \u00e0 l'\u00e9v\u00e9nement. En marge des d\u00e9bats et des votations, et en particulier lors de la c\u00e9l\u00e9bration du samedi soir, il y avait de nombreuses possibilit\u00e9s d'\u00e9changer et de nouer des contacts avec des d\u00e9l\u00e9gu\u00e9s d'autres associations de district. <\/p>\n\n\n\n<p>Merci \u00e0 nos d\u00e9l\u00e9gu\u00e9s pour la pr\u00e9paration et l'examen intensif des propositions et leur pers\u00e9v\u00e9rance! <\/p>\n\n\n\n<figure class=\"wp-block-gallery has-nested-images columns-default is-cropped wp-block-gallery-1 is-layout-flex wp-block-gallery-is-layout-flex\">\n<figure class=\"wp-block-image size-large\"><img loading=\"lazy\" decoding=\"async\" width=\"2560\" height=\"1920\" data-id=\"1395\" src=\"https:\/\/www.gruene-mkk.de\/wp-content\/uploads\/2022\/10\/IMG_1940-scaled.jpg\" alt=\"\" class=\"wp-image-1395\" srcset=\"https:\/\/www.gruene-mkk.de\/wp-content\/uploads\/2022\/10\/IMG_1940-scaled.jpg 2560w, https:\/\/www.gruene-mkk.de\/wp-content\/uploads\/2022\/10\/IMG_1940-400x300.jpg 400w, https:\/\/www.gruene-mkk.de\/wp-content\/uploads\/2022\/10\/IMG_1940-800x600.jpg 800w, https:\/\/www.gruene-mkk.de\/wp-content\/uploads\/2022\/10\/IMG_1940-768x576.jpg 768w, https:\/\/www.gruene-mkk.de\/wp-content\/uploads\/2022\/10\/IMG_1940-1536x1152.jpg 1536w, https:\/\/www.gruene-mkk.de\/wp-content\/uploads\/2022\/10\/IMG_1940-2048x1536.jpg 2048w\" sizes=\"auto, (max-width: 2560px) 100vw, 2560px\" \/><figcaption>D\u00e9jeuner avec la d\u00e9l\u00e9gation du KV Offenbach Land et Brandenburg Havel<\/figcaption><\/figure>\n\n\n\n<figure class=\"wp-block-image size-large\"><img loading=\"lazy\" decoding=\"async\" width=\"1512\" height=\"2016\" data-id=\"1393\" src=\"https:\/\/www.gruene-mkk.de\/wp-content\/uploads\/2022\/10\/9eeec698-9f7d-4166-bed0-36ebc7cb7718.jpg\" alt=\"\" class=\"wp-image-1393\" srcset=\"https:\/\/www.gruene-mkk.de\/wp-content\/uploads\/2022\/10\/9eeec698-9f7d-4166-bed0-36ebc7cb7718.jpg 1512w, https:\/\/www.gruene-mkk.de\/wp-content\/uploads\/2022\/10\/9eeec698-9f7d-4166-bed0-36ebc7cb7718-400x533.jpg 400w, https:\/\/www.gruene-mkk.de\/wp-content\/uploads\/2022\/10\/9eeec698-9f7d-4166-bed0-36ebc7cb7718-800x1067.jpg 800w, https:\/\/www.gruene-mkk.de\/wp-content\/uploads\/2022\/10\/9eeec698-9f7d-4166-bed0-36ebc7cb7718-768x1024.jpg 768w, https:\/\/www.gruene-mkk.de\/wp-content\/uploads\/2022\/10\/9eeec698-9f7d-4166-bed0-36ebc7cb7718-1152x1536.jpg 1152w\" sizes=\"auto, (max-width: 1512px) 100vw, 1512px\" \/><figcaption>Barbara Sch\u00e4fer (d\u00e9l\u00e9gu\u00e9e), Robert Erkan (candidat aux \u00e9lections r\u00e9gionales de 2023), Mareike Forchheim (d\u00e9l\u00e9gu\u00e9e suppl\u00e9ante), Matthias Dorka (d\u00e9l\u00e9gu\u00e9e)<\/figcaption><\/figure>\n\n\n\n<figure class=\"wp-block-image size-large\"><img loading=\"lazy\" decoding=\"async\" width=\"1600\" height=\"1204\" data-id=\"1397\" src=\"https:\/\/www.gruene-mkk.de\/wp-content\/uploads\/2022\/10\/BDK2022.jpg\" alt=\"\" class=\"wp-image-1397\" srcset=\"https:\/\/www.gruene-mkk.de\/wp-content\/uploads\/2022\/10\/BDK2022.jpg 1600w, https:\/\/www.gruene-mkk.de\/wp-content\/uploads\/2022\/10\/BDK2022-400x301.jpg 400w, https:\/\/www.gruene-mkk.de\/wp-content\/uploads\/2022\/10\/BDK2022-800x602.jpg 800w, https:\/\/www.gruene-mkk.de\/wp-content\/uploads\/2022\/10\/BDK2022-768x578.jpg 768w, https:\/\/www.gruene-mkk.de\/wp-content\/uploads\/2022\/10\/BDK2022-1536x1156.jpg 1536w\" sizes=\"auto, (max-width: 1600px) 100vw, 1600px\" \/><figcaption>Salle du discours de Robert Habeck<\/figcaption><\/figure>\n\n\n\n<figure class=\"wp-block-image size-large\"><img loading=\"lazy\" decoding=\"async\" width=\"2016\" height=\"1512\" data-id=\"1392\" src=\"https:\/\/www.gruene-mkk.de\/wp-content\/uploads\/2022\/10\/ac16d12e-9bc5-49bc-bd01-9184d5effdff.jpg\" alt=\"\" class=\"wp-image-1392\" srcset=\"https:\/\/www.gruene-mkk.de\/wp-content\/uploads\/2022\/10\/ac16d12e-9bc5-49bc-bd01-9184d5effdff.jpg 2016w, https:\/\/www.gruene-mkk.de\/wp-content\/uploads\/2022\/10\/ac16d12e-9bc5-49bc-bd01-9184d5effdff-400x300.jpg 400w, https:\/\/www.gruene-mkk.de\/wp-content\/uploads\/2022\/10\/ac16d12e-9bc5-49bc-bd01-9184d5effdff-800x600.jpg 800w, https:\/\/www.gruene-mkk.de\/wp-content\/uploads\/2022\/10\/ac16d12e-9bc5-49bc-bd01-9184d5effdff-768x576.jpg 768w, https:\/\/www.gruene-mkk.de\/wp-content\/uploads\/2022\/10\/ac16d12e-9bc5-49bc-bd01-9184d5effdff-1536x1152.jpg 1536w\" sizes=\"auto, (max-width: 2016px) 100vw, 2016px\" \/><figcaption>D\u00e9l\u00e9gation du MKK avec Melanie Bacher (KV Offenbach Land)<\/figcaption><\/figure>\n<\/figure>","protected":false},"excerpt":{"rendered":"<p>Il s'agissait d'une conf\u00e9rence historique des d\u00e9l\u00e9gu\u00e9s f\u00e9d\u00e9raux \u00e0 laquelle nos d\u00e9l\u00e9gu\u00e9s Barbara Sch\u00e4fer et Matthias Dorka ont particip\u00e9 le week-end dernier. Des d\u00e9cisions difficiles concernant les centrales Atmo, l'extraction de charbon et les livraisons d'armes ont d\u00fb \u00eatre prises. Pour ce faire, [...]<\/p>","protected":false},"author":-1,"featured_media":1394,"comment_status":"closed","ping_status":"open","sticky":false,"template":"","format":"standard","meta":{"footnotes":""},"categories":[1],"tags":[22,18],"class_list":["post-1390","post","type-post","status-publish","format-standard","has-post-thumbnail","hentry","category-allgemein","tag-bdk","tag-unterwegs"],"_links":{"self":[{"href":"https:\/\/www.gruene-mkk.de\/fr\/wp-json\/wp\/v2\/posts\/1390","targetHints":{"allow":["GET"]}}],"collection":[{"href":"https:\/\/www.gruene-mkk.de\/fr\/wp-json\/wp\/v2\/posts"}],"about":[{"href":"https:\/\/www.gruene-mkk.de\/fr\/wp-json\/wp\/v2\/types\/post"}],"author":[{"embeddable":true,"href":"https:\/\/www.gruene-mkk.de\/fr\/wp-json\/wp\/v2\/users\/2"}],"replies":[{"embeddable":true,"href":"https:\/\/www.gruene-mkk.de\/fr\/wp-json\/wp\/v2\/comments?post=1390"}],"version-history":[{"count":2,"href":"https:\/\/www.gruene-mkk.de\/fr\/wp-json\/wp\/v2\/posts\/1390\/revisions"}],"predecessor-version":[{"id":1399,"href":"https:\/\/www.gruene-mkk.de\/fr\/wp-json\/wp\/v2\/posts\/1390\/revisions\/1399"}],"wp:featuredmedia":[{"embeddable":true,"href":"https:\/\/www.gruene-mkk.de\/fr\/wp-json\/wp\/v2\/media\/1394"}],"wp:attachment":[{"href":"https:\/\/www.gruene-mkk.de\/fr\/wp-json\/wp\/v2\/media?parent=1390"}],"wp:term":[{"taxonomy":"category","embeddable":true,"href":"https:\/\/www.gruene-mkk.de\/fr\/wp-json\/wp\/v2\/categories?post=1390"},{"taxonomy":"post_tag","embeddable":true,"href":"https:\/\/www.gruene-mkk.de\/fr\/wp-json\/wp\/v2\/tags?post=1390"}],"curies":[{"name":"wp","href":"https:\/\/api.w.org\/{rel}","templated":true}]}}