{"id":1387,"date":"2022-10-17T10:14:48","date_gmt":"2022-10-17T08:14:48","guid":{"rendered":"https:\/\/www.gruene-mkk.de\/?p=1387"},"modified":"2022-10-17T10:14:49","modified_gmt":"2022-10-17T08:14:49","slug":"zu-besuch-bei-omid-nouripour","status":"publish","type":"post","link":"https:\/\/www.gruene-mkk.de\/fr\/zu-besuch-bei-omid-nouripour\/","title":{"rendered":"En visite chez Omid Nouripour"},"content":{"rendered":"<p>Les Verts du Main-Kinzig s'informent dans le quartier gouvernemental de Berlin \u00e0 l'invitation d'Omid Nouripour, MdB, Bundesvorstand B\u00fcndnis 90\/Die Gr\u00fcnen. La rencontre avec Nouripour s'est concentr\u00e9e sur l'attitude des Verts face aux conflits internationaux. Il a \u00e9t\u00e9 question de mesures suppl\u00e9mentaires visant \u00e0 soutenir la population ukrainienne contre la guerre d'agression men\u00e9e par la Russie en violation du droit international. Pour accueillir les forces locales et d'autres r\u00e9fugi\u00e9s afghans, Nouripour a annonc\u00e9 un train de mesures \u00e0 court terme. Pour soutenir les femmes en Iran, o\u00f9 les droits de l'homme et les droits des femmes sont bafou\u00e9s par le r\u00e9gime terroriste et o\u00f9 les manifestations sont brutalement r\u00e9prim\u00e9es, les Verts ont annonc\u00e9 une r\u00e9solution pour une aide plus importante et plus tangible pour le congr\u00e8s du parti f\u00e9d\u00e9ral.<\/p>\n\n\n\n<p>Le groupe des Verts du Main-Kinzig-Kreis a visit\u00e9, \u00e0 c\u00f4t\u00e9 du b\u00e2timent du Reichstag, une s\u00e9rie de m\u00e9moriaux qui rappellent les horreurs du r\u00e9gime nazi et de l'\u00c9tat de non-droit de la RDA. Au M\u00e9morial de la R\u00e9sistance allemande, l\u2019exposition temporaire \u00abH\u00e9ros silencieux\u00bb attire l\u2019attention de mani\u00e8re \u00e9mouvante sur le sort des Juifs pers\u00e9cut\u00e9s et de ceux qui les aident \u00e0 fuir, et au M\u00e9morial de la m\u00e9moire des Juifs assassin\u00e9s en Europe, sur tous ceux qui n\u2019ont pas pu \u00e9chapper \u00e0 l\u2019horreur nazie. \u00abCes lieux nous montrent \u00e0 tous \u00e0 quel point il est important de continuer \u00e0 s\u2019opposer fermement aux courants antid\u00e9mocratiques et anti-humains aujourd\u2019hui\u00bb, estime Anja Zeller.<\/p>","protected":false},"excerpt":{"rendered":"<p>Les Verts du Main-Kinzig s'informent dans le quartier gouvernemental de Berlin \u00e0 l'invitation d'Omid Nouripour, MdB, Bundesvorstand B\u00fcndnis 90\/Die Gr\u00fcnen. La rencontre avec Nouripour s'est concentr\u00e9e sur l'attitude des Verts [...]<\/p>","protected":false},"author":-1,"featured_media":1388,"comment_status":"closed","ping_status":"open","sticky":false,"template":"","format":"standard","meta":{"footnotes":""},"categories":[1,4],"tags":[21,17,19,20,18],"class_list":["post-1387","post","type-post","status-publish","format-standard","has-post-thumbnail","hentry","category-allgemein","category-newsortsverbaende","tag-berlin","tag-biebergemuend","tag-hanau","tag-maintal","tag-unterwegs"],"_links":{"self":[{"href":"https:\/\/www.gruene-mkk.de\/fr\/wp-json\/wp\/v2\/posts\/1387","targetHints":{"allow":["GET"]}}],"collection":[{"href":"https:\/\/www.gruene-mkk.de\/fr\/wp-json\/wp\/v2\/posts"}],"about":[{"href":"https:\/\/www.gruene-mkk.de\/fr\/wp-json\/wp\/v2\/types\/post"}],"author":[{"embeddable":true,"href":"https:\/\/www.gruene-mkk.de\/fr\/wp-json\/wp\/v2\/users\/2"}],"replies":[{"embeddable":true,"href":"https:\/\/www.gruene-mkk.de\/fr\/wp-json\/wp\/v2\/comments?post=1387"}],"version-history":[{"count":1,"href":"https:\/\/www.gruene-mkk.de\/fr\/wp-json\/wp\/v2\/posts\/1387\/revisions"}],"predecessor-version":[{"id":1389,"href":"https:\/\/www.gruene-mkk.de\/fr\/wp-json\/wp\/v2\/posts\/1387\/revisions\/1389"}],"wp:featuredmedia":[{"embeddable":true,"href":"https:\/\/www.gruene-mkk.de\/fr\/wp-json\/wp\/v2\/media\/1388"}],"wp:attachment":[{"href":"https:\/\/www.gruene-mkk.de\/fr\/wp-json\/wp\/v2\/media?parent=1387"}],"wp:term":[{"taxonomy":"category","embeddable":true,"href":"https:\/\/www.gruene-mkk.de\/fr\/wp-json\/wp\/v2\/categories?post=1387"},{"taxonomy":"post_tag","embeddable":true,"href":"https:\/\/www.gruene-mkk.de\/fr\/wp-json\/wp\/v2\/tags?post=1387"}],"curies":[{"name":"wp","href":"https:\/\/api.w.org\/{rel}","templated":true}]}}