{"id":1263,"date":"2022-05-26T12:45:00","date_gmt":"2022-05-26T10:45:00","guid":{"rendered":"https:\/\/www.gruene-mkk.de\/?p=1263"},"modified":"2022-07-25T13:54:10","modified_gmt":"2022-07-25T11:54:10","slug":"gruene-frauenpower-im-main-kinzig-kreis","status":"publish","type":"post","link":"https:\/\/www.gruene-mkk.de\/fr\/gruene-frauenpower-im-main-kinzig-kreis\/","title":{"rendered":"Le pouvoir des femmes vertes dans le Main-Kinzig-Kreis"},"content":{"rendered":"<p>Hier, nous les femmes vertes nous sommes rencontr\u00e9es pour la premi\u00e8re fois depuis longtemps en pr\u00e9sence au caf\u00e9-restaurant Freigericht.<\/p>\n\n\n\n<p>Bien que dans un petit tour, mais avec de grandes femmes et des conversations stimulantes sur les femmes dans le travail et la politique municipale.<\/p>\n\n\n\n<p>Nous attendons avec impatience la prochaine r\u00e9union! Un rendez-vous suivra!<\/p>","protected":false},"excerpt":{"rendered":"<p>Hier, nous les femmes vertes nous sommes rencontr\u00e9es pour la premi\u00e8re fois depuis longtemps en pr\u00e9sence au caf\u00e9-restaurant Freigericht. Bien que dans un petit tour, mais avec de grandes femmes et stimulant [...]<\/p>","protected":false},"author":-1,"featured_media":1264,"comment_status":"open","ping_status":"open","sticky":false,"template":"","format":"standard","meta":{"footnotes":""},"categories":[1],"tags":[],"class_list":["post-1263","post","type-post","status-publish","format-standard","has-post-thumbnail","hentry","category-allgemein"],"_links":{"self":[{"href":"https:\/\/www.gruene-mkk.de\/fr\/wp-json\/wp\/v2\/posts\/1263","targetHints":{"allow":["GET"]}}],"collection":[{"href":"https:\/\/www.gruene-mkk.de\/fr\/wp-json\/wp\/v2\/posts"}],"about":[{"href":"https:\/\/www.gruene-mkk.de\/fr\/wp-json\/wp\/v2\/types\/post"}],"author":[{"embeddable":true,"href":"https:\/\/www.gruene-mkk.de\/fr\/wp-json\/wp\/v2\/users\/2"}],"replies":[{"embeddable":true,"href":"https:\/\/www.gruene-mkk.de\/fr\/wp-json\/wp\/v2\/comments?post=1263"}],"version-history":[{"count":1,"href":"https:\/\/www.gruene-mkk.de\/fr\/wp-json\/wp\/v2\/posts\/1263\/revisions"}],"predecessor-version":[{"id":1265,"href":"https:\/\/www.gruene-mkk.de\/fr\/wp-json\/wp\/v2\/posts\/1263\/revisions\/1265"}],"wp:featuredmedia":[{"embeddable":true,"href":"https:\/\/www.gruene-mkk.de\/fr\/wp-json\/wp\/v2\/media\/1264"}],"wp:attachment":[{"href":"https:\/\/www.gruene-mkk.de\/fr\/wp-json\/wp\/v2\/media?parent=1263"}],"wp:term":[{"taxonomy":"category","embeddable":true,"href":"https:\/\/www.gruene-mkk.de\/fr\/wp-json\/wp\/v2\/categories?post=1263"},{"taxonomy":"post_tag","embeddable":true,"href":"https:\/\/www.gruene-mkk.de\/fr\/wp-json\/wp\/v2\/tags?post=1263"}],"curies":[{"name":"wp","href":"https:\/\/api.w.org\/{rel}","templated":true}]}}