{"id":1229,"date":"2022-07-11T19:41:46","date_gmt":"2022-07-11T17:41:46","guid":{"rendered":"https:\/\/www.gruene-mkk.de\/?p=1229"},"modified":"2022-07-11T19:51:35","modified_gmt":"2022-07-11T17:51:35","slug":"wir-haben-lust-auf-wahlkampf","status":"publish","type":"post","link":"https:\/\/www.gruene-mkk.de\/fr\/wir-haben-lust-auf-wahlkampf\/","title":{"rendered":"Nous avons envie d'une campagne \u00e9lectorale!"},"content":{"rendered":"<p>Le 8 juillet a eu lieu notre s\u00e9ance d'information sur la campagne \u00e9lectorale du Landtag \u00e0 Bad Orb. Une trentaine de membres et d'invit\u00e9s sont venus \u00e0 l'\u00e9v\u00e9nement et ont \u00e9t\u00e9 accord\u00e9s \u00e0 la campagne \u00e9lectorale du Landtag dans un cadre magnifique dans la salle de lecture du Bad Orber Kurpark. <\/p>\n\n\n\n<p>L'\u00e9v\u00e9nement \u00e9tait centr\u00e9 sur une table ronde avec la d\u00e9put\u00e9e du Landtag Kathrin Anders et les candidates et candidats pour le Main-Kinzig-Kreis lors de la campagne \u00e9lectorale pr\u00e9c\u00e9dente, Birol Avci, Cornelia Hofacker et G\u00fcnther Koch. Ahmet Cetiner, porte-parole du conseil d'administration du district, a dirig\u00e9 l'entretien et a trac\u00e9 avec les anciens candidats le chemin de la d\u00e9cision \u00e0 la candidature, en passant par la liste, jusqu'au jour du scrutin.<\/p>\n\n\n\n<p>De leur exp\u00e9rience, on peut \u00e9galement d\u00e9duire de nombreuses t\u00e2ches pour la campagne \u00e9lectorale \u00e0 venir. Par cons\u00e9quent, cette merveilleuse soir\u00e9e avec beaucoup d'espace pour l'\u00e9change n'\u00e9tait que le d\u00e9but!<\/p>\n\n\n\n<p>Et c'est comme \u00e7a que \u00e7a se passe:<\/p>\n\n\n\n<p>Le<strong> 20 juillet<\/strong> Nous invitons toutes les personnes int\u00e9ress\u00e9es par une candidature ou une candidature de remplacement \u00e0 un entretien avec le comit\u00e9 de district. Si vous avez encore envie d'une candidature, vous pouvez vous adresser par e-mail \u00e0 <a href=\"#\" data-unscramble=\"ed.kkm-eneurg@vk\">kv@gruene-mkk.de<\/a> signaler.<\/p>\n\n\n\n<p>Le <strong>24 septembre<\/strong> L'\u00e9lection de nos candidats directs a lieu. De plus amples informations suivront prochainement.<\/p>\n\n\n\n<p>Et \u00e0 l'automne, d'autres \u00e9v\u00e9nements pour les assistants de campagne suivront. Ici aussi, vous \u00eates cordialement invit\u00e9s \u00e0 <strong>\u00c9quipe de campagne <\/strong>\u00e0 d\u00e9clarer <a href=\"#\" data-unscramble=\"ed.kkm-eneurg@vk\">(kv@gruene-mkk.de<\/a>)!<\/p>\n\n\n\n<p>Nous attendons avec impatience la campagne \u00e9lectorale 2023 avec vous tous!<\/p>\n\n\n\n<figure class=\"wp-block-gallery has-nested-images columns-2 is-cropped wp-block-gallery-1 is-layout-flex wp-block-gallery-is-layout-flex\">\n<figure class=\"wp-block-image size-large\"><a href=\"https:\/\/www.gruene-mkk.de\/wp-content\/uploads\/2022\/07\/P1120106-scaled.jpg\"><img loading=\"lazy\" decoding=\"async\" width=\"2560\" height=\"1708\" data-id=\"1244\" src=\"http:\/\/www.gruene-mkk.de\/wp-content\/uploads\/2022\/07\/P1120106-scaled.jpg\" alt=\"\" class=\"wp-image-1244\" srcset=\"https:\/\/www.gruene-mkk.de\/wp-content\/uploads\/2022\/07\/P1120106-scaled.jpg 2560w, https:\/\/www.gruene-mkk.de\/wp-content\/uploads\/2022\/07\/P1120106-400x267.jpg 400w, https:\/\/www.gruene-mkk.de\/wp-content\/uploads\/2022\/07\/P1120106-800x534.jpg 800w, https:\/\/www.gruene-mkk.de\/wp-content\/uploads\/2022\/07\/P1120106-768x512.jpg 768w, https:\/\/www.gruene-mkk.de\/wp-content\/uploads\/2022\/07\/P1120106-1536x1025.jpg 1536w, https:\/\/www.gruene-mkk.de\/wp-content\/uploads\/2022\/07\/P1120106-2048x1367.jpg 2048w\" sizes=\"auto, (max-width: 2560px) 100vw, 2560px\" \/><\/a><\/figure>\n\n\n\n<figure class=\"wp-block-image size-large\"><a href=\"https:\/\/www.gruene-mkk.de\/wp-content\/uploads\/2022\/07\/P1120017-scaled.jpg\"><img loading=\"lazy\" decoding=\"async\" width=\"2560\" height=\"1708\" data-id=\"1230\" src=\"http:\/\/www.gruene-mkk.de\/wp-content\/uploads\/2022\/07\/P1120017-scaled.jpg\" alt=\"\" class=\"wp-image-1230\" srcset=\"https:\/\/www.gruene-mkk.de\/wp-content\/uploads\/2022\/07\/P1120017-scaled.jpg 2560w, https:\/\/www.gruene-mkk.de\/wp-content\/uploads\/2022\/07\/P1120017-400x267.jpg 400w, https:\/\/www.gruene-mkk.de\/wp-content\/uploads\/2022\/07\/P1120017-800x534.jpg 800w, https:\/\/www.gruene-mkk.de\/wp-content\/uploads\/2022\/07\/P1120017-768x512.jpg 768w, https:\/\/www.gruene-mkk.de\/wp-content\/uploads\/2022\/07\/P1120017-1536x1025.jpg 1536w, https:\/\/www.gruene-mkk.de\/wp-content\/uploads\/2022\/07\/P1120017-2048x1367.jpg 2048w\" sizes=\"auto, (max-width: 2560px) 100vw, 2560px\" \/><\/a><\/figure>\n\n\n\n<figure class=\"wp-block-image size-large\"><a href=\"https:\/\/www.gruene-mkk.de\/wp-content\/uploads\/2022\/07\/P1120036-scaled.jpg\"><img loading=\"lazy\" decoding=\"async\" width=\"2560\" height=\"1708\" data-id=\"1232\" src=\"http:\/\/www.gruene-mkk.de\/wp-content\/uploads\/2022\/07\/P1120036-scaled.jpg\" alt=\"\" class=\"wp-image-1232\" srcset=\"https:\/\/www.gruene-mkk.de\/wp-content\/uploads\/2022\/07\/P1120036-scaled.jpg 2560w, https:\/\/www.gruene-mkk.de\/wp-content\/uploads\/2022\/07\/P1120036-400x267.jpg 400w, https:\/\/www.gruene-mkk.de\/wp-content\/uploads\/2022\/07\/P1120036-800x534.jpg 800w, https:\/\/www.gruene-mkk.de\/wp-content\/uploads\/2022\/07\/P1120036-768x512.jpg 768w, https:\/\/www.gruene-mkk.de\/wp-content\/uploads\/2022\/07\/P1120036-1536x1025.jpg 1536w, https:\/\/www.gruene-mkk.de\/wp-content\/uploads\/2022\/07\/P1120036-2048x1367.jpg 2048w\" sizes=\"auto, (max-width: 2560px) 100vw, 2560px\" \/><\/a><\/figure>\n\n\n\n<figure class=\"wp-block-image size-large\"><a href=\"https:\/\/www.gruene-mkk.de\/wp-content\/uploads\/2022\/07\/P1120041-scaled.jpg\"><img loading=\"lazy\" decoding=\"async\" width=\"2560\" height=\"1708\" data-id=\"1233\" src=\"http:\/\/www.gruene-mkk.de\/wp-content\/uploads\/2022\/07\/P1120041-scaled.jpg\" alt=\"\" class=\"wp-image-1233\" srcset=\"https:\/\/www.gruene-mkk.de\/wp-content\/uploads\/2022\/07\/P1120041-scaled.jpg 2560w, https:\/\/www.gruene-mkk.de\/wp-content\/uploads\/2022\/07\/P1120041-400x267.jpg 400w, https:\/\/www.gruene-mkk.de\/wp-content\/uploads\/2022\/07\/P1120041-800x534.jpg 800w, https:\/\/www.gruene-mkk.de\/wp-content\/uploads\/2022\/07\/P1120041-768x512.jpg 768w, https:\/\/www.gruene-mkk.de\/wp-content\/uploads\/2022\/07\/P1120041-1536x1025.jpg 1536w, https:\/\/www.gruene-mkk.de\/wp-content\/uploads\/2022\/07\/P1120041-2048x1367.jpg 2048w\" sizes=\"auto, (max-width: 2560px) 100vw, 2560px\" \/><\/a><\/figure>\n\n\n\n<figure class=\"wp-block-image size-large\"><a href=\"https:\/\/www.gruene-mkk.de\/wp-content\/uploads\/2022\/07\/P1120051-scaled.jpg\"><img loading=\"lazy\" decoding=\"async\" width=\"2560\" height=\"1708\" data-id=\"1234\" src=\"http:\/\/www.gruene-mkk.de\/wp-content\/uploads\/2022\/07\/P1120051-scaled.jpg\" alt=\"\" class=\"wp-image-1234\" srcset=\"https:\/\/www.gruene-mkk.de\/wp-content\/uploads\/2022\/07\/P1120051-scaled.jpg 2560w, https:\/\/www.gruene-mkk.de\/wp-content\/uploads\/2022\/07\/P1120051-400x267.jpg 400w, https:\/\/www.gruene-mkk.de\/wp-content\/uploads\/2022\/07\/P1120051-800x534.jpg 800w, https:\/\/www.gruene-mkk.de\/wp-content\/uploads\/2022\/07\/P1120051-768x512.jpg 768w, https:\/\/www.gruene-mkk.de\/wp-content\/uploads\/2022\/07\/P1120051-1536x1025.jpg 1536w, https:\/\/www.gruene-mkk.de\/wp-content\/uploads\/2022\/07\/P1120051-2048x1367.jpg 2048w\" sizes=\"auto, (max-width: 2560px) 100vw, 2560px\" \/><\/a><\/figure>\n\n\n\n<figure class=\"wp-block-image size-large\"><a href=\"https:\/\/www.gruene-mkk.de\/wp-content\/uploads\/2022\/07\/P1120062-scaled.jpg\"><img loading=\"lazy\" decoding=\"async\" width=\"2560\" height=\"1708\" data-id=\"1238\" src=\"http:\/\/www.gruene-mkk.de\/wp-content\/uploads\/2022\/07\/P1120062-scaled.jpg\" alt=\"\" class=\"wp-image-1238\" srcset=\"https:\/\/www.gruene-mkk.de\/wp-content\/uploads\/2022\/07\/P1120062-scaled.jpg 2560w, https:\/\/www.gruene-mkk.de\/wp-content\/uploads\/2022\/07\/P1120062-400x267.jpg 400w, https:\/\/www.gruene-mkk.de\/wp-content\/uploads\/2022\/07\/P1120062-800x534.jpg 800w, https:\/\/www.gruene-mkk.de\/wp-content\/uploads\/2022\/07\/P1120062-768x512.jpg 768w, https:\/\/www.gruene-mkk.de\/wp-content\/uploads\/2022\/07\/P1120062-1536x1025.jpg 1536w, https:\/\/www.gruene-mkk.de\/wp-content\/uploads\/2022\/07\/P1120062-2048x1367.jpg 2048w\" sizes=\"auto, (max-width: 2560px) 100vw, 2560px\" \/><\/a><\/figure>\n\n\n\n<figure class=\"wp-block-image size-large\"><a href=\"https:\/\/www.gruene-mkk.de\/wp-content\/uploads\/2022\/07\/P1120089-scaled.jpg\"><img loading=\"lazy\" decoding=\"async\" width=\"2560\" height=\"1708\" data-id=\"1240\" src=\"http:\/\/www.gruene-mkk.de\/wp-content\/uploads\/2022\/07\/P1120089-scaled.jpg\" alt=\"\" class=\"wp-image-1240\" srcset=\"https:\/\/www.gruene-mkk.de\/wp-content\/uploads\/2022\/07\/P1120089-scaled.jpg 2560w, https:\/\/www.gruene-mkk.de\/wp-content\/uploads\/2022\/07\/P1120089-400x267.jpg 400w, https:\/\/www.gruene-mkk.de\/wp-content\/uploads\/2022\/07\/P1120089-800x534.jpg 800w, https:\/\/www.gruene-mkk.de\/wp-content\/uploads\/2022\/07\/P1120089-768x512.jpg 768w, https:\/\/www.gruene-mkk.de\/wp-content\/uploads\/2022\/07\/P1120089-1536x1025.jpg 1536w, https:\/\/www.gruene-mkk.de\/wp-content\/uploads\/2022\/07\/P1120089-2048x1367.jpg 2048w\" sizes=\"auto, (max-width: 2560px) 100vw, 2560px\" \/><\/a><\/figure>\n\n\n\n<figure class=\"wp-block-image size-large\"><a href=\"https:\/\/www.gruene-mkk.de\/wp-content\/uploads\/2022\/07\/P1120056-scaled.jpg\"><img loading=\"lazy\" decoding=\"async\" width=\"2560\" height=\"1708\" data-id=\"1236\" src=\"http:\/\/www.gruene-mkk.de\/wp-content\/uploads\/2022\/07\/P1120056-scaled.jpg\" alt=\"\" class=\"wp-image-1236\" srcset=\"https:\/\/www.gruene-mkk.de\/wp-content\/uploads\/2022\/07\/P1120056-scaled.jpg 2560w, https:\/\/www.gruene-mkk.de\/wp-content\/uploads\/2022\/07\/P1120056-400x267.jpg 400w, https:\/\/www.gruene-mkk.de\/wp-content\/uploads\/2022\/07\/P1120056-800x534.jpg 800w, https:\/\/www.gruene-mkk.de\/wp-content\/uploads\/2022\/07\/P1120056-768x512.jpg 768w, https:\/\/www.gruene-mkk.de\/wp-content\/uploads\/2022\/07\/P1120056-1536x1025.jpg 1536w, https:\/\/www.gruene-mkk.de\/wp-content\/uploads\/2022\/07\/P1120056-2048x1367.jpg 2048w\" sizes=\"auto, (max-width: 2560px) 100vw, 2560px\" \/><\/a><\/figure>\n\n\n\n<figure class=\"wp-block-image size-large\"><a href=\"https:\/\/www.gruene-mkk.de\/wp-content\/uploads\/2022\/07\/P1120091-scaled.jpg\"><img loading=\"lazy\" decoding=\"async\" width=\"2560\" height=\"1708\" data-id=\"1241\" src=\"http:\/\/www.gruene-mkk.de\/wp-content\/uploads\/2022\/07\/P1120091-scaled.jpg\" alt=\"\" class=\"wp-image-1241\" srcset=\"https:\/\/www.gruene-mkk.de\/wp-content\/uploads\/2022\/07\/P1120091-scaled.jpg 2560w, https:\/\/www.gruene-mkk.de\/wp-content\/uploads\/2022\/07\/P1120091-400x267.jpg 400w, https:\/\/www.gruene-mkk.de\/wp-content\/uploads\/2022\/07\/P1120091-800x534.jpg 800w, https:\/\/www.gruene-mkk.de\/wp-content\/uploads\/2022\/07\/P1120091-768x512.jpg 768w, https:\/\/www.gruene-mkk.de\/wp-content\/uploads\/2022\/07\/P1120091-1536x1025.jpg 1536w, https:\/\/www.gruene-mkk.de\/wp-content\/uploads\/2022\/07\/P1120091-2048x1367.jpg 2048w\" sizes=\"auto, (max-width: 2560px) 100vw, 2560px\" \/><\/a><\/figure>\n\n\n\n<figure class=\"wp-block-image size-large\"><a href=\"https:\/\/www.gruene-mkk.de\/wp-content\/uploads\/2022\/07\/P1120059-scaled.jpg\"><img loading=\"lazy\" decoding=\"async\" width=\"2560\" height=\"1708\" data-id=\"1237\" src=\"http:\/\/www.gruene-mkk.de\/wp-content\/uploads\/2022\/07\/P1120059-scaled.jpg\" alt=\"\" class=\"wp-image-1237\" srcset=\"https:\/\/www.gruene-mkk.de\/wp-content\/uploads\/2022\/07\/P1120059-scaled.jpg 2560w, https:\/\/www.gruene-mkk.de\/wp-content\/uploads\/2022\/07\/P1120059-400x267.jpg 400w, https:\/\/www.gruene-mkk.de\/wp-content\/uploads\/2022\/07\/P1120059-800x534.jpg 800w, https:\/\/www.gruene-mkk.de\/wp-content\/uploads\/2022\/07\/P1120059-768x512.jpg 768w, https:\/\/www.gruene-mkk.de\/wp-content\/uploads\/2022\/07\/P1120059-1536x1025.jpg 1536w, https:\/\/www.gruene-mkk.de\/wp-content\/uploads\/2022\/07\/P1120059-2048x1367.jpg 2048w\" sizes=\"auto, (max-width: 2560px) 100vw, 2560px\" \/><\/a><\/figure>\n\n\n\n<figure class=\"wp-block-image size-large\"><a href=\"https:\/\/www.gruene-mkk.de\/wp-content\/uploads\/2022\/07\/P1120054-scaled.jpg\"><img loading=\"lazy\" decoding=\"async\" width=\"2560\" height=\"1708\" data-id=\"1235\" src=\"http:\/\/www.gruene-mkk.de\/wp-content\/uploads\/2022\/07\/P1120054-scaled.jpg\" alt=\"\" class=\"wp-image-1235\" srcset=\"https:\/\/www.gruene-mkk.de\/wp-content\/uploads\/2022\/07\/P1120054-scaled.jpg 2560w, https:\/\/www.gruene-mkk.de\/wp-content\/uploads\/2022\/07\/P1120054-400x267.jpg 400w, https:\/\/www.gruene-mkk.de\/wp-content\/uploads\/2022\/07\/P1120054-800x534.jpg 800w, https:\/\/www.gruene-mkk.de\/wp-content\/uploads\/2022\/07\/P1120054-768x512.jpg 768w, https:\/\/www.gruene-mkk.de\/wp-content\/uploads\/2022\/07\/P1120054-1536x1025.jpg 1536w, https:\/\/www.gruene-mkk.de\/wp-content\/uploads\/2022\/07\/P1120054-2048x1367.jpg 2048w\" sizes=\"auto, (max-width: 2560px) 100vw, 2560px\" \/><\/a><\/figure>\n\n\n\n<figure class=\"wp-block-image size-large\"><a href=\"https:\/\/www.gruene-mkk.de\/wp-content\/uploads\/2022\/07\/P1120069-scaled.jpg\"><img loading=\"lazy\" decoding=\"async\" width=\"2560\" height=\"1708\" data-id=\"1239\" src=\"http:\/\/www.gruene-mkk.de\/wp-content\/uploads\/2022\/07\/P1120069-scaled.jpg\" alt=\"\" class=\"wp-image-1239\" srcset=\"https:\/\/www.gruene-mkk.de\/wp-content\/uploads\/2022\/07\/P1120069-scaled.jpg 2560w, https:\/\/www.gruene-mkk.de\/wp-content\/uploads\/2022\/07\/P1120069-400x267.jpg 400w, https:\/\/www.gruene-mkk.de\/wp-content\/uploads\/2022\/07\/P1120069-800x534.jpg 800w, https:\/\/www.gruene-mkk.de\/wp-content\/uploads\/2022\/07\/P1120069-768x512.jpg 768w, https:\/\/www.gruene-mkk.de\/wp-content\/uploads\/2022\/07\/P1120069-1536x1025.jpg 1536w, https:\/\/www.gruene-mkk.de\/wp-content\/uploads\/2022\/07\/P1120069-2048x1367.jpg 2048w\" sizes=\"auto, (max-width: 2560px) 100vw, 2560px\" \/><\/a><\/figure>\n\n\n\n<figure class=\"wp-block-image size-large\"><a href=\"https:\/\/www.gruene-mkk.de\/wp-content\/uploads\/2022\/07\/P1120113-scaled.jpg\"><img loading=\"lazy\" decoding=\"async\" width=\"2560\" height=\"1708\" data-id=\"1245\" src=\"http:\/\/www.gruene-mkk.de\/wp-content\/uploads\/2022\/07\/P1120113-scaled.jpg\" alt=\"\" class=\"wp-image-1245\" srcset=\"https:\/\/www.gruene-mkk.de\/wp-content\/uploads\/2022\/07\/P1120113-scaled.jpg 2560w, https:\/\/www.gruene-mkk.de\/wp-content\/uploads\/2022\/07\/P1120113-400x267.jpg 400w, https:\/\/www.gruene-mkk.de\/wp-content\/uploads\/2022\/07\/P1120113-800x534.jpg 800w, https:\/\/www.gruene-mkk.de\/wp-content\/uploads\/2022\/07\/P1120113-768x512.jpg 768w, https:\/\/www.gruene-mkk.de\/wp-content\/uploads\/2022\/07\/P1120113-1536x1025.jpg 1536w, https:\/\/www.gruene-mkk.de\/wp-content\/uploads\/2022\/07\/P1120113-2048x1367.jpg 2048w\" sizes=\"auto, (max-width: 2560px) 100vw, 2560px\" \/><\/a><\/figure>\n\n\n\n<figure class=\"wp-block-image size-large\"><a href=\"https:\/\/www.gruene-mkk.de\/wp-content\/uploads\/2022\/07\/P1120096-scaled.jpg\"><img loading=\"lazy\" decoding=\"async\" width=\"2560\" height=\"1708\" data-id=\"1242\" src=\"http:\/\/www.gruene-mkk.de\/wp-content\/uploads\/2022\/07\/P1120096-scaled.jpg\" alt=\"\" class=\"wp-image-1242\" srcset=\"https:\/\/www.gruene-mkk.de\/wp-content\/uploads\/2022\/07\/P1120096-scaled.jpg 2560w, https:\/\/www.gruene-mkk.de\/wp-content\/uploads\/2022\/07\/P1120096-400x267.jpg 400w, https:\/\/www.gruene-mkk.de\/wp-content\/uploads\/2022\/07\/P1120096-800x534.jpg 800w, https:\/\/www.gruene-mkk.de\/wp-content\/uploads\/2022\/07\/P1120096-768x512.jpg 768w, https:\/\/www.gruene-mkk.de\/wp-content\/uploads\/2022\/07\/P1120096-1536x1025.jpg 1536w, https:\/\/www.gruene-mkk.de\/wp-content\/uploads\/2022\/07\/P1120096-2048x1367.jpg 2048w\" sizes=\"auto, (max-width: 2560px) 100vw, 2560px\" \/><\/a><\/figure>\n\n\n\n<figure class=\"wp-block-image size-large\"><a href=\"https:\/\/www.gruene-mkk.de\/wp-content\/uploads\/2022\/07\/P1120098-scaled.jpg\"><img loading=\"lazy\" decoding=\"async\" width=\"2560\" height=\"1708\" data-id=\"1243\" src=\"http:\/\/www.gruene-mkk.de\/wp-content\/uploads\/2022\/07\/P1120098-scaled.jpg\" alt=\"\" class=\"wp-image-1243\" srcset=\"https:\/\/www.gruene-mkk.de\/wp-content\/uploads\/2022\/07\/P1120098-scaled.jpg 2560w, https:\/\/www.gruene-mkk.de\/wp-content\/uploads\/2022\/07\/P1120098-400x267.jpg 400w, https:\/\/www.gruene-mkk.de\/wp-content\/uploads\/2022\/07\/P1120098-800x534.jpg 800w, https:\/\/www.gruene-mkk.de\/wp-content\/uploads\/2022\/07\/P1120098-768x512.jpg 768w, https:\/\/www.gruene-mkk.de\/wp-content\/uploads\/2022\/07\/P1120098-1536x1025.jpg 1536w, https:\/\/www.gruene-mkk.de\/wp-content\/uploads\/2022\/07\/P1120098-2048x1367.jpg 2048w\" sizes=\"auto, (max-width: 2560px) 100vw, 2560px\" \/><\/a><\/figure>\n\n\n\n<figure class=\"wp-block-image size-large\"><a href=\"https:\/\/www.gruene-mkk.de\/wp-content\/uploads\/2022\/07\/P1120115-scaled.jpg\"><img loading=\"lazy\" decoding=\"async\" width=\"2560\" height=\"1708\" data-id=\"1246\" src=\"http:\/\/www.gruene-mkk.de\/wp-content\/uploads\/2022\/07\/P1120115-scaled.jpg\" alt=\"\" class=\"wp-image-1246\" srcset=\"https:\/\/www.gruene-mkk.de\/wp-content\/uploads\/2022\/07\/P1120115-scaled.jpg 2560w, https:\/\/www.gruene-mkk.de\/wp-content\/uploads\/2022\/07\/P1120115-400x267.jpg 400w, https:\/\/www.gruene-mkk.de\/wp-content\/uploads\/2022\/07\/P1120115-800x534.jpg 800w, https:\/\/www.gruene-mkk.de\/wp-content\/uploads\/2022\/07\/P1120115-768x512.jpg 768w, https:\/\/www.gruene-mkk.de\/wp-content\/uploads\/2022\/07\/P1120115-1536x1025.jpg 1536w, https:\/\/www.gruene-mkk.de\/wp-content\/uploads\/2022\/07\/P1120115-2048x1367.jpg 2048w\" sizes=\"auto, (max-width: 2560px) 100vw, 2560px\" \/><\/a><\/figure>\n<\/figure>","protected":false},"excerpt":{"rendered":"<p>Le 8 juillet a eu lieu notre s\u00e9ance d'information sur la campagne \u00e9lectorale du Landtag \u00e0 Bad Orb. Une trentaine de membres et d'invit\u00e9s sont venus \u00e0 l'\u00e9v\u00e9nement et ont \u00e9t\u00e9 accueillis dans la salle de lecture de la salle de [...]<\/p>","protected":false},"author":-1,"featured_media":1238,"comment_status":"open","ping_status":"open","sticky":false,"template":"","format":"standard","meta":{"footnotes":""},"categories":[1,3],"tags":[],"class_list":["post-1229","post","type-post","status-publish","format-standard","has-post-thumbnail","hentry","category-allgemein","category-newswahlen"],"_links":{"self":[{"href":"https:\/\/www.gruene-mkk.de\/fr\/wp-json\/wp\/v2\/posts\/1229","targetHints":{"allow":["GET"]}}],"collection":[{"href":"https:\/\/www.gruene-mkk.de\/fr\/wp-json\/wp\/v2\/posts"}],"about":[{"href":"https:\/\/www.gruene-mkk.de\/fr\/wp-json\/wp\/v2\/types\/post"}],"author":[{"embeddable":true,"href":"https:\/\/www.gruene-mkk.de\/fr\/wp-json\/wp\/v2\/users\/2"}],"replies":[{"embeddable":true,"href":"https:\/\/www.gruene-mkk.de\/fr\/wp-json\/wp\/v2\/comments?post=1229"}],"version-history":[{"count":2,"href":"https:\/\/www.gruene-mkk.de\/fr\/wp-json\/wp\/v2\/posts\/1229\/revisions"}],"predecessor-version":[{"id":1248,"href":"https:\/\/www.gruene-mkk.de\/fr\/wp-json\/wp\/v2\/posts\/1229\/revisions\/1248"}],"wp:featuredmedia":[{"embeddable":true,"href":"https:\/\/www.gruene-mkk.de\/fr\/wp-json\/wp\/v2\/media\/1238"}],"wp:attachment":[{"href":"https:\/\/www.gruene-mkk.de\/fr\/wp-json\/wp\/v2\/media?parent=1229"}],"wp:term":[{"taxonomy":"category","embeddable":true,"href":"https:\/\/www.gruene-mkk.de\/fr\/wp-json\/wp\/v2\/categories?post=1229"},{"taxonomy":"post_tag","embeddable":true,"href":"https:\/\/www.gruene-mkk.de\/fr\/wp-json\/wp\/v2\/tags?post=1229"}],"curies":[{"name":"wp","href":"https:\/\/api.w.org\/{rel}","templated":true}]}}