{"id":1187,"date":"2022-06-14T10:10:00","date_gmt":"2022-06-14T08:10:00","guid":{"rendered":"https:\/\/www.gruene-mkk.de\/?p=1187"},"modified":"2022-06-24T10:13:11","modified_gmt":"2022-06-24T08:13:11","slug":"hessen-in-besten-haenden","status":"publish","type":"post","link":"https:\/\/www.gruene-mkk.de\/fr\/hessen-in-besten-haenden\/","title":{"rendered":"La Hesse entre de bonnes mains"},"content":{"rendered":"<p>Avec cette promesse, notre association nationale a c\u00e9l\u00e9br\u00e9 aujourd\u2019hui le coup d\u2019envoi des \u00e9lections r\u00e9gionales de 2023. Notre pr\u00e9sident f\u00e9d\u00e9ral Omid Nouripur , qui a clairement d\u00e9clar\u00e9 qu\u2019il \u00e9tait le plus populaire de la Hesse, \u00e9tait venu lui-m\u00eame de Berlin. <\/p>\n\n\n\n<p>Le politicien Tarek Al Wazir, nous pouvons commencer avec confiance dans le trilogue pour la Chancellerie d'Etat \u00e0 Wiesbaden! Dans son allocution vid\u00e9o, Robert Habeck a soulign\u00e9 le courage dont font preuve les VERTS dans l'Alliance 90\/Les Verts de Hesse avec la perspective de promettre un changement et un soutien au pays. Tarek al Wazir a r\u00e9affirm\u00e9 notre responsabilit\u00e9 apr\u00e8s 8 ans de participation au gouvernement avec de nombreux succ\u00e8s VERTS en Hesse pour mener le pays et les gens \u00e0 travers les crises aigu\u00ebs et la transformation n\u00e9cessaire \u00e0 la neutralit\u00e9 climatique et la s\u00e9curit\u00e9 \u00e9nerg\u00e9tique. <\/p>\n\n\n\n<p>L'association de district MKK \u00e9tait avec 11 membres (9 ont r\u00e9ussi \u00e0 la photo <img loading=\"lazy\" decoding=\"async\" height=\"16\" width=\"16\" alt=\"\u2047\" src=\"https:\/\/static.xx.fbcdn.net\/images\/emoji.php\/v9\/ta8\/1.5\/16\/1f601.png\">) sur le terrain et prendra l'\u00e9tincelle pour le d\u00e9but de la campagne \u00e9lectorale et la transmettra \u00e0 tous nos membres.<\/p>","protected":false},"excerpt":{"rendered":"<p>Avec cette promesse, notre association nationale a c\u00e9l\u00e9br\u00e9 aujourd\u2019hui le coup d\u2019envoi des \u00e9lections r\u00e9gionales de 2023. Notre pr\u00e9sident f\u00e9d\u00e9ral Omid Nouripur , qui a clairement d\u00e9clar\u00e9 avec la Hesse [...]<\/p>","protected":false},"author":-1,"featured_media":1188,"comment_status":"open","ping_status":"open","sticky":false,"template":"","format":"standard","meta":{"footnotes":""},"categories":[1,3],"tags":[],"class_list":["post-1187","post","type-post","status-publish","format-standard","has-post-thumbnail","hentry","category-allgemein","category-newswahlen"],"_links":{"self":[{"href":"https:\/\/www.gruene-mkk.de\/fr\/wp-json\/wp\/v2\/posts\/1187","targetHints":{"allow":["GET"]}}],"collection":[{"href":"https:\/\/www.gruene-mkk.de\/fr\/wp-json\/wp\/v2\/posts"}],"about":[{"href":"https:\/\/www.gruene-mkk.de\/fr\/wp-json\/wp\/v2\/types\/post"}],"author":[{"embeddable":true,"href":"https:\/\/www.gruene-mkk.de\/fr\/wp-json\/wp\/v2\/users\/2"}],"replies":[{"embeddable":true,"href":"https:\/\/www.gruene-mkk.de\/fr\/wp-json\/wp\/v2\/comments?post=1187"}],"version-history":[{"count":1,"href":"https:\/\/www.gruene-mkk.de\/fr\/wp-json\/wp\/v2\/posts\/1187\/revisions"}],"predecessor-version":[{"id":1189,"href":"https:\/\/www.gruene-mkk.de\/fr\/wp-json\/wp\/v2\/posts\/1187\/revisions\/1189"}],"wp:featuredmedia":[{"embeddable":true,"href":"https:\/\/www.gruene-mkk.de\/fr\/wp-json\/wp\/v2\/media\/1188"}],"wp:attachment":[{"href":"https:\/\/www.gruene-mkk.de\/fr\/wp-json\/wp\/v2\/media?parent=1187"}],"wp:term":[{"taxonomy":"category","embeddable":true,"href":"https:\/\/www.gruene-mkk.de\/fr\/wp-json\/wp\/v2\/categories?post=1187"},{"taxonomy":"post_tag","embeddable":true,"href":"https:\/\/www.gruene-mkk.de\/fr\/wp-json\/wp\/v2\/tags?post=1187"}],"curies":[{"name":"wp","href":"https:\/\/api.w.org\/{rel}","templated":true}]}}