{"id":1183,"date":"2022-06-17T16:50:36","date_gmt":"2022-06-17T14:50:36","guid":{"rendered":"https:\/\/www.gruene-mkk.de\/?p=1183"},"modified":"2022-06-17T16:50:36","modified_gmt":"2022-06-17T14:50:36","slug":"neue-energien-braucht-das-land","status":"publish","type":"post","link":"https:\/\/www.gruene-mkk.de\/fr\/neue-energien-braucht-das-land\/","title":{"rendered":"Le pays a besoin de nouvelles \u00e9nergies"},"content":{"rendered":"<p><em>Les Verts Main-Kinzig se penchent lors de l'assembl\u00e9e g\u00e9n\u00e9rale sur les \u00e9nergies renouvelables et les prochaines \u00e9lections r\u00e9gionales<\/em><\/p>\n\n\n\n<!--more-->\n\n\n\n<p>\u00abDans le Landkreis, il faut enfin s\u2019attaquer s\u00e9rieusement au d\u00e9veloppement des \u00e9nergies renouvelables et, \u00e0 Wiesbaden, le vent vert doit souffler sur la chancellerie d\u2019\u00c9tat en 2023. Tarek Al Wazir doit devenir Premier ministre\u00bb, a d\u00e9clar\u00e9 Ahmet Cetiner, porte-parole de l\u2019association des Verts Main-Kinzig, lors de l\u2019assembl\u00e9e g\u00e9n\u00e9rale qui s\u2019est tenue le 15 juin 22 \u00e0 Rodenbach. Il faisait ainsi r\u00e9f\u00e9rence \u00e0 la prochaine campagne \u00e9lectorale du Landtag, sur laquelle le conseil d'administration a approuv\u00e9 ses membres, ainsi qu'\u00e0 la d\u00e9cision prise conjointement \u00e0 l'Assembl\u00e9e sur les \u00e9nergies renouvelables.<\/p>\n\n\n\n<p>Auparavant, cependant, le conseil d'administration a annonc\u00e9 un changement dans ses propres rangs: Viola Ha\u00dfdenteufel a remis le poste de porte-parole \u00e0 sa coll\u00e8gue du conseil d'administration Maria Heider. \u00abGr\u00e2ce \u00e0 notre forte croissance et aux prochaines campagnes \u00e9lectorales, nous avons de nombreuses t\u00e2ches \u00e0 accomplir. Il est important que nous unissions les forces de nos membres du conseil d'administration et que nous r\u00e9partissions les t\u00e2ches sur de fortes \u00e9paules. \u00c9tant donn\u00e9 que l\u2019ann\u00e9e derni\u00e8re, j\u2019ai \u00e9galement occup\u00e9 le poste de vice-pr\u00e9sidente du groupe au conseil du district, j\u2019ai donc le plaisir de confier la fonction de porte-parole \u00e0 une excellente rempla\u00e7ante\u00bb, nous explique Viola Ha\u00dfdenteufel. Heider a remerci\u00e9 chaleureusement la confiance et l'engagement de son pr\u00e9d\u00e9cesseur.<\/p>\n\n\n\n<p>Avec J\u00fcrgen Staab, copr\u00e9sident de la coop\u00e9rative d'\u00e9nergie Main-Kinzig eG, l'assembl\u00e9e a discut\u00e9 des perspectives du d\u00e9veloppement des \u00e9nergies renouvelables dans le cercle. \u00abLa lutte de l\u2019Ukraine contre la Russie pour sa libert\u00e9 et sa s\u00e9curit\u00e9 passe maintenant par la lutte pour la s\u00e9curit\u00e9 \u00e9nerg\u00e9tique\u00bb, a soulign\u00e9 Maria Heider. \u00abL\u2019Allemagne, en particulier, doit de toute urgence s\u2019affranchir de sa d\u00e9pendance \u00e0 l\u2019\u00e9gard du p\u00e9trole et du gaz russes. Le d\u00e9veloppement des \u00e9nergies renouvelables est devenu existentiel pour garantir notre s\u00e9curit\u00e9 \u00e9nerg\u00e9tique et la protection du climat. Nous ne pouvons tout simplement plus nous permettre une attitude de blocage de la part des gouvernants \u00e0 l\u2019\u00e9gard des ronds-points et des retards dans l\u2019examen des surfaces de priorit\u00e9 au vent, comme c\u2019est le cas dans les tribunaux francs.\u00bb<\/p>\n\n\n\n<p>Dans une r\u00e9solution, l'assembl\u00e9e des membres des Verts Main-Kinzig souligne la n\u00e9cessit\u00e9 de poursuivre le d\u00e9veloppement des \u00e9nergies renouvelables et se prononce en faveur d'un d\u00e9veloppement acc\u00e9l\u00e9r\u00e9 des installations \u00e9oliennes et photovolta\u00efques. L'hydrog\u00e8ne vert ne doit pas non plus manquer dans le cercle. L'efficacit\u00e9 \u00e9nerg\u00e9tique et les \u00e9conomies d'\u00e9nergie doivent \u00eatre encourag\u00e9es. Les b\u00e2timents publics et les institutions ont un r\u00f4le exemplaire \u00e0 jouer \u00e0 cet \u00e9gard.<\/p>\n\n\n\n<p>Enfin, le conseil d'administration a clairement annonc\u00e9 les objectifs des prochaines campagnes \u00e9lectorales: \u00abNous, les Verts, ne sommes plus l\u2019\u00e9co-application du SPD. Nous avons une identit\u00e9 qui nous est propre et qui a beaucoup de succ\u00e8s\u00bb, a d\u00e9clar\u00e9 Ahmet Cetiner, citant un discours prononc\u00e9 par Tarek Al-Wazir lors du dernier congr\u00e8s national du parti. \u00abNous voulons \u00eatre responsables. C'est pourquoi nous pr\u00e9senterons une candidate ou un candidat pour l'\u00e9lection du Landrat et nous commen\u00e7ons d\u00e9j\u00e0 \u00e0 constituer des candidats pour l'\u00e9lection du Landtag.<\/p>","protected":false},"excerpt":{"rendered":"<p>Les Verts Main-Kinzig se penchent lors de l'assembl\u00e9e g\u00e9n\u00e9rale sur les \u00e9nergies renouvelables et les prochaines \u00e9lections r\u00e9gionales<\/p>","protected":false},"author":-1,"featured_media":1184,"comment_status":"open","ping_status":"open","sticky":false,"template":"","format":"standard","meta":{"footnotes":""},"categories":[1],"tags":[],"class_list":["post-1183","post","type-post","status-publish","format-standard","has-post-thumbnail","hentry","category-allgemein"],"_links":{"self":[{"href":"https:\/\/www.gruene-mkk.de\/fr\/wp-json\/wp\/v2\/posts\/1183","targetHints":{"allow":["GET"]}}],"collection":[{"href":"https:\/\/www.gruene-mkk.de\/fr\/wp-json\/wp\/v2\/posts"}],"about":[{"href":"https:\/\/www.gruene-mkk.de\/fr\/wp-json\/wp\/v2\/types\/post"}],"author":[{"embeddable":true,"href":"https:\/\/www.gruene-mkk.de\/fr\/wp-json\/wp\/v2\/users\/2"}],"replies":[{"embeddable":true,"href":"https:\/\/www.gruene-mkk.de\/fr\/wp-json\/wp\/v2\/comments?post=1183"}],"version-history":[{"count":1,"href":"https:\/\/www.gruene-mkk.de\/fr\/wp-json\/wp\/v2\/posts\/1183\/revisions"}],"predecessor-version":[{"id":1185,"href":"https:\/\/www.gruene-mkk.de\/fr\/wp-json\/wp\/v2\/posts\/1183\/revisions\/1185"}],"wp:featuredmedia":[{"embeddable":true,"href":"https:\/\/www.gruene-mkk.de\/fr\/wp-json\/wp\/v2\/media\/1184"}],"wp:attachment":[{"href":"https:\/\/www.gruene-mkk.de\/fr\/wp-json\/wp\/v2\/media?parent=1183"}],"wp:term":[{"taxonomy":"category","embeddable":true,"href":"https:\/\/www.gruene-mkk.de\/fr\/wp-json\/wp\/v2\/categories?post=1183"},{"taxonomy":"post_tag","embeddable":true,"href":"https:\/\/www.gruene-mkk.de\/fr\/wp-json\/wp\/v2\/tags?post=1183"}],"curies":[{"name":"wp","href":"https:\/\/api.w.org\/{rel}","templated":true}]}}