{"id":1073,"date":"2022-05-14T14:51:47","date_gmt":"2022-05-14T12:51:47","guid":{"rendered":"https:\/\/www.gruene-mkk.de\/?p=1073"},"modified":"2022-05-14T14:52:06","modified_gmt":"2022-05-14T12:52:06","slug":"gruene-ue60-treffen-sich-in-hanau","status":"publish","type":"post","link":"https:\/\/www.gruene-mkk.de\/fr\/gruene-ue60-treffen-sich-in-hanau\/","title":{"rendered":"Les Verts \u00dc60 se r\u00e9unissent \u00e0 Hanau"},"content":{"rendered":"<p>La prochaine r\u00e9union du GAL \u00abVerts anciens\u00bb aura lieu le 20 mai \u00e0 Francfort.<\/p>\n\n\n\n<!--more-->\n\n\n\n<p>Le samedi 14 mai, les membres des Verts Main-Kinzig de plus de 60 ans se sont rencontr\u00e9s pour le petit-d\u00e9jeuner dans la maison de quartier T\u00fcmpelgarten \u00e0 Hanau.<\/p>\n\n\n\n<p>Les participants ont rassembl\u00e9 des th\u00e8mes sur lesquels ils souhaitent \u00e9changer lors d'autres rencontres et \u00e9laborer des solutions concr\u00e8tes. Parmi les th\u00e8mes abord\u00e9s figuraient le logement, la mobilit\u00e9 et la num\u00e9risation.<\/p>\n\n\n\n<p>Les membres int\u00e9ress\u00e9s peuvent \u00e0 tout moment s'adresser par e-mail \u00e0 <a href=\"#\" data-unscramble=\"ed.kkm-eneurg@vk\">kv@gruene-mkk.de<\/a> Signaler pour obtenir plus d'informations.<\/p>\n\n\n\n<p>La prochaine r\u00e9union aura lieu le 1er octobre dans la matin\u00e9e. Le lieu et l'heure seront annonc\u00e9s.<\/p>\n\n\n\n<figure class=\"wp-block-gallery columns-2 is-cropped wp-block-gallery-1 is-layout-flex wp-block-gallery-is-layout-flex\"><ul class=\"blocks-gallery-grid\"><li class=\"blocks-gallery-item\"><figure><img loading=\"lazy\" decoding=\"async\" width=\"800\" height=\"600\" src=\"http:\/\/www.gruene-mkk.de\/wp-content\/uploads\/2022\/05\/PXL_20220514_085149553-800x600.jpg\" alt=\"\" data-id=\"1076\" data-full-url=\"http:\/\/www.gruene-mkk.de\/wp-content\/uploads\/2022\/05\/PXL_20220514_085149553-scaled.jpg\" data-link=\"https:\/\/www.gruene-mkk.de\/?attachment_id=1076\" class=\"wp-image-1076\" srcset=\"https:\/\/www.gruene-mkk.de\/wp-content\/uploads\/2022\/05\/PXL_20220514_085149553-800x600.jpg 800w, https:\/\/www.gruene-mkk.de\/wp-content\/uploads\/2022\/05\/PXL_20220514_085149553-400x300.jpg 400w, https:\/\/www.gruene-mkk.de\/wp-content\/uploads\/2022\/05\/PXL_20220514_085149553-768x576.jpg 768w, https:\/\/www.gruene-mkk.de\/wp-content\/uploads\/2022\/05\/PXL_20220514_085149553-1536x1152.jpg 1536w, https:\/\/www.gruene-mkk.de\/wp-content\/uploads\/2022\/05\/PXL_20220514_085149553-2048x1536.jpg 2048w\" sizes=\"auto, (max-width: 800px) 100vw, 800px\" \/><\/figure><\/li><li class=\"blocks-gallery-item\"><figure><img loading=\"lazy\" decoding=\"async\" width=\"800\" height=\"1067\" src=\"http:\/\/www.gruene-mkk.de\/wp-content\/uploads\/2022\/05\/PXL_20220514_083158006-800x1067.jpg\" alt=\"\" data-id=\"1075\" data-full-url=\"http:\/\/www.gruene-mkk.de\/wp-content\/uploads\/2022\/05\/PXL_20220514_083158006-scaled.jpg\" data-link=\"https:\/\/www.gruene-mkk.de\/?attachment_id=1075\" class=\"wp-image-1075\" srcset=\"https:\/\/www.gruene-mkk.de\/wp-content\/uploads\/2022\/05\/PXL_20220514_083158006-800x1067.jpg 800w, https:\/\/www.gruene-mkk.de\/wp-content\/uploads\/2022\/05\/PXL_20220514_083158006-400x533.jpg 400w, https:\/\/www.gruene-mkk.de\/wp-content\/uploads\/2022\/05\/PXL_20220514_083158006-768x1024.jpg 768w, https:\/\/www.gruene-mkk.de\/wp-content\/uploads\/2022\/05\/PXL_20220514_083158006-1152x1536.jpg 1152w, https:\/\/www.gruene-mkk.de\/wp-content\/uploads\/2022\/05\/PXL_20220514_083158006-1536x2048.jpg 1536w, https:\/\/www.gruene-mkk.de\/wp-content\/uploads\/2022\/05\/PXL_20220514_083158006-scaled.jpg 1920w\" sizes=\"auto, (max-width: 800px) 100vw, 800px\" \/><\/figure><\/li><\/ul><\/figure>","protected":false},"excerpt":{"rendered":"<p>La prochaine r\u00e9union du GAL \u00abVerts anciens\u00bb aura lieu le 20 mai \u00e0 Francfort.<\/p>","protected":false},"author":-1,"featured_media":1074,"comment_status":"open","ping_status":"open","sticky":false,"template":"","format":"standard","meta":{"footnotes":""},"categories":[1],"tags":[],"class_list":["post-1073","post","type-post","status-publish","format-standard","has-post-thumbnail","hentry","category-allgemein"],"_links":{"self":[{"href":"https:\/\/www.gruene-mkk.de\/fr\/wp-json\/wp\/v2\/posts\/1073","targetHints":{"allow":["GET"]}}],"collection":[{"href":"https:\/\/www.gruene-mkk.de\/fr\/wp-json\/wp\/v2\/posts"}],"about":[{"href":"https:\/\/www.gruene-mkk.de\/fr\/wp-json\/wp\/v2\/types\/post"}],"author":[{"embeddable":true,"href":"https:\/\/www.gruene-mkk.de\/fr\/wp-json\/wp\/v2\/users\/2"}],"replies":[{"embeddable":true,"href":"https:\/\/www.gruene-mkk.de\/fr\/wp-json\/wp\/v2\/comments?post=1073"}],"version-history":[{"count":2,"href":"https:\/\/www.gruene-mkk.de\/fr\/wp-json\/wp\/v2\/posts\/1073\/revisions"}],"predecessor-version":[{"id":1078,"href":"https:\/\/www.gruene-mkk.de\/fr\/wp-json\/wp\/v2\/posts\/1073\/revisions\/1078"}],"wp:featuredmedia":[{"embeddable":true,"href":"https:\/\/www.gruene-mkk.de\/fr\/wp-json\/wp\/v2\/media\/1074"}],"wp:attachment":[{"href":"https:\/\/www.gruene-mkk.de\/fr\/wp-json\/wp\/v2\/media?parent=1073"}],"wp:term":[{"taxonomy":"category","embeddable":true,"href":"https:\/\/www.gruene-mkk.de\/fr\/wp-json\/wp\/v2\/categories?post=1073"},{"taxonomy":"post_tag","embeddable":true,"href":"https:\/\/www.gruene-mkk.de\/fr\/wp-json\/wp\/v2\/tags?post=1073"}],"curies":[{"name":"wp","href":"https:\/\/api.w.org\/{rel}","templated":true}]}}