{"id":1069,"date":"2022-05-05T17:32:00","date_gmt":"2022-05-05T15:32:00","guid":{"rendered":"https:\/\/www.gruene-mkk.de\/?p=1069"},"modified":"2022-05-12T17:36:44","modified_gmt":"2022-05-12T15:36:44","slug":"veranstaltung-nachhaltige-landwirtschaft-in-hessen","status":"publish","type":"post","link":"https:\/\/www.gruene-mkk.de\/fr\/veranstaltung-nachhaltige-landwirtschaft-in-hessen\/","title":{"rendered":"\u00c9v\u00e9nement: \u00abAgriculture durable en Hesse\u00bb"},"content":{"rendered":"<p>Le 28 avril 2022, outre Mark Trageser, pr\u00e9sident de l\u2019Union des paysans du cercle Main-Kinzig, quelques agriculteurs et autres concitoyens int\u00e9ress\u00e9s de Biebergem\u00fcnd ont r\u00e9pondu \u00e0 l\u2019invitation de l\u2019Union locale des Verts \u00e0&nbsp;<a href=\"https:\/\/www.gruene-biebergemuend.de\/2022\/04\/15\/28-4-stammtisch-mit-hans-juergen-mueller\/\">Table ronde verte num\u00e9rique consacr\u00e9e \u00e0 l\u2019agriculture durable en Hesse<\/a>&nbsp;occup\u00e9s.<\/p>\n\n\n\n<p>L'agriculteur biologique de longue date et porte-parole du groupe parlementaire des Verts pour l'agriculture, la protection des animaux et la chasse,\u00a0<a href=\"https:\/\/www.mueller-witzenhausen.de\/\">Hans-J\u00fcrgen M\u00fcller<\/a>, a d'abord d\u00e9crit son point de vue sur l'agriculture au fil du temps.\u00a0<\/p>\n\n\n\n<p><a href=\"https:\/\/www.gruene-biebergemuend.de\/2022\/05\/03\/gruene-agrarpolitik-fuer-hessen-mit-hans-juergen-mueller\/\">Un compte rendu d\u00e9taill\u00e9 de l'\u00e9v\u00e9nement est disponible sur le site des Verts de Biebergem\u00fcnd.<\/a><\/p>","protected":false},"excerpt":{"rendered":"<p>Le 28 avril 2022, outre Mark Trageser, pr\u00e9sident de l'Union des paysans du cercle Main-Kinzig, quelques agriculteurs et autres concitoyens int\u00e9ress\u00e9s de Biebergem\u00fcnd ont \u00e9galement r\u00e9pondu \u00e0 l'invitation de l'Union locale des Verts [...]<\/p>","protected":false},"author":-1,"featured_media":0,"comment_status":"open","ping_status":"open","sticky":false,"template":"","format":"standard","meta":{"footnotes":""},"categories":[4],"tags":[],"class_list":["post-1069","post","type-post","status-publish","format-standard","hentry","category-newsortsverbaende"],"_links":{"self":[{"href":"https:\/\/www.gruene-mkk.de\/fr\/wp-json\/wp\/v2\/posts\/1069","targetHints":{"allow":["GET"]}}],"collection":[{"href":"https:\/\/www.gruene-mkk.de\/fr\/wp-json\/wp\/v2\/posts"}],"about":[{"href":"https:\/\/www.gruene-mkk.de\/fr\/wp-json\/wp\/v2\/types\/post"}],"author":[{"embeddable":true,"href":"https:\/\/www.gruene-mkk.de\/fr\/wp-json\/wp\/v2\/users\/2"}],"replies":[{"embeddable":true,"href":"https:\/\/www.gruene-mkk.de\/fr\/wp-json\/wp\/v2\/comments?post=1069"}],"version-history":[{"count":1,"href":"https:\/\/www.gruene-mkk.de\/fr\/wp-json\/wp\/v2\/posts\/1069\/revisions"}],"predecessor-version":[{"id":1071,"href":"https:\/\/www.gruene-mkk.de\/fr\/wp-json\/wp\/v2\/posts\/1069\/revisions\/1071"}],"wp:attachment":[{"href":"https:\/\/www.gruene-mkk.de\/fr\/wp-json\/wp\/v2\/media?parent=1069"}],"wp:term":[{"taxonomy":"category","embeddable":true,"href":"https:\/\/www.gruene-mkk.de\/fr\/wp-json\/wp\/v2\/categories?post=1069"},{"taxonomy":"post_tag","embeddable":true,"href":"https:\/\/www.gruene-mkk.de\/fr\/wp-json\/wp\/v2\/tags?post=1069"}],"curies":[{"name":"wp","href":"https:\/\/api.w.org\/{rel}","templated":true}]}}