{"id":1041,"date":"2022-04-27T09:53:39","date_gmt":"2022-04-27T07:53:39","guid":{"rendered":"https:\/\/www.gruene-mkk.de\/?p=1041"},"modified":"2022-04-27T09:54:40","modified_gmt":"2022-04-27T07:54:40","slug":"sicherheitsanforderungen-fuer-nukleare-anlagen-ueberpruefen","status":"publish","type":"post","link":"https:\/\/www.gruene-mkk.de\/fr\/sicherheitsanforderungen-fuer-nukleare-anlagen-ueberpruefen\/","title":{"rendered":"V\u00e9rifier les exigences de s\u00fbret\u00e9 des installations nucl\u00e9aires"},"content":{"rendered":"<p>La guerre en Ukraine comporte le risque d'une nouvelle catastrophe nucl\u00e9aire. C'est pourquoi l'association du district et le groupe parlementaire du district soutiennent les demandes du groupe parlementaire \u00e0 l'occasion du 36e anniversaire de l'accident nucl\u00e9aire de Tchernobyl de revoir les exigences de s\u00e9curit\u00e9 pour les installations nucl\u00e9aires.<\/p>\n\n\n\n<p>En cas d'interruption du refroidissement en raison d'erreurs de fonctionnement, d'une perte de liquide de refroidissement ou d'une panne prolong\u00e9e du r\u00e9seau \u00e9lectrique, il y a un risque d'accident. L'Europe est confront\u00e9e \u00e0 ce danger depuis quelques semaines, lorsque les centrales nucl\u00e9aires, les entrep\u00f4ts interm\u00e9diaires et Tchernobyl lui-m\u00eame ont \u00e9t\u00e9 aux mains de la Russie pendant des semaines, coup\u00e9s de l'\u00e9lectricit\u00e9 et sous le feu. Les cyberattaques contre des infrastructures critiques repr\u00e9sentent \u00e9galement une menace majeure pour les centrales nucl\u00e9aires. Dans la situation actuelle, il faut donc se poser la question de la s\u00e9curit\u00e9 des centrales nucl\u00e9aires dans les conflits militaires.<\/p>\n\n\n\n<p>Il convient \u00e9galement de garder \u00e0 l'esprit la d\u00e9pendance \u00e0 l'\u00e9gard de la Russie dans le domaine de la production d'\u00e9nergie nucl\u00e9aire, qu'il convient de mettre un terme. Ainsi, la Russie fournit encore des barres de combustible \u00e0 l'Europe. Le d\u00e9veloppement des \u00e9nergies renouvelables est n\u00e9cessaire pour l'ind\u00e9pendance de la Russie dans la production d'\u00e9nergie et l'\u00e9nergie nucl\u00e9aire n'est pas une alternative, en particulier en raison des risques pour la s\u00e9curit\u00e9.<\/p>\n\n\n\n<p>Lien vers le communiqu\u00e9 de presse du groupe parlementaire:\u00a0<a rel=\"noreferrer noopener\" target=\"_blank\" href=\"https:\/\/gruenlink.de\/2isv\">https:\/\/gruenlink.de\/2isv<\/a><\/p>","protected":false},"excerpt":{"rendered":"<p>La guerre en Ukraine comporte le risque d'une nouvelle catastrophe nucl\u00e9aire. C'est pourquoi l'association du district et le groupe parlementaire du district soutiennent les revendications du groupe parlementaire allemand \u00e0 l'occasion du 36e anniversaire de l'accident nucl\u00e9aire de Tchernobyl, [...]<\/p>","protected":false},"author":-1,"featured_media":0,"comment_status":"open","ping_status":"open","sticky":false,"template":"","format":"standard","meta":{"footnotes":""},"categories":[1,2],"tags":[],"class_list":["post-1041","post","type-post","status-publish","format-standard","hentry","category-allgemein","category-newskreistagsfraktion"],"_links":{"self":[{"href":"https:\/\/www.gruene-mkk.de\/fr\/wp-json\/wp\/v2\/posts\/1041","targetHints":{"allow":["GET"]}}],"collection":[{"href":"https:\/\/www.gruene-mkk.de\/fr\/wp-json\/wp\/v2\/posts"}],"about":[{"href":"https:\/\/www.gruene-mkk.de\/fr\/wp-json\/wp\/v2\/types\/post"}],"author":[{"embeddable":true,"href":"https:\/\/www.gruene-mkk.de\/fr\/wp-json\/wp\/v2\/users\/2"}],"replies":[{"embeddable":true,"href":"https:\/\/www.gruene-mkk.de\/fr\/wp-json\/wp\/v2\/comments?post=1041"}],"version-history":[{"count":1,"href":"https:\/\/www.gruene-mkk.de\/fr\/wp-json\/wp\/v2\/posts\/1041\/revisions"}],"predecessor-version":[{"id":1043,"href":"https:\/\/www.gruene-mkk.de\/fr\/wp-json\/wp\/v2\/posts\/1041\/revisions\/1043"}],"wp:attachment":[{"href":"https:\/\/www.gruene-mkk.de\/fr\/wp-json\/wp\/v2\/media?parent=1041"}],"wp:term":[{"taxonomy":"category","embeddable":true,"href":"https:\/\/www.gruene-mkk.de\/fr\/wp-json\/wp\/v2\/categories?post=1041"},{"taxonomy":"post_tag","embeddable":true,"href":"https:\/\/www.gruene-mkk.de\/fr\/wp-json\/wp\/v2\/tags?post=1041"}],"curies":[{"name":"wp","href":"https:\/\/api.w.org\/{rel}","templated":true}]}}