{"id":1037,"date":"2022-04-22T09:35:35","date_gmt":"2022-04-22T07:35:35","guid":{"rendered":"https:\/\/www.gruene-mkk.de\/?p=1037"},"modified":"2024-09-05T14:45:36","modified_gmt":"2024-09-05T12:45:36","slug":"akutes-marktversagen","status":"publish","type":"post","link":"https:\/\/www.gruene-mkk.de\/fr\/akutes-marktversagen\/","title":{"rendered":"D\u00e9faillance aigu\u00eb du march\u00e9"},"content":{"rendered":"<p><strong>Le groupe Verts\/ALE Main-Kinzig appelle le Cercle \u00e0 cr\u00e9er des logements abordables<\/strong><\/p>\n\n\n\n<!--more-->\n\n\n\n<p>\u00abIl y a une grave d\u00e9faillance du march\u00e9 dans le domaine du logement abordable\u00bb, d\u00e9clare Viola Ha\u00dfdenteufel, porte-parole pour la politique sociale et vice-pr\u00e9sidente du groupe Verts\/ALE. \u00abParticuli\u00e8rement en p\u00e9riode de hausse des prix et de forte inflation, il n\u2019est plus opportun de construire uniquement des logements pour les personnes qui gagnent mieux.\u00bb<\/p>\n\n\n\n<p>C'est pourquoi le groupe des Verts du district de Main-Kinzig a envoy\u00e9 une demande \u00e0 l'administration du district de Main-Kinzig: \u00abDans l\u2019ensemble, nous ne posons qu\u2019une seule question au cercle: Quelles mesures l\u2019administration a-t-elle prises en vue de la cr\u00e9ation annonc\u00e9e d\u2019une soci\u00e9t\u00e9 de logement autonome ? \u00bb En effet, il est clair que le march\u00e9 \u00ab ne r\u00e8gle pr\u00e9cis\u00e9ment pas ce probl\u00e8me par lui-m\u00eame. Bien au contraire: Afin de g\u00e9n\u00e9rer des rendements encore plus \u00e9lev\u00e9s, des logements de plus en plus grands et plus chers sont construits et lou\u00e9s ou vendus pour des sommes importantes.\u00bb<\/p>\n\n\n\n<p>Si vous ne disposez que d'un faible revenu, vous ne pouvez plus vous permettre de vivre dans des villes comme Gelnhausen ou Hanau: \u00abLe logement abordable est d\u00e9fini de mani\u00e8re \u00e0 ce que le logement, y compris tous les co\u00fbts d\u2019exploitation, ne n\u00e9cessite pas plus d\u2019un tiers du volume du m\u00e9nage\u00bb, a d\u00e9clar\u00e9 M. Ha\u00dfdenteufel. Or, depuis des ann\u00e9es, un tableau se dessine selon lequel \u00ables logements nouvellement construits dans les zones urbaines du district ont le plus souvent une somme locative \u00e0 quatre chiffres\u00bb.<\/p>\n\n\n\n<p>Il est de la responsabilit\u00e9 du cercle Main-Kinzig de rem\u00e9dier enfin \u00e0 cette situation: \u00abL\u2019\u00e9t\u00e9 dernier, la grande coalition, compos\u00e9e du SPD et de la CDU, a annonc\u00e9 qu\u2019elle y rem\u00e9dierait en cr\u00e9ant une soci\u00e9t\u00e9 de logement appartenant au district. Nous, les Verts, avons promis notre soutien \u00e0 ce projet. Depuis lors, malheureusement, rien ne semble s\u2019\u00eatre pass\u00e9, si ce n\u2019est que le terrain \u00e0 b\u00e2tir encore existant continue d\u2019\u00eatre construit avec des appartements de luxe co\u00fbteux\u00bb, critique Ha\u00dfdenteufel.<\/p>\n\n\n\n<p>Il n'en va pas autrement pour expliquer que d'importants projets du Cercle sont silencieux: \u00abLa soci\u00e9t\u00e9 de logement du district, l\u2019acad\u00e9mie de sant\u00e9 et le plan de d\u00e9veloppement scolaire ne sont que trois exemples qui montrent clairement que la grande coalition ne s\u2019occupe que de la gestion de l\u2019existant. Surtout dans la direction des \u00e9lections r\u00e9gionales de l'ann\u00e9e prochaine, aucune poussi\u00e8re inutile ne doit \u00eatre soulev\u00e9e. La grande coalition pr\u00e9f\u00e8re r\u00e9fl\u00e9chir \u00e0 des justifications cr\u00e9atives pour rejeter les demandes de l\u2019opposition et, en retour, a cess\u00e9 de travailler sur le fond\u00bb, a d\u00e9clar\u00e9 Ha\u00dfdenteufel.<\/p>\n\n\n\n<p>Un autre exemple est le groupe de travail sur la mobilit\u00e9 de proximit\u00e9 en Hesse (AGNH): \u00abIl s\u2019agit d\u2019une association de comt\u00e9s, de villes et de municipalit\u00e9s visant \u00e0 renforcer les d\u00e9placements \u00e0 pied et \u00e0 v\u00e9lo et \u00e0 d\u00e9velopper des concepts de mobilit\u00e9 communs\u00bb, a d\u00e9clar\u00e9 Rainer Vogel, membre de la commission des transports. En 2019, la grande coalition avait au moins d\u00e9cid\u00e9 d'adh\u00e9rer \u00e0 l'AGNH en refusant plus d'argent pour la construction de pistes cyclables.<\/p>\n\n\n\n<p>\u00abMais \u00e0 ce jour, le cercle Main-Kinzig n\u2019est pas mentionn\u00e9 en tant que membre. On peut donc supposer qu\u2019il s\u2019agissait une fois de plus d\u2019une initiative non mise en \u0153uvre de la grande coalition.\u00bb 19 des 21 districts de Hesse sont d\u00e9j\u00e0 membres: \u00ab\u00c0 l\u2019instar de la r\u00e9gion \u00e9comod\u00e9lis\u00e9e de Hesse, nous sommes une fois de plus l\u2019un des derniers districts \u00e0 participer \u00e0 des initiatives importantes\u00bb, conclut M. Vogel.<\/p>\n\n\n\n<hr class=\"wp-block-separator\"\/>\n\n\n\n<p>Questions \u00e0 l'attention de:<\/p>\n\n\n\n<p>Jakob M\u00e4hler<br>Directeur de groupe<br>Alliance 90 \/ Les Verts Main-Kinzig<\/p>\n\n\n\n<p>06181\/61596<br>0176\/46763336<\/p>\n\n\n\n<p>fraktion@gruene-mkk.de<\/p>","protected":false},"excerpt":{"rendered":"<p>Le groupe Verts\/ALE Main-Kinzig appelle le Cercle \u00e0 cr\u00e9er des logements abordables<\/p>","protected":false},"author":-1,"featured_media":0,"comment_status":"open","ping_status":"open","sticky":false,"template":"","format":"standard","meta":{"footnotes":""},"categories":[2],"tags":[],"class_list":["post-1037","post","type-post","status-publish","format-standard","hentry","category-newskreistagsfraktion"],"_links":{"self":[{"href":"https:\/\/www.gruene-mkk.de\/fr\/wp-json\/wp\/v2\/posts\/1037","targetHints":{"allow":["GET"]}}],"collection":[{"href":"https:\/\/www.gruene-mkk.de\/fr\/wp-json\/wp\/v2\/posts"}],"about":[{"href":"https:\/\/www.gruene-mkk.de\/fr\/wp-json\/wp\/v2\/types\/post"}],"author":[{"embeddable":true,"href":"https:\/\/www.gruene-mkk.de\/fr\/wp-json\/wp\/v2\/users\/5"}],"replies":[{"embeddable":true,"href":"https:\/\/www.gruene-mkk.de\/fr\/wp-json\/wp\/v2\/comments?post=1037"}],"version-history":[{"count":1,"href":"https:\/\/www.gruene-mkk.de\/fr\/wp-json\/wp\/v2\/posts\/1037\/revisions"}],"predecessor-version":[{"id":1039,"href":"https:\/\/www.gruene-mkk.de\/fr\/wp-json\/wp\/v2\/posts\/1037\/revisions\/1039"}],"wp:attachment":[{"href":"https:\/\/www.gruene-mkk.de\/fr\/wp-json\/wp\/v2\/media?parent=1037"}],"wp:term":[{"taxonomy":"category","embeddable":true,"href":"https:\/\/www.gruene-mkk.de\/fr\/wp-json\/wp\/v2\/categories?post=1037"},{"taxonomy":"post_tag","embeddable":true,"href":"https:\/\/www.gruene-mkk.de\/fr\/wp-json\/wp\/v2\/tags?post=1037"}],"curies":[{"name":"wp","href":"https:\/\/api.w.org\/{rel}","templated":true}]}}