{"id":1033,"date":"2022-04-19T09:00:00","date_gmt":"2022-04-19T07:00:00","guid":{"rendered":"https:\/\/www.gruene-mkk.de\/?p=1033"},"modified":"2022-04-19T12:46:10","modified_gmt":"2022-04-19T10:46:10","slug":"nachhaltige-landwirtschaft-in-hessen","status":"publish","type":"post","link":"https:\/\/www.gruene-mkk.de\/fr\/nachhaltige-landwirtschaft-in-hessen\/","title":{"rendered":"Agriculture durable en Hesse"},"content":{"rendered":"<p>Annonce de rendez-vous: Jeudi 29 avril \u00e0 19h00, Table ronde num\u00e9rique des Verts de Biebergem\u00fcnd avec Hans-J\u00fcrgen M\u00fcller, MdL<\/p>\n\n\n\n<!--more-->\n\n\n\n<p>L\u2019association locale de l\u2019Alliance 90\/Les Verts de Biebergem\u00fcnde invite cordialement \u00e0 la table ronde verte num\u00e9rique sur le th\u00e8me \u00abAgriculture durable en Hesse\u00bb. La Table Ronde Verte est un \u00e9v\u00e9nement ouvert \u00e0 tous les citoyens int\u00e9ress\u00e9s.<\/p>\n\n\n\n<p>Nous sommes heureux d'accueillir ce soir Hans-J\u00fcrgen M\u00fcller, agriculteur bio reconnu et porte-parole de la politique agricole du groupe des Verts au parlement du Land de Hesse. Hans-J\u00fcrgen M\u00fcller se penche de mani\u00e8re intensive sur la question de savoir de quelle politique agricole nous avons besoin pour une agriculture durable en Hesse, ainsi que sur les objectifs et les d\u00e9fis qui en d\u00e9coulent.<\/p>\n\n\n\n<p>Pour plus d'informations sur l'\u00e9v\u00e9nement, cliquez ici: <a rel=\"noreferrer noopener\" href=\"https:\/\/gruenlink.de\/2ijr?fbclid=IwAR04ulwRa50sgsJ29APz2BSPwFybLCgU5eZttpZML1x4_IG6iX6vIzApsBQ\" target=\"_blank\">https:\/\/gruenlink.de\/2ijr<\/a><\/p>","protected":false},"excerpt":{"rendered":"<p>Annonce de rendez-vous: Jeudi 29 avril \u00e0 19h00, Table ronde num\u00e9rique des Verts de Biebergem\u00fcnd avec Hans-J\u00fcrgen M\u00fcller, MdL<\/p>","protected":false},"author":-1,"featured_media":0,"comment_status":"open","ping_status":"open","sticky":false,"template":"","format":"standard","meta":{"footnotes":""},"categories":[1],"tags":[],"class_list":["post-1033","post","type-post","status-publish","format-standard","hentry","category-allgemein"],"_links":{"self":[{"href":"https:\/\/www.gruene-mkk.de\/fr\/wp-json\/wp\/v2\/posts\/1033","targetHints":{"allow":["GET"]}}],"collection":[{"href":"https:\/\/www.gruene-mkk.de\/fr\/wp-json\/wp\/v2\/posts"}],"about":[{"href":"https:\/\/www.gruene-mkk.de\/fr\/wp-json\/wp\/v2\/types\/post"}],"author":[{"embeddable":true,"href":"https:\/\/www.gruene-mkk.de\/fr\/wp-json\/wp\/v2\/users\/2"}],"replies":[{"embeddable":true,"href":"https:\/\/www.gruene-mkk.de\/fr\/wp-json\/wp\/v2\/comments?post=1033"}],"version-history":[{"count":2,"href":"https:\/\/www.gruene-mkk.de\/fr\/wp-json\/wp\/v2\/posts\/1033\/revisions"}],"predecessor-version":[{"id":1035,"href":"https:\/\/www.gruene-mkk.de\/fr\/wp-json\/wp\/v2\/posts\/1033\/revisions\/1035"}],"wp:attachment":[{"href":"https:\/\/www.gruene-mkk.de\/fr\/wp-json\/wp\/v2\/media?parent=1033"}],"wp:term":[{"taxonomy":"category","embeddable":true,"href":"https:\/\/www.gruene-mkk.de\/fr\/wp-json\/wp\/v2\/categories?post=1033"},{"taxonomy":"post_tag","embeddable":true,"href":"https:\/\/www.gruene-mkk.de\/fr\/wp-json\/wp\/v2\/tags?post=1033"}],"curies":[{"name":"wp","href":"https:\/\/api.w.org\/{rel}","templated":true}]}}