{"id":1028,"date":"2022-04-19T12:00:00","date_gmt":"2022-04-19T10:00:00","guid":{"rendered":"https:\/\/www.gruene-mkk.de\/?p=1028"},"modified":"2022-04-19T11:29:26","modified_gmt":"2022-04-19T09:29:26","slug":"leben-und-wirken-wird-nicht-vergessen-werden","status":"publish","type":"post","link":"https:\/\/www.gruene-mkk.de\/fr\/leben-und-wirken-wird-nicht-vergessen-werden\/","title":{"rendered":"La vie et l'action ne seront pas oubli\u00e9es"},"content":{"rendered":"<p><em>Les Verts du Main-Kinzig s'expriment sur la mort d'Erich Pipa: \u00abL\u2019un des hommes politiques les plus influents du cercle\u00bb<\/em><\/p>\n\n\n\n<!--more-->\n\n\n\n<p>\u00abNous pleurons l\u2019un des hommes politiques les plus influents du cercle Main-Kinzig\u00bb, d\u00e9clarent le bureau du groupe ainsi que le bureau du cercle des Verts Main-Kinzig, Reiner Bousonville, Viola Ha\u00dfdenteufel, Jakob M\u00e4hler et Ahmet Cetiner. \u00abUne grande personnalit\u00e9 du cercle Main-Kinzig est d\u00e9c\u00e9d\u00e9e avec Erich Pipa. Gr\u00e2ce \u00e0 son engagement inlassable, il a jou\u00e9 un r\u00f4le d\u00e9terminant dans le cercle Main-Kinzig.\u00bb<\/p>\n\n\n\n<p>Ce n'est pas seulement \u00e0 l'\u00e9poque de la coalition commune que la coop\u00e9ration avec Erich Pipa a \u00e9t\u00e9 appr\u00e9ci\u00e9e: \u00abEn tant que Landrat, il s\u2019est entretenu sur un pied d\u2019\u00e9galit\u00e9 non seulement avec ses propres partis, mais aussi avec tous les partis. Pour lui, la coop\u00e9ration \u00e9tait importante, dans l\u2019int\u00e9r\u00eat des habitants du cercle Main-Kinzig.\u00bb Il n\u2019a pas non plus h\u00e9sit\u00e9 \u00e0 montrer des contours clairs: \u00abCe pour quoi il a \u00e9t\u00e9 appr\u00e9ci\u00e9 et respect\u00e9, outre son travail inlassable et son engagement, a \u00e9t\u00e9 sa position claire sur des \u00e9v\u00e9nements importants du temps\u00bb.<\/p>\n\n\n\n<p>\u00c0 titre d\u2019exemple, il s\u2019est efforc\u00e9 de \u00abse contenter de soigner les ch\u00f4meurs de longue dur\u00e9e eux-m\u00eames en cercle, ou encore d\u2019adopter une position claire en faveur d\u2019un meilleur accueil, d\u2019un meilleur logement et d\u2019une meilleure prise en charge des r\u00e9fugi\u00e9s. Il a br\u00fbl\u00e9 pour des th\u00e8mes et a plaid\u00e9 en leur faveur m\u00eame en cas de vent contraire violent.\u00bb<\/p>\n\n\n\n<p>Cela a permis \u00e0 Pipa d\u2019\u00eatre reconnue par tous les partis: \u00abNous avons toujours appr\u00e9ci\u00e9 la coop\u00e9ration entre les Verts et l\u2019ancien Landrat. Erich Pipa \u00e9tait un invit\u00e9 bienvenu de notre groupe lorsque nous \u00e9tions confront\u00e9s \u00e0 de grandes d\u00e9cisions dans le cercle Main-Kinzig ou lorsque nous voulions \u00e9changer sur des priorit\u00e9s individuelles.\u00bb<\/p>\n\n\n\n<p>Malheureusement, il a \u00e9galement d\u00fb conna\u00eetre les c\u00f4t\u00e9s sombres. En raison de son opinion claire, il a re\u00e7u des menaces de mort et a toujours \u00e9t\u00e9 victime d'hostilit\u00e9s. Mais au lieu de se retirer, il a continu\u00e9 \u00e0 d\u00e9fendre son opinion. Cela montre clairement l\u2019\u00e9pine dorsale et l\u2019esprit combatif d\u2019Erich Pipa, qui, en tant que partenaire de discussion plus combatif, mais toujours \u00e9quitable, a voulu et a \u00e9galement obtenu une am\u00e9lioration constante du cercle\u00bb, a d\u00e9clar\u00e9 le bureau du groupe parlementaire du district et du conseil d\u2019administration du district.<\/p>\n\n\n\n<p>Il s\u2019agit notamment du d\u00e9veloppement de l\u2019infrastructure \u00e0 large bande, qui \u00e9tait unique \u00e0 cette \u00e9chelle en Allemagne \u00e0 l\u2019\u00e9poque: \u00abLe fait qu\u2019un cercle se contente de cr\u00e9er lui-m\u00eame l\u2019internet pour les entreprises et les particuliers \u00e9tait inhabituel et d\u00fb \u00e0 l\u2019ancien Landrat, qui, au lieu d\u2019attendre les autres, a pr\u00e9f\u00e9r\u00e9 s\u2019attaquer directement \u00e0 lui-m\u00eame.\u00bb<\/p>\n\n\n\n<p>Il a pos\u00e9 de nombreuses bases dans le cercle et a \u00e9crit de nombreuses histoires de succ\u00e8s: \u00abQu\u2019il s\u2019agisse de la politique sociale ou du d\u00e9veloppement des infrastructures nationales. C'est sur ces success stories que nous avons pu construire ces derni\u00e8res ann\u00e9es et que nous pourrons construire \u00e0 l'avenir. La vie et l\u2019\u0153uvre d\u2019Erich Pipa ne seront pas oubli\u00e9es\u00bb, a conclu le bureau du groupe et du bureau du district.<\/p>","protected":false},"excerpt":{"rendered":"<p>Les Verts du Main-Kinzig s'expriment sur la mort d'Erich Pipa: \u00abL\u2019un des hommes politiques les plus influents du cercle\u00bb<\/p>","protected":false},"author":-1,"featured_media":1029,"comment_status":"open","ping_status":"open","sticky":false,"template":"","format":"standard","meta":{"footnotes":""},"categories":[1,2],"tags":[],"class_list":["post-1028","post","type-post","status-publish","format-standard","has-post-thumbnail","hentry","category-allgemein","category-newskreistagsfraktion"],"_links":{"self":[{"href":"https:\/\/www.gruene-mkk.de\/fr\/wp-json\/wp\/v2\/posts\/1028","targetHints":{"allow":["GET"]}}],"collection":[{"href":"https:\/\/www.gruene-mkk.de\/fr\/wp-json\/wp\/v2\/posts"}],"about":[{"href":"https:\/\/www.gruene-mkk.de\/fr\/wp-json\/wp\/v2\/types\/post"}],"author":[{"embeddable":true,"href":"https:\/\/www.gruene-mkk.de\/fr\/wp-json\/wp\/v2\/users\/2"}],"replies":[{"embeddable":true,"href":"https:\/\/www.gruene-mkk.de\/fr\/wp-json\/wp\/v2\/comments?post=1028"}],"version-history":[{"count":1,"href":"https:\/\/www.gruene-mkk.de\/fr\/wp-json\/wp\/v2\/posts\/1028\/revisions"}],"predecessor-version":[{"id":1030,"href":"https:\/\/www.gruene-mkk.de\/fr\/wp-json\/wp\/v2\/posts\/1028\/revisions\/1030"}],"wp:featuredmedia":[{"embeddable":true,"href":"https:\/\/www.gruene-mkk.de\/fr\/wp-json\/wp\/v2\/media\/1029"}],"wp:attachment":[{"href":"https:\/\/www.gruene-mkk.de\/fr\/wp-json\/wp\/v2\/media?parent=1028"}],"wp:term":[{"taxonomy":"category","embeddable":true,"href":"https:\/\/www.gruene-mkk.de\/fr\/wp-json\/wp\/v2\/categories?post=1028"},{"taxonomy":"post_tag","embeddable":true,"href":"https:\/\/www.gruene-mkk.de\/fr\/wp-json\/wp\/v2\/tags?post=1028"}],"curies":[{"name":"wp","href":"https:\/\/api.w.org\/{rel}","templated":true}]}}