{"id":1023,"date":"2022-04-14T12:03:19","date_gmt":"2022-04-14T10:03:19","guid":{"rendered":"https:\/\/www.gruene-mkk.de\/?p=1023"},"modified":"2022-04-14T12:08:51","modified_gmt":"2022-04-14T10:08:51","slug":"gruene-main-kinzig-sprechen-ueber-waldschutz","status":"publish","type":"post","link":"https:\/\/www.gruene-mkk.de\/fr\/gruene-main-kinzig-sprechen-ueber-waldschutz\/","title":{"rendered":"Les Verts Main-Kinzig parlent de la protection des for\u00eats"},"content":{"rendered":"<p>Le 12 avril 2022, des repr\u00e9sentants des associations locales et des groupes politiques des Verts du district Main-Kinzig ont \u00e9chang\u00e9 en ligne avec Martina Feldmayer, porte-parole du groupe parlementaire des Verts pour la protection de l\u2019environnement et du climat, sur la protection des for\u00eats en Hesse.<\/p>\n\n\n\n<p>Au cours de leur participation au gouvernement, les Verts de Hesse ont obtenu de nombreux r\u00e9sultats pour la protection des for\u00eats de Hesse, tels que l'objectif de 10 for\u00eats naturelles.% augmenter, faire certifier les for\u00eats de Hesse FSC et mieux prot\u00e9ger les for\u00eats de Bannwald.<\/p>\n\n\n\n<p>Pour que les objectifs puissent \u00eatre atteints au niveau national, il faut \u00e9galement promouvoir la protection des for\u00eats au niveau communal. Pour ce faire, la d\u00e9put\u00e9e du Landtag a donn\u00e9 des conseils et des arguments utiles avec lesquels nos \u00e9lus locaux peuvent d\u00e9poser des propositions pour la protection des for\u00eats.<\/p>\n\n\n\n<p><\/p>","protected":false},"excerpt":{"rendered":"<p>Le 12 avril 2022, des repr\u00e9sentants des associations locales et des groupes politiques des Verts du district Main-Kinzig ont \u00e9chang\u00e9 en ligne avec Martina Feldmayer, porte-parole du groupe parlementaire des Verts pour l'environnement et le climat, sur la protection [...]<\/p>","protected":false},"author":-1,"featured_media":0,"comment_status":"open","ping_status":"open","sticky":false,"template":"","format":"standard","meta":{"footnotes":""},"categories":[1,4],"tags":[],"class_list":["post-1023","post","type-post","status-publish","format-standard","hentry","category-allgemein","category-newsortsverbaende"],"_links":{"self":[{"href":"https:\/\/www.gruene-mkk.de\/fr\/wp-json\/wp\/v2\/posts\/1023","targetHints":{"allow":["GET"]}}],"collection":[{"href":"https:\/\/www.gruene-mkk.de\/fr\/wp-json\/wp\/v2\/posts"}],"about":[{"href":"https:\/\/www.gruene-mkk.de\/fr\/wp-json\/wp\/v2\/types\/post"}],"author":[{"embeddable":true,"href":"https:\/\/www.gruene-mkk.de\/fr\/wp-json\/wp\/v2\/users\/2"}],"replies":[{"embeddable":true,"href":"https:\/\/www.gruene-mkk.de\/fr\/wp-json\/wp\/v2\/comments?post=1023"}],"version-history":[{"count":2,"href":"https:\/\/www.gruene-mkk.de\/fr\/wp-json\/wp\/v2\/posts\/1023\/revisions"}],"predecessor-version":[{"id":1026,"href":"https:\/\/www.gruene-mkk.de\/fr\/wp-json\/wp\/v2\/posts\/1023\/revisions\/1026"}],"wp:attachment":[{"href":"https:\/\/www.gruene-mkk.de\/fr\/wp-json\/wp\/v2\/media?parent=1023"}],"wp:term":[{"taxonomy":"category","embeddable":true,"href":"https:\/\/www.gruene-mkk.de\/fr\/wp-json\/wp\/v2\/categories?post=1023"},{"taxonomy":"post_tag","embeddable":true,"href":"https:\/\/www.gruene-mkk.de\/fr\/wp-json\/wp\/v2\/tags?post=1023"}],"curies":[{"name":"wp","href":"https:\/\/api.w.org\/{rel}","templated":true}]}}