{"id":1014,"date":"2022-04-08T14:00:41","date_gmt":"2022-04-08T12:00:41","guid":{"rendered":"https:\/\/www.gruene-mkk.de\/?p=1014"},"modified":"2022-04-08T14:09:33","modified_gmt":"2022-04-08T12:09:33","slug":"wiederwahl-zum-ersten-stadtrat","status":"publish","type":"post","link":"https:\/\/www.gruene-mkk.de\/fr\/wiederwahl-zum-ersten-stadtrat\/","title":{"rendered":"R\u00e9\u00e9lection au premier conseil municipal"},"content":{"rendered":"<p>Nous f\u00e9licitons Rainer Vogel pour sa r\u00e9\u00e9lection en tant que premier conseiller municipal de la ville de Nidderau!<\/p>\n\n\n\n<!--more-->\n\n\n\n<p>Rainer Vogel, ing\u00e9nieur agronome et membre des Verts, a \u00e9t\u00e9 le premier conseiller municipal \u00e0 \u00eatre confirm\u00e9 par l\u2019assembl\u00e9e municipale de Nidderau le 7 avril 2022. Il est conseiller municipal depuis 2016, ce qui en fait actuellement le seul politicien vert \u00e0 temps plein du district Main-Kinzig. En plus de son activit\u00e9 de conseiller municipal, il est membre du groupe parlementaire des Verts et s'occupe principalement de la protection de l'environnement et de l'agriculture.<\/p>\n\n\n\n<p>Le conseil municipal se r\u00e9jouit de sa r\u00e9\u00e9lection. Nous remercions Rainer Vogel pour son travail et lui souhaitons tout le meilleur et beaucoup de succ\u00e8s!<\/p>","protected":false},"excerpt":{"rendered":"<p>Nous f\u00e9licitons Rainer Vogel pour sa r\u00e9\u00e9lection en tant que premier conseiller municipal de la ville de Nidderau!<\/p>","protected":false},"author":-1,"featured_media":1015,"comment_status":"open","ping_status":"open","sticky":false,"template":"","format":"standard","meta":{"footnotes":""},"categories":[4],"tags":[],"class_list":["post-1014","post","type-post","status-publish","format-standard","has-post-thumbnail","hentry","category-newsortsverbaende"],"_links":{"self":[{"href":"https:\/\/www.gruene-mkk.de\/fr\/wp-json\/wp\/v2\/posts\/1014","targetHints":{"allow":["GET"]}}],"collection":[{"href":"https:\/\/www.gruene-mkk.de\/fr\/wp-json\/wp\/v2\/posts"}],"about":[{"href":"https:\/\/www.gruene-mkk.de\/fr\/wp-json\/wp\/v2\/types\/post"}],"author":[{"embeddable":true,"href":"https:\/\/www.gruene-mkk.de\/fr\/wp-json\/wp\/v2\/users\/2"}],"replies":[{"embeddable":true,"href":"https:\/\/www.gruene-mkk.de\/fr\/wp-json\/wp\/v2\/comments?post=1014"}],"version-history":[{"count":3,"href":"https:\/\/www.gruene-mkk.de\/fr\/wp-json\/wp\/v2\/posts\/1014\/revisions"}],"predecessor-version":[{"id":1018,"href":"https:\/\/www.gruene-mkk.de\/fr\/wp-json\/wp\/v2\/posts\/1014\/revisions\/1018"}],"wp:featuredmedia":[{"embeddable":true,"href":"https:\/\/www.gruene-mkk.de\/fr\/wp-json\/wp\/v2\/media\/1015"}],"wp:attachment":[{"href":"https:\/\/www.gruene-mkk.de\/fr\/wp-json\/wp\/v2\/media?parent=1014"}],"wp:term":[{"taxonomy":"category","embeddable":true,"href":"https:\/\/www.gruene-mkk.de\/fr\/wp-json\/wp\/v2\/categories?post=1014"},{"taxonomy":"post_tag","embeddable":true,"href":"https:\/\/www.gruene-mkk.de\/fr\/wp-json\/wp\/v2\/tags?post=1014"}],"curies":[{"name":"wp","href":"https:\/\/api.w.org\/{rel}","templated":true}]}}