{"id":1009,"date":"2022-03-07T12:32:00","date_gmt":"2022-03-07T11:32:00","guid":{"rendered":"https:\/\/www.gruene-mkk.de\/?p=1009"},"modified":"2022-04-07T12:59:52","modified_gmt":"2022-04-07T10:59:52","slug":"neustart-in-neuberg","status":"publish","type":"post","link":"https:\/\/www.gruene-mkk.de\/fr\/neustart-in-neuberg\/","title":{"rendered":"Red\u00e9marrage \u00e0 Neuberg"},"content":{"rendered":"<p>Andrea H\u00fctter et Andreas K\u00f6gel sont \u00e9lus nouveaux pr\u00e9sidents des Verts Neuberg<\/p>\n\n\n\n<!--more-->\n\n\n\n<p>Le 4 mars 2022, les membres d\u2019Alliance90\/GR\u00dcNE et les citoyens int\u00e9ress\u00e9s se sont r\u00e9unis \u00e0 la Chambre des citoyens pour l\u2019assembl\u00e9e g\u00e9n\u00e9rale. Les assembl\u00e9es du 2 ont \u00e9t\u00e9 salu\u00e9es. Pr\u00e9sident de la section locale, Markus Walther. Il a constat\u00e9 que les invitations avaient \u00e9t\u00e9 faites correctement et a ensuite donn\u00e9 la parole aux personnes pr\u00e9sentes de l'association de district. <\/p>\n\n\n\n<p>Le Kreisverband, repr\u00e9sent\u00e9 par Mareike Forchheim, Ahmet Cetiner et Joachim Nickel, a ensuite dirig\u00e9 la soir\u00e9e. Pour la prochaine \u00e9lection du comit\u00e9, deux candidat-e-s s'\u00e9taient d\u00e9clar\u00e9-e-s dispos\u00e9-e-s \u00e0 diriger l'association locale VERTE Neuberg\/Hesse vers l'avenir.<\/p>\n\n\n\n<p>Andreas K\u00f6gl et Andrea H\u00fcller ont \u00e9t\u00e9 \u00e9lus \u00e0 l'unanimit\u00e9 au comit\u00e9. Nous remercions tout particuli\u00e8rement les participants du comit\u00e9 de district, qui ont pris beaucoup de temps pour nous ce soir-l\u00e0 et nous ont patiemment initi\u00e9s \u00e0 la refonte de l'association locale. Un grand merci \u00e9galement \u00e0 notre membre de longue date Werner Kunkel pour sa pr\u00e9sence ainsi qu'\u00e0 l'ancien 2e pr\u00e9sident, Markus Walther, qui a d\u00e9missionn\u00e9 de ses fonctions car il d\u00e9m\u00e9nagera prochainement son centre de vie en Saxe-Anhalt.<\/p>","protected":false},"excerpt":{"rendered":"<p>Andrea H\u00fctter et Andreas K\u00f6gel sont \u00e9lus nouveaux pr\u00e9sidents des Verts Neuberg<\/p>","protected":false},"author":-1,"featured_media":1010,"comment_status":"open","ping_status":"open","sticky":false,"template":"","format":"standard","meta":{"footnotes":""},"categories":[4],"tags":[],"class_list":["post-1009","post","type-post","status-publish","format-standard","has-post-thumbnail","hentry","category-newsortsverbaende"],"_links":{"self":[{"href":"https:\/\/www.gruene-mkk.de\/fr\/wp-json\/wp\/v2\/posts\/1009","targetHints":{"allow":["GET"]}}],"collection":[{"href":"https:\/\/www.gruene-mkk.de\/fr\/wp-json\/wp\/v2\/posts"}],"about":[{"href":"https:\/\/www.gruene-mkk.de\/fr\/wp-json\/wp\/v2\/types\/post"}],"author":[{"embeddable":true,"href":"https:\/\/www.gruene-mkk.de\/fr\/wp-json\/wp\/v2\/users\/2"}],"replies":[{"embeddable":true,"href":"https:\/\/www.gruene-mkk.de\/fr\/wp-json\/wp\/v2\/comments?post=1009"}],"version-history":[{"count":1,"href":"https:\/\/www.gruene-mkk.de\/fr\/wp-json\/wp\/v2\/posts\/1009\/revisions"}],"predecessor-version":[{"id":1011,"href":"https:\/\/www.gruene-mkk.de\/fr\/wp-json\/wp\/v2\/posts\/1009\/revisions\/1011"}],"wp:featuredmedia":[{"embeddable":true,"href":"https:\/\/www.gruene-mkk.de\/fr\/wp-json\/wp\/v2\/media\/1010"}],"wp:attachment":[{"href":"https:\/\/www.gruene-mkk.de\/fr\/wp-json\/wp\/v2\/media?parent=1009"}],"wp:term":[{"taxonomy":"category","embeddable":true,"href":"https:\/\/www.gruene-mkk.de\/fr\/wp-json\/wp\/v2\/categories?post=1009"},{"taxonomy":"post_tag","embeddable":true,"href":"https:\/\/www.gruene-mkk.de\/fr\/wp-json\/wp\/v2\/tags?post=1009"}],"curies":[{"name":"wp","href":"https:\/\/api.w.org\/{rel}","templated":true}]}}