{"id":909,"date":"2022-02-18T14:31:07","date_gmt":"2022-02-18T13:31:07","guid":{"rendered":"https:\/\/www.gruene-mkk.de\/?p=909"},"modified":"2022-02-18T14:31:09","modified_gmt":"2022-02-18T13:31:09","slug":"am-radverkehrskonzept-beteiligen","status":"publish","type":"post","link":"https:\/\/www.gruene-mkk.de\/en\/am-radverkehrskonzept-beteiligen\/","title":{"rendered":"Participate in the cycling concept"},"content":{"rendered":"<p><strong>Green parliamentary group: Participate in online survey on actions \/ words must follow actions<\/strong><\/p>\n\n\n\n<!--more-->\n\n\n\n<p>The Green Group calls on citizens in the district to take part in the online vote on the cycling concept: \"Until the end of February, there will be an opportunity to evaluate and comment on the approximately 300 measures\", says Bernd Wietzorek, Member of the Committee on Transport and the Environment.<\/p>\n\n\n\n<p>For Wietzorek, \"it is clear that mobility will change in the coming years. Cycling will become more and more important.\u2019 In recent years, it has become clear \u2018that we still have a lot of room for improvement here in the district. The Grand Coalition in the circle still takes a stepmotherly approach to cycling instead of showing a concrete will to implement it.\u201d This is why the Group is now pleased about the participation of citizens: \u201cThe first few days have shown that many people are interested in actively participating in an extensive network of cycle paths in the district.\u201d<\/p>\n\n\n\n<p>The evaluations on the online portal prioritise the proposals for measures drawn up by the planning office \u2018RV-K\u2019 from Frankfurt. In addition, there is a description and pictures for each proposal. Until 28 February, the measures can be <a href=\"http:\/\/www.radverkehrskonzept-mkk.de\">www.radverkehrskonzept-mkk.de<\/a> to be voted on.<\/p>\n\n\n\n<p>\"As Greens, we had already called for a cycle path concept in 2017,\" explains Wietzorek. \u2018The first version, which was subsequently drawn up by the circle, contained 90 measures, of which no measures have been implemented as of now.\u2019 A second, holistic approach was then commissioned: \"We hope that the great announcement of the circle to create a holistic cycling concept will not only remain an announcement, but that the suggestions and votes of the citizens will also lead to concrete orders for action and construction measures.\"<\/p>\n\n\n\n<p>With numerous actions, the Greens in the district and in the municipalities are already supporting the concrete change in transport: \u201cAmong other things, a joint event was held with the local associations from Biebergem\u00fcnd, W\u00e4chtersbach and Bad Orb with Karin M\u00fcller, Vice-President of the Landtag, on the transport transition in Hessen. There, numerous possibilities were discussed to promote a change on the ground to climate-friendly mobility. We also support the VCD Hessen\u2019s \u2018Verkehrswende in Hessen\u2019 referendum, which is under <a href=\"http:\/\/www.verkehrswende-hessen.de\">www.verkehrswende-hessen.de<\/a> can be signed.\u2019<\/p>\n\n\n\n<p>For the concrete implementation, the Grand Coalition must also fundamentally reconsider the budgeted sum of 300,000 euros: \u2018Despite subsidies from the state and the federal government, the Main-Kinzig-Kreis will not be able to avoid spending money on measures in the area of cycle paths. With the amount set in the household, large jumps are not possible. We now expect the announcements to be followed by action,\" Wietzorek concluded.<\/p>\n\n\n\n<p><\/p>\n\n\n\n<hr class=\"wp-block-separator\"\/>\n\n\n\n<p>Enquiries to:<\/p>\n\n\n\n<p>Jakob M\u00e4hler<br>Group Managing Director<br>Alliance 90 \/ The Greens Main-Kinzig<br>06181\/61596<br>0176\/46763336<br>fraktion@gruene-mkk.de<\/p>","protected":false},"excerpt":{"rendered":"<p>Green parliamentary group: Participate in online survey on actions \/ words must follow actions<\/p>","protected":false},"author":-1,"featured_media":0,"comment_status":"open","ping_status":"open","sticky":false,"template":"","format":"standard","meta":{"footnotes":""},"categories":[2],"tags":[],"class_list":["post-909","post","type-post","status-publish","format-standard","hentry","category-newskreistagsfraktion"],"_links":{"self":[{"href":"https:\/\/www.gruene-mkk.de\/en\/wp-json\/wp\/v2\/posts\/909","targetHints":{"allow":["GET"]}}],"collection":[{"href":"https:\/\/www.gruene-mkk.de\/en\/wp-json\/wp\/v2\/posts"}],"about":[{"href":"https:\/\/www.gruene-mkk.de\/en\/wp-json\/wp\/v2\/types\/post"}],"author":[{"embeddable":true,"href":"https:\/\/www.gruene-mkk.de\/en\/wp-json\/wp\/v2\/users\/5"}],"replies":[{"embeddable":true,"href":"https:\/\/www.gruene-mkk.de\/en\/wp-json\/wp\/v2\/comments?post=909"}],"version-history":[{"count":1,"href":"https:\/\/www.gruene-mkk.de\/en\/wp-json\/wp\/v2\/posts\/909\/revisions"}],"predecessor-version":[{"id":910,"href":"https:\/\/www.gruene-mkk.de\/en\/wp-json\/wp\/v2\/posts\/909\/revisions\/910"}],"wp:attachment":[{"href":"https:\/\/www.gruene-mkk.de\/en\/wp-json\/wp\/v2\/media?parent=909"}],"wp:term":[{"taxonomy":"category","embeddable":true,"href":"https:\/\/www.gruene-mkk.de\/en\/wp-json\/wp\/v2\/categories?post=909"},{"taxonomy":"post_tag","embeddable":true,"href":"https:\/\/www.gruene-mkk.de\/en\/wp-json\/wp\/v2\/tags?post=909"}],"curies":[{"name":"wp","href":"https:\/\/api.w.org\/{rel}","templated":true}]}}