{"id":238,"date":"2021-10-28T14:38:00","date_gmt":"2021-10-28T12:38:00","guid":{"rendered":"https:\/\/www.alles-bleibt-anders.org\/?p=238"},"modified":"2021-11-12T19:43:03","modified_gmt":"2021-11-12T18:43:03","slug":"mit-viel-energie-und-frischem-wind-in-die-naechsten-zwei-jahre","status":"publish","type":"post","link":"https:\/\/www.gruene-mkk.de\/en\/mit-viel-energie-und-frischem-wind-in-die-naechsten-zwei-jahre\/","title":{"rendered":"With a lot of energy and fresh wind in the next two years"},"content":{"rendered":"<p><em>The Kreisverband B\u00fcndnis 90\/Die Gr\u00fcnen Main-Kinzig elects a new board of directors at a general meeting in Langenselbold<\/em>.<\/p>\n\n\n\n<!--more-->\n\n\n\n<p>\"There have been two eventful years with important election campaigns behind us in which the number of members of the Green Party in the Main-Kinzig district has risen sharply,\" said G\u00fcnther Koch, the former spokesperson for the board, in his review of the work of the board at a meeting of the Green Party in Main-Kinzig in the Klosterberghalle in Langenselbold. \"Through constructive board work, we have collectively mastered the associated challenges and exploited opportunities for the development of the district association,\" says Koch.<\/p>\n\n\n\n<p>Despite difficult conditions during the corona pandemic, various district member events could take place in person and online with various guests from the federal and state parliamentary groups of the Greens. And the self-imposed goal of the board of directors in recent years to be more strongly represented in the eastern Main-Kinzig district has also come a little closer with three newly founded local associations in W\u00e4chtersbach, Biebergem\u00fcnd and Bad Orb.<\/p>\n\n\n\n<p>G\u00fcnther Koch, G\u00fcl\u00fcmser Tanta-Yalcin and Achim Kreis from the previous board did not run for election again. For her, Maria Heider from Bad Orb, Knut Kiesel and Ahmet Cetiner, both from Maintal, were newly elected to the board. Joachim Nickel (Hanau) was confirmed as district treasurer. Viola Ha\u00dfdenteufel (Nidderau) and Sandra Gerbert (Hammersbach) also once again received the trust of the members for their work on the Executive Board over the next two years. In addition to the elected members, Reiner Bousonville as chairman of the district parliamentary group and Jakob M\u00e4hler from the board of the Green Youth Main-Kinzig sit on the district board.<\/p>\n\n\n\n<p>\"We would like to thank G\u00fcnther Koch, G\u00fcl\u00fcmser Tanta-Yalcin and Achim Kreis for their commitment and the great cooperation\", said Viola Ha\u00dfdenteufel. \"And we look forward to a good cooperation in the newly elected board, which will certainly give rise to many ideas on how we will position the Green Main-Kinzig well in the future for work in the district, the individual municipalities and for upcoming election campaigns.\"<\/p>\n\n\n\n<p>The new district board met in close proximity to the district members' meeting for its first meeting. In the coming weeks, he will, among other things, appoint a spokeswoman and a speaker and set his goals for the coming years during a retreat. The expansion of the district association in the eastern Main-Kinzig district as well as membership acquisition and networking will continue to play an important role in the coming years.<\/p>\n\n\n\n<p><\/p>\n\n\n\n<p><em>Picture: private; from left to right Knut Kiesel, Jakob M\u00e4hler, Viola Ha\u00dfdenteufel, Achim Kreis, Maria Heider, Reiner Bousonville, Ahmet Cetiner (missing Sandra Gerbert)<\/em><\/p>","protected":false},"excerpt":{"rendered":"<p>The Kreisverband B\u00fcndnis 90\/Die Gr\u00fcnen Main-Kinzig elects a new board of directors at a general meeting in Langenselbold.<\/p>","protected":false},"author":-1,"featured_media":239,"comment_status":"open","ping_status":"open","sticky":false,"template":"","format":"standard","meta":{"footnotes":""},"categories":[1],"tags":[],"class_list":["post-238","post","type-post","status-publish","format-standard","has-post-thumbnail","hentry","category-allgemein"],"_links":{"self":[{"href":"https:\/\/www.gruene-mkk.de\/en\/wp-json\/wp\/v2\/posts\/238","targetHints":{"allow":["GET"]}}],"collection":[{"href":"https:\/\/www.gruene-mkk.de\/en\/wp-json\/wp\/v2\/posts"}],"about":[{"href":"https:\/\/www.gruene-mkk.de\/en\/wp-json\/wp\/v2\/types\/post"}],"author":[{"embeddable":true,"href":"https:\/\/www.gruene-mkk.de\/en\/wp-json\/wp\/v2\/users\/2"}],"replies":[{"embeddable":true,"href":"https:\/\/www.gruene-mkk.de\/en\/wp-json\/wp\/v2\/comments?post=238"}],"version-history":[{"count":4,"href":"https:\/\/www.gruene-mkk.de\/en\/wp-json\/wp\/v2\/posts\/238\/revisions"}],"predecessor-version":[{"id":243,"href":"https:\/\/www.gruene-mkk.de\/en\/wp-json\/wp\/v2\/posts\/238\/revisions\/243"}],"wp:featuredmedia":[{"embeddable":true,"href":"https:\/\/www.gruene-mkk.de\/en\/wp-json\/wp\/v2\/media\/239"}],"wp:attachment":[{"href":"https:\/\/www.gruene-mkk.de\/en\/wp-json\/wp\/v2\/media?parent=238"}],"wp:term":[{"taxonomy":"category","embeddable":true,"href":"https:\/\/www.gruene-mkk.de\/en\/wp-json\/wp\/v2\/categories?post=238"},{"taxonomy":"post_tag","embeddable":true,"href":"https:\/\/www.gruene-mkk.de\/en\/wp-json\/wp\/v2\/tags?post=238"}],"curies":[{"name":"wp","href":"https:\/\/api.w.org\/{rel}","templated":true}]}}