{"id":909,"date":"2022-02-18T14:31:07","date_gmt":"2022-02-18T13:31:07","guid":{"rendered":"https:\/\/www.gruene-mkk.de\/?p=909"},"modified":"2022-02-18T14:31:09","modified_gmt":"2022-02-18T13:31:09","slug":"am-radverkehrskonzept-beteiligen","status":"publish","type":"post","link":"https:\/\/www.gruene-mkk.de\/cs\/am-radverkehrskonzept-beteiligen\/","title":{"rendered":"Zapojte se do cyklistick\u00e9ho konceptu"},"content":{"rendered":"<p><strong>Skupina Zelen\u00fdch v Parlamentu: Z\u00fa\u010dastn\u011bte se on-line pr\u016fzkumu o akc\u00edch \/ slova mus\u00ed n\u00e1sledovat akce<\/strong><\/p>\n\n\n\n<!--more-->\n\n\n\n<p>Skupina Zelen\u00fdch vyz\u00fdv\u00e1 ob\u010dany v okrese, aby se z\u00fa\u010dastnili on-line hlasov\u00e1n\u00ed o koncepci cyklistiky: \u201eDo konce \u00fanora bude p\u0159\u00edle\u017eitost zhodnotit a vyj\u00e1d\u0159it se k p\u0159ibli\u017en\u011b 300 opat\u0159en\u00edm,\u201c \u0159\u00edk\u00e1 Bernd Wietzorek, \u010dlen V\u00fdboru pro dopravu a \u017eivotn\u00ed prost\u0159ed\u00ed.<\/p>\n\n\n\n<p>Wietzorek: \"Je jasn\u00e9, \u017ee mobilita se v nadch\u00e1zej\u00edc\u00edch letech zm\u011bn\u00ed. J\u00edzda na kole bude st\u00e1le d\u016fle\u017eit\u011bj\u0161\u00ed.\u201c V posledn\u00edch letech se uk\u00e1zalo, \u201e\u017ee zde v okrese st\u00e1le existuje velk\u00fd prostor pro zlep\u0161en\u00ed. Velk\u00e1 koalice v kruhu st\u00e1le zauj\u00edm\u00e1 nevlastn\u00ed p\u0159\u00edstup k cyklistice, m\u00edsto aby projevila konkr\u00e9tn\u00ed v\u016fli ji realizovat.\u201c Proto je skupina nyn\u00ed pot\u011b\u0161ena \u00fa\u010dast\u00ed ob\u010dan\u016f: \u201ePrvn\u00ed dny uk\u00e1zaly, \u017ee mnoho lid\u00ed m\u00e1 z\u00e1jem aktivn\u011b se zapojit do rozs\u00e1hl\u00e9 s\u00edt\u011b cyklostezek v okrese.\u201c<\/p>\n\n\n\n<p>Hodnocen\u00ed na internetov\u00e9m port\u00e1lu up\u0159ednost\u0148uj\u00ed n\u00e1vrhy opat\u0159en\u00ed vypracovan\u00e9 \u00fazemn\u011b pl\u00e1novac\u00edm \u00fa\u0159adem \u201eRV-K\u201c ve Frankfurtu. Krom\u011b toho je k dispozici popis a obr\u00e1zky pro ka\u017ed\u00fd n\u00e1vrh. Do 28. \u00fanora mohou b\u00fdt opat\u0159en\u00ed <a href=\"http:\/\/www.radverkehrskonzept-mkk.de\">www.radverkehrskonzept-mkk.de<\/a> o kter\u00e9m se bude hlasovat.<\/p>\n\n\n\n<p>\"Jako Zelen\u00ed jsme ji\u017e v roce 2017 po\u017eadovali koncept cyklostezky,\" vysv\u011btluje Wietzorek. \u201ePrvn\u00ed verze, kter\u00e1 byla n\u00e1sledn\u011b vypracov\u00e1na kruhem, obsahovala 90 opat\u0159en\u00ed, z nich\u017e dosud nebyla provedena \u017e\u00e1dn\u00e1 opat\u0159en\u00ed.\u201c Pot\u00e9 byl zad\u00e1n druh\u00fd holistick\u00fd p\u0159\u00edstup: \u201eDouf\u00e1me, \u017ee velk\u00e9 ozn\u00e1men\u00ed kruhu o vytvo\u0159en\u00ed holistick\u00e9ho konceptu cyklistiky z\u016fstane nejen ozn\u00e1men\u00edm, ale \u017ee n\u00e1vrhy a hlasov\u00e1n\u00ed ob\u010dan\u016f tak\u00e9 povedou ke konkr\u00e9tn\u00edm p\u0159\u00edkaz\u016fm k opat\u0159en\u00edm a stavebn\u00edm opat\u0159en\u00edm.\u201c<\/p>\n\n\n\n<p>Zelen\u00ed v okrese a v obc\u00edch ji\u017e prost\u0159ednictv\u00edm \u0159ady opat\u0159en\u00ed podporuj\u00ed konkr\u00e9tn\u00ed zm\u011bnu v doprav\u011b: \u201eKrom\u011b jin\u00e9ho se konala spole\u010dn\u00e1 akce s m\u00edstn\u00edmi sdru\u017een\u00edmi z Biebergem\u00fcndu, W\u00e4chtersbachu a Bad Orbu s m\u00edstop\u0159edsedkyn\u00ed zemsk\u00e9ho sn\u011bmu Karin M\u00fcllerovou o transformaci dopravy v Hesensku. Tam se diskutovalo o mnoha mo\u017enostech, jak podpo\u0159it zm\u011bnu mobility \u0161etrn\u00e9 ke klimatu v praxi. Podporujeme rovn\u011b\u017e referendum VCD Hessen o \u201eVerkehrswende in Hessen\u201c (Verkehrswende v Hesensku), kter\u00e9 je v sou\u010dasn\u00e9 dob\u011b <a href=\"http:\/\/www.verkehrswende-hessen.de\">www.verkehrswende-hessen.de<\/a> mohou b\u00fdt podeps\u00e1ny.\u201c<\/p>\n\n\n\n<p>Pro konkr\u00e9tn\u00ed proveden\u00ed mus\u00ed Velk\u00e1 koalice tak\u00e9 z\u00e1sadn\u011b p\u0159ehodnotit rozpo\u010dtovanou \u010d\u00e1stku 300 000 EUR: \u201eNavzdory dotac\u00edm od st\u00e1tu a feder\u00e1ln\u00ed vl\u00e1dy se Main-Kinzig-Kreis nebude moci vyhnout vynakl\u00e1d\u00e1n\u00ed finan\u010dn\u00edch prost\u0159edk\u016f na opat\u0159en\u00ed v oblasti cyklostezek. S mno\u017estv\u00edm nastaven\u00fdm v dom\u00e1cnosti nejsou velk\u00e9 skoky mo\u017en\u00e9. Nyn\u00ed o\u010dek\u00e1v\u00e1me, \u017ee ozn\u00e1men\u00ed budou n\u00e1sledov\u00e1na akc\u00ed,\" uzav\u0159el Wietzorek.<\/p>\n\n\n\n<p><\/p>\n\n\n\n<hr class=\"wp-block-separator\"\/>\n\n\n\n<p>Dotazy na:<\/p>\n\n\n\n<p>Jakob M\u00e4hler<br>Gener\u00e1ln\u00ed \u0159editel skupiny<br>Aliance 90 \/ Zelen\u00ed Main-Kinzig<br>06181\/61596<br>0176\/46763336<br>fraktion@gruene-mkk.de<\/p>","protected":false},"excerpt":{"rendered":"<p>Skupina Zelen\u00fdch v Parlamentu: Z\u00fa\u010dastn\u011bte se on-line pr\u016fzkumu o akc\u00edch \/ slova mus\u00ed n\u00e1sledovat akce<\/p>","protected":false},"author":-1,"featured_media":0,"comment_status":"open","ping_status":"open","sticky":false,"template":"","format":"standard","meta":{"footnotes":""},"categories":[2],"tags":[],"class_list":["post-909","post","type-post","status-publish","format-standard","hentry","category-newskreistagsfraktion"],"_links":{"self":[{"href":"https:\/\/www.gruene-mkk.de\/cs\/wp-json\/wp\/v2\/posts\/909","targetHints":{"allow":["GET"]}}],"collection":[{"href":"https:\/\/www.gruene-mkk.de\/cs\/wp-json\/wp\/v2\/posts"}],"about":[{"href":"https:\/\/www.gruene-mkk.de\/cs\/wp-json\/wp\/v2\/types\/post"}],"author":[{"embeddable":true,"href":"https:\/\/www.gruene-mkk.de\/cs\/wp-json\/wp\/v2\/users\/5"}],"replies":[{"embeddable":true,"href":"https:\/\/www.gruene-mkk.de\/cs\/wp-json\/wp\/v2\/comments?post=909"}],"version-history":[{"count":1,"href":"https:\/\/www.gruene-mkk.de\/cs\/wp-json\/wp\/v2\/posts\/909\/revisions"}],"predecessor-version":[{"id":910,"href":"https:\/\/www.gruene-mkk.de\/cs\/wp-json\/wp\/v2\/posts\/909\/revisions\/910"}],"wp:attachment":[{"href":"https:\/\/www.gruene-mkk.de\/cs\/wp-json\/wp\/v2\/media?parent=909"}],"wp:term":[{"taxonomy":"category","embeddable":true,"href":"https:\/\/www.gruene-mkk.de\/cs\/wp-json\/wp\/v2\/categories?post=909"},{"taxonomy":"post_tag","embeddable":true,"href":"https:\/\/www.gruene-mkk.de\/cs\/wp-json\/wp\/v2\/tags?post=909"}],"curies":[{"name":"wp","href":"https:\/\/api.w.org\/{rel}","templated":true}]}}