{"id":902,"date":"2022-02-11T14:18:04","date_gmt":"2022-02-11T13:18:04","guid":{"rendered":"https:\/\/www.gruene-mkk.de\/?p=902"},"modified":"2022-02-11T14:18:04","modified_gmt":"2022-02-11T13:18:04","slug":"holger-fischer-als-rechtlicher-betreuer-nicht-mehr-tragbar","status":"publish","type":"post","link":"https:\/\/www.gruene-mkk.de\/cs\/holger-fischer-als-rechtlicher-betreuer-nicht-mehr-tragbar\/","title":{"rendered":"Holger Fischer ji\u017e nen\u00ed p\u0159ijateln\u00fd jako pr\u00e1vn\u00ed poradce"},"content":{"rendered":"<p><strong>V\u011bci t\u00fdkaj\u00edc\u00ed se p\u00e9\u010de mus\u00ed b\u00fdt sta\u017eeny \/ radost z rozsudku Vrchn\u00edho zemsk\u00e9ho soudu ve Frankfurtu<\/strong><em> \u00a0<\/em><\/p>\n\n\n\n<!--more-->\n\n\n\n<p>\"Jsme pot\u011b\u0161eni jasn\u00fdm rozsudkem vrchn\u00edho zemsk\u00e9ho soudu ve Frankfurtu nad Mohanem proti m\u00edstn\u00edmu p\u0159\u00ed\u010dn\u00e9mu mysliteli Imke Ottovi,\" \u0159\u00edk\u00e1 parlamentn\u00ed v\u00fdbor Zelen\u00fdch Main-Kinzig, Reiner Bousonville, Viola Ha\u00dfdenteufel a Jakob M\u00e4hler. Minulou st\u0159edu Vrchn\u00ed zemsk\u00fd soud zam\u00edtl p\u0159edb\u011b\u017en\u00e9 p\u0159\u00edkazy inici\u00e1tora \u201eAllianz pro Grundgesetz\u201c za \u00fadajn\u00e1 pomlouva\u010dn\u00e1 prohl\u00e1\u0161en\u00ed proti p\u0159edsed\u016fm sdru\u017een\u00ed \u201eHand aufs Herz\u201c, Julii Hottov\u00e9 a Alexi Schopbachovi: \u201eTo jasn\u011b ukazuje, \u017ee za jasn\u00fdmi slovy, kter\u00e1 jsou v t\u00e9to dob\u011b nezbytn\u00e1, stoj\u00ed i p\u0159\u00edslu\u0161nost.\u201c<\/p>\n\n\n\n<p>N\u00e1sledn\u00e9 prohl\u00e1\u0161en\u00ed skupiny p\u0159\u00ed\u010dn\u00fdch myslitel\u016f, \u017ee soud prohl\u00e1sil, \u017ee je \u201ebez pt\u00e1k\u016f\u201c, bylo ot\u0159esn\u00e9: \u201eTo op\u011bt ukazuje zkreslen\u00ed fakt\u016f a za\u010dlen\u011bn\u00ed historie a symboliky, co\u017e je charakteristick\u00e9 pro skupinu p\u0159\u00ed\u010dn\u00fdch myslitel\u016f \u201eAlliance pro Grundgesetz\u201c,\u201c uvedla v\u00fdkonn\u00e1 \u0159editelka parlamentn\u00ed skupiny.<\/p>\n\n\n\n<p>V pravideln\u00fdch demonstrac\u00edch proti koronavirov\u00fdm opat\u0159en\u00edm se uj\u00edm\u00e1 veden\u00ed tak\u00e9 pr\u00e1vn\u00edk Hanau Holger Fischer. Okresn\u00ed parlamentn\u00ed skupina nyn\u00ed s velk\u00fdm znepokojen\u00edm reaguje na zpr\u00e1vu Hessenschau, podle n\u00ed\u017e Fischer \u00fadajn\u011b odm\u00edtl nezbytn\u00e9 o\u010dkov\u00e1n\u00ed proti koronaviru dv\u011bma osob\u00e1m, kter\u00e9 mu byly sv\u011b\u0159eny do pr\u00e1vn\u00ed p\u00e9\u010de.<\/p>\n\n\n\n<p>Fischer byl po mnoho let pov\u011b\u0159en okresn\u00edm soudem v Hanau a spr\u00e1vn\u00edm org\u00e1nem okresu jako z\u00e1konn\u00fd opatrovn\u00edk pro dosp\u011bl\u00e9, kte\u0159\u00ed nejsou schopni nebo ji\u017e nejsou schopni prov\u00e1d\u011bt sv\u00e9 osobn\u00ed pr\u00e1vn\u00ed \u00fakony nez\u00e1visle a nez\u00e1visle. Podle zpr\u00e1vy Hessenschau je v sou\u010dasn\u00e9 dob\u011b s\u00e1m pr\u00e1vn\u011b odpov\u011bdn\u00fd za 79 p\u0159\u00edpad\u016f p\u00e9\u010de, za kter\u00e9 nese vysokou odpov\u011bdnost jako z\u00e1konn\u00fd opatrovn\u00edk a mus\u00ed v\u017edy zohled\u0148ovat dobr\u00e9 \u017eivotn\u00ed podm\u00ednky sv\u00fdch klient\u016f prost\u0159ednictv\u00edm trval\u00e9ho a pravideln\u00e9ho kontaktu.<\/p>\n\n\n\n<p>\"Skute\u010dnost, \u017ee 79 lid\u00ed v okrese Main-Kinzig bylo sv\u011b\u0159eno pr\u00e1vn\u00edkovi Hanau Holgeru Fischerovi, kter\u00fd je jedn\u00edm z v\u016fd\u010d\u00edch mozk\u016f v later\u00e1ln\u00edm hnut\u00ed myslitel\u016f v oblasti R\u00fdn-Main a byl zaznamen\u00e1n kv\u016fli p\u0159\u00edpad\u016fm vlivu o\u010dkov\u00e1n\u00ed, mus\u00ed b\u00fdt z\u00e1sadn\u011b zpochybn\u011bna,\" uvedl Bousonville, Ha\u00dfdenteufel a M\u00e4hler.<\/p>\n\n\n\n<p>Podle Hessenschauovy zpr\u00e1vy m\u00e1 Fischer v Telegramu p\u0159ibli\u017en\u011b 26 000 sleduj\u00edc\u00edch a hovo\u0159\u00ed o o\u010dkov\u00e1n\u00ed proti \u201egenocid\u011b\u201c proti koronaviru a vyz\u00fdv\u00e1 st\u00e1t, aby \u201ezklamal\u201c. Pr\u00e1vn\u00edk napsal v Telegramu o politic\u00edch: \u201eBu\u010f jste n\u00e1s do t\u00e9 doby sv\u00fdmi \u010diny a injekcemi zabili, nebo jste se sami stali jejich ob\u011bt\u00ed. P\u0159\u00edmo nebo nep\u0159\u00edmo.\u201c&nbsp;<\/p>\n\n\n\n<p>\u201eTato prohl\u00e1\u0161en\u00ed jsou nep\u0159ijateln\u00e1 pro pr\u00e1vn\u00edka, kter\u00fd se star\u00e1 o 79 osob,\u201c uvedlo p\u0159edsednictvo skupiny. \u201eI kdy\u017e je t\u0159eba uv\u00edtat, \u017ee okresn\u00ed soud v Hanau rozhodl neud\u011blit Fischerovi nov\u00e9 mand\u00e1ty pro pr\u00e1vn\u00ed podporu, je nezbytn\u011b nutn\u00e9, aby okresn\u00ed a okresn\u00ed soud poskytly \u0159e\u0161en\u00ed dosud existuj\u00edc\u00edch mand\u00e1t\u016f pro podporu a zjistily, zda se vyskytly a st\u00e1le vyskytuj\u00ed jin\u00e9 p\u0159\u00edpady kontroly o\u010dkov\u00e1n\u00ed. Prohl\u00e1\u0161en\u00ed okresu, \u017ee Fischer by ji\u017e nem\u011bl b\u00fdt navrhov\u00e1n jako odborn\u00fd poradce, zde neposta\u010duje.\u201c Skupina Zelen\u00fdch podporuje prohl\u00e1\u0161en\u00ed starosty Hanau Clause Kaminsk\u00e9ho, aby p\u0159\u00edpad ozn\u00e1mil advok\u00e1tn\u00ed komo\u0159e a p\u0159\u00edpadn\u011b podal st\u00ed\u017enost na Fischera, pokud je\u0161t\u011b nebyla pod\u00e1na: \u201eJedn\u00e1 se o jasn\u00e1 slova, kter\u00e1 zde kruh op\u011bt postr\u00e1d\u00e1 ve vztahu k \u010dinnostem p\u0159\u00ed\u010dn\u00fdch myslitel\u016f.\u201c&nbsp;&nbsp;<\/p>\n\n\n\n<p>Pro vedouc\u00edho pracovn\u00edka skupiny se zd\u00e1, \u017ee odpov\u011bdn\u00e1 zdravotn\u00ed p\u00e9\u010de ji\u017e neexistuje v p\u0159\u00edpadech p\u00e9\u010de advok\u00e1ta Fischera, kter\u00e1 je zalo\u017eena na jeho osob\u011b a na \u0159e\u0161en\u00ed \u00fakol\u016f, kter\u00e9 mu byly sv\u011b\u0159eny pro soud pro p\u00e9\u010di: \u201eV tomto p\u0159\u00edpad\u011b existuje mo\u017enost po\u017e\u00e1dat o dohled. To by m\u011bly po\u017eadovat nejen dohl\u00ed\u017een\u00e9 osoby a jejich p\u0159\u00edbuzn\u00ed, ale p\u0159edev\u0161\u00edm p\u0159\u00edslu\u0161n\u00fd dohl\u00ed\u017eej\u00edc\u00ed soud ve spolupr\u00e1ci s dohl\u00ed\u017eej\u00edc\u00edm org\u00e1nem okresu. Mus\u00ed zajistit, aby prob\u00edhaj\u00edc\u00ed p\u0159\u00edpady p\u00e9\u010de byly sta\u017eeny tak, aby o zraniteln\u00e9 a z\u00e1visl\u00e9 osoby bylo v\u017edy dob\u0159e postar\u00e1no a aby byly zahrnuty do rozhodnut\u00ed o o\u010dkov\u00e1n\u00ed, s p\u0159ihl\u00e9dnut\u00edm k jejich svobodn\u00e9 v\u016fli. Ale pravd\u011bpodobn\u011b by bylo nejlep\u0161\u00ed naj\u00edt nov\u00e9 pe\u010dovatele pro t\u00e9m\u011b\u0159 80 lid\u00ed co nejd\u0159\u00edve,\" uzav\u00edraj\u00ed Bousonville, Ha\u00dfdenteufel a M\u00e4hler.<\/p>","protected":false},"excerpt":{"rendered":"<p>V\u011bci t\u00fdkaj\u00edc\u00ed se p\u00e9\u010de mus\u00ed b\u00fdt sta\u017eeny \/ radost z rozsudku Vrchn\u00edho zemsk\u00e9ho soudu ve Frankfurtu \u00a0<\/p>","protected":false},"author":-1,"featured_media":770,"comment_status":"open","ping_status":"open","sticky":false,"template":"","format":"standard","meta":{"footnotes":""},"categories":[2],"tags":[],"class_list":["post-902","post","type-post","status-publish","format-standard","has-post-thumbnail","hentry","category-newskreistagsfraktion"],"_links":{"self":[{"href":"https:\/\/www.gruene-mkk.de\/cs\/wp-json\/wp\/v2\/posts\/902","targetHints":{"allow":["GET"]}}],"collection":[{"href":"https:\/\/www.gruene-mkk.de\/cs\/wp-json\/wp\/v2\/posts"}],"about":[{"href":"https:\/\/www.gruene-mkk.de\/cs\/wp-json\/wp\/v2\/types\/post"}],"author":[{"embeddable":true,"href":"https:\/\/www.gruene-mkk.de\/cs\/wp-json\/wp\/v2\/users\/5"}],"replies":[{"embeddable":true,"href":"https:\/\/www.gruene-mkk.de\/cs\/wp-json\/wp\/v2\/comments?post=902"}],"version-history":[{"count":1,"href":"https:\/\/www.gruene-mkk.de\/cs\/wp-json\/wp\/v2\/posts\/902\/revisions"}],"predecessor-version":[{"id":903,"href":"https:\/\/www.gruene-mkk.de\/cs\/wp-json\/wp\/v2\/posts\/902\/revisions\/903"}],"wp:featuredmedia":[{"embeddable":true,"href":"https:\/\/www.gruene-mkk.de\/cs\/wp-json\/wp\/v2\/media\/770"}],"wp:attachment":[{"href":"https:\/\/www.gruene-mkk.de\/cs\/wp-json\/wp\/v2\/media?parent=902"}],"wp:term":[{"taxonomy":"category","embeddable":true,"href":"https:\/\/www.gruene-mkk.de\/cs\/wp-json\/wp\/v2\/categories?post=902"},{"taxonomy":"post_tag","embeddable":true,"href":"https:\/\/www.gruene-mkk.de\/cs\/wp-json\/wp\/v2\/tags?post=902"}],"curies":[{"name":"wp","href":"https:\/\/api.w.org\/{rel}","templated":true}]}}