{"id":900,"date":"2022-02-11T10:41:04","date_gmt":"2022-02-11T09:41:04","guid":{"rendered":"https:\/\/www.gruene-mkk.de\/?p=900"},"modified":"2024-09-05T14:45:15","modified_gmt":"2024-09-05T12:45:15","slug":"schnellstmoeglich-umfassende-digitale-loesung-schaffen","status":"publish","type":"post","link":"https:\/\/www.gruene-mkk.de\/cs\/schnellstmoeglich-umfassende-digitale-loesung-schaffen\/","title":{"rendered":"Vytvo\u0159te co nejrychleji komplexn\u00ed digit\u00e1ln\u00ed \u0159e\u0161en\u00ed"},"content":{"rendered":"<p><strong>Vysledov\u00e1n\u00ed kontakt\u016f a hl\u00e1\u0161en\u00ed p\u0159\u00edpad\u016f koronaviru ve \u0161kol\u00e1ch st\u00e1le funguje analogicky na mnoha m\u00edstech<\/strong><\/p>\n\n\n\n<!--more-->\n\n\n\n<p>\u201e\u0160koly v okrese Main-Kinzig je t\u0159eba digitalizovat rychleji, aby bylo mo\u017en\u00e9 l\u00e9pe \u010delit v\u00fdzv\u00e1m koronavirov\u00e9 pandemie se v\u0161emi jej\u00edmi variantami a vedlej\u0161\u00edmi \u00fa\u010dinky,\u201c uvedl Matthias Zach, mluv\u010d\u00ed pro vzd\u011bl\u00e1vac\u00ed politiku parlamentn\u00ed skupiny Zelen\u00fdch v okrese Main-Kinzig. \u017d\u00e1dost skupiny Verts\/ALE vych\u00e1z\u00ed z formul\u00e1\u0159\u016f, kter\u00e9 je je\u0161t\u011b t\u0159eba vyplnit ru\u010dn\u011b pro \u00fa\u010dely vysledov\u00e1n\u00ed kontakt\u016f a hl\u00e1\u0161en\u00ed p\u0159\u00edpad\u016f koronaviru.<\/p>\n\n\n\n<p>\u201eKomplexn\u00ed sledov\u00e1n\u00ed a syst\u00e9m pod\u00e1v\u00e1n\u00ed zpr\u00e1v jsou a z\u016fstanou d\u016fle\u017eit\u00e9\u201c, objas\u0148uje Zach. Nen\u00ed ji\u017e aktu\u00e1ln\u00ed, pokud tyto zpr\u00e1vy nelze digit\u00e1ln\u011b zp\u0159\u00edstupnit zdravotnick\u00e9mu org\u00e1nu v okrese Main-Kinzig: \u201eV sou\u010dasn\u00e9 infek\u010dn\u00ed situaci mus\u00ed b\u00fdt tyto p\u0159ek\u00e1\u017eky co nejrychleji odstran\u011bny, a to i proto, aby bylo mo\u017en\u00e9 zachovat fungov\u00e1n\u00ed okresn\u00ed spr\u00e1vy v jin\u00fdch oblastech.\u201c To je z\u00e1sadn\u00ed i pro budouc\u00ed \u00fakoly.<\/p>\n\n\n\n<p>Zde Zach nevid\u00ed \u0161koly, ale vlastn\u00edka \u0161koly v odpov\u011bdnosti: \u201eDigit\u00e1ln\u00ed ofenz\u00edva, kter\u00e1 byla zah\u00e1jena, bohu\u017eel v mnoha u\u010debn\u00e1ch v kruhu st\u00e1le nedos\u00e1hla komplexn\u00ed \u00farovn\u011b. Krom\u011b tabul\u00ed a t\u0159\u00edd iPad\u016f to zahrnuje tak\u00e9 digitalizaci sledov\u00e1n\u00ed a hl\u00e1\u0161en\u00ed p\u0159\u00edpad\u016f koronaviru v s\u00edti t\u0159\u00edd.\u201c To ji\u017e selh\u00e1v\u00e1 ve zdravotnictv\u00ed, kter\u00e9 tyto digit\u00e1ln\u00ed informace nem\u016f\u017ee zpracov\u00e1vat: \u201eZdravotn\u00edmu org\u00e1nu a \u0161kol\u00e1m, zejm\u00e9na \u0161koln\u00edm sekretari\u00e1t\u016fm, mus\u00ed b\u00fdt poskytnuty podm\u00ednky pro digit\u00e1ln\u00ed z\u00e1znam a pou\u017e\u00edv\u00e1n\u00ed zpr\u00e1v obdr\u017een\u00fdch ka\u017ed\u00fd den.\u201c<\/p>\n\n\n\n<p>To by tak\u00e9 uleh\u010dilo vedouc\u00edm pracovn\u00edk\u016fm \u0161kol a u\u010ditel\u016fm, kte\u0159\u00ed vynakl\u00e1daj\u00ed velk\u00e9 \u00fasil\u00ed p\u0159i st\u00e1le analogov\u00e9m vysledov\u00e1n\u00ed kontakt\u016f. Zach proto vyz\u00fdv\u00e1 kruh, aby \"co nejd\u0159\u00edve vytvo\u0159il toto dal\u0161\u00ed digit\u00e1ln\u00ed \u0159e\u0161en\u00ed.\" Co je digit\u00e1ln\u011b mo\u017en\u00e9 v oblasti screeningu d\u011btsk\u00fdch zub\u016f ve \u0161kol\u00e1ch a st\u0159edisc\u00edch p\u00e9\u010de o d\u011bti, je nal\u00e9hav\u011b t\u0159eba roz\u0161\u00ed\u0159it na zpr\u00e1vy o osob\u00e1ch infikovan\u00fdch koronavirem. \u201ePandemie jasn\u011b uk\u00e1zala materi\u00e1ln\u00ed a kvalitativn\u00ed nedostatky digit\u00e1ln\u00ed infrastruktury v okrese Main-Kinzig. Pat\u0159\u00ed mezi n\u011b pr\u00e1ce ve zdravotnick\u00fdch org\u00e1nech, mo\u017enosti pr\u00e1ce z domova a v\u00fduka doma,\" uvedl mluv\u010d\u00ed vzd\u011bl\u00e1vac\u00ed politiky.<\/p>\n\n\n\n<p>\u201eSnaha o komplexn\u00ed digitalizaci Main-Kinzig ve v\u0161ech oblastech a nejen o umo\u017en\u011bn\u00ed rychl\u00e9ho internetu pro v\u0161echny, ale tak\u00e9 o jeho rozumn\u00e9 a pracn\u00e9 vyu\u017e\u00edv\u00e1n\u00ed mus\u00ed zachovat \u00fasil\u00ed, kter\u00e9 m\u011bli v dob\u011b koalice Zelen\u00fdch spolu s SPD a svobodn\u00fdmi voli\u010di a za Landrat Erich Pipa. Sou\u010dasn\u00ed \u010dinitel\u00e9 s rozhodovac\u00ed pravomoc\u00ed bohu\u017eel p\u0159istupuj\u00ed k pln\u00e9mu potenci\u00e1lu p\u0159\u00edli\u0161 pomalu, a proto jej pln\u011b nevyu\u017e\u00edvaj\u00ed,\u201c uzav\u00edr\u00e1 Zach.<\/p>\n\n\n\n<hr class=\"wp-block-separator\"\/>\n\n\n\n<p>Dotazy na:<\/p>\n\n\n\n<p>Jakob M\u00e4hler<br>Gener\u00e1ln\u00ed \u0159editel skupiny<br>Aliance 90 \/ Zelen\u00ed Main-Kinzig<\/p>\n\n\n\n<p>06181\/61596<br>0176\/46763336<\/p>\n\n\n\n<p>fraktion@gruene-mkk.de<\/p>","protected":false},"excerpt":{"rendered":"<p>Vysledov\u00e1n\u00ed kontakt\u016f a hl\u00e1\u0161en\u00ed p\u0159\u00edpad\u016f koronaviru ve \u0161kol\u00e1ch st\u00e1le funguje analogicky na mnoha m\u00edstech<\/p>","protected":false},"author":-1,"featured_media":0,"comment_status":"open","ping_status":"open","sticky":false,"template":"","format":"standard","meta":{"footnotes":""},"categories":[2],"tags":[],"class_list":["post-900","post","type-post","status-publish","format-standard","hentry","category-newskreistagsfraktion"],"_links":{"self":[{"href":"https:\/\/www.gruene-mkk.de\/cs\/wp-json\/wp\/v2\/posts\/900","targetHints":{"allow":["GET"]}}],"collection":[{"href":"https:\/\/www.gruene-mkk.de\/cs\/wp-json\/wp\/v2\/posts"}],"about":[{"href":"https:\/\/www.gruene-mkk.de\/cs\/wp-json\/wp\/v2\/types\/post"}],"author":[{"embeddable":true,"href":"https:\/\/www.gruene-mkk.de\/cs\/wp-json\/wp\/v2\/users\/5"}],"replies":[{"embeddable":true,"href":"https:\/\/www.gruene-mkk.de\/cs\/wp-json\/wp\/v2\/comments?post=900"}],"version-history":[{"count":1,"href":"https:\/\/www.gruene-mkk.de\/cs\/wp-json\/wp\/v2\/posts\/900\/revisions"}],"predecessor-version":[{"id":901,"href":"https:\/\/www.gruene-mkk.de\/cs\/wp-json\/wp\/v2\/posts\/900\/revisions\/901"}],"wp:attachment":[{"href":"https:\/\/www.gruene-mkk.de\/cs\/wp-json\/wp\/v2\/media?parent=900"}],"wp:term":[{"taxonomy":"category","embeddable":true,"href":"https:\/\/www.gruene-mkk.de\/cs\/wp-json\/wp\/v2\/categories?post=900"},{"taxonomy":"post_tag","embeddable":true,"href":"https:\/\/www.gruene-mkk.de\/cs\/wp-json\/wp\/v2\/tags?post=900"}],"curies":[{"name":"wp","href":"https:\/\/api.w.org\/{rel}","templated":true}]}}