{"id":886,"date":"2022-02-01T16:22:33","date_gmt":"2022-02-01T15:22:33","guid":{"rendered":"https:\/\/www.gruene-mkk.de\/?p=886"},"modified":"2022-02-01T16:22:33","modified_gmt":"2022-02-01T15:22:33","slug":"situation-unnoetig-verschaerft","status":"publish","type":"post","link":"https:\/\/www.gruene-mkk.de\/cs\/situation-unnoetig-verschaerft\/","title":{"rendered":"Zbyte\u010dn\u011b zhor\u0161en\u00e1 situace"},"content":{"rendered":"<p><strong>Skupina Zelen\u00fdch v Parlamentu: Erlensee nal\u00e9hav\u011b pot\u0159ebuje br\u00e1t novou z\u00e1kladn\u00ed \u0161kolu \/ starosti v Gro\u00dfkrotzenburgu v\u00e1\u017en\u011b<\/strong><\/p>\n\n\n\n<!--more-->\n\n\n\n<p>\"Diskuse o rozvoji \u0161kol v okrese Main-Kinzig, kter\u00e1 trv\u00e1 ji\u017e n\u011bkolik m\u011bs\u00edc\u016f, a nedostate\u010dn\u00e1 reakce Velk\u00e9 koalice v podob\u011b p\u0159ijat\u00e9ho pl\u00e1nu rozvoje \u0161kol zbyte\u010dn\u011b zhor\u0161ily situaci v Erlensee a Gro\u00dfkrotzenburgu,\" \u0159\u00edk\u00e1 Matthias Zach, mluv\u010d\u00ed vzd\u011bl\u00e1vac\u00ed politiky pro parlamentn\u00ed skupinu Zelen\u00fdch v okrese Main-Kinzig. V sou\u010dasn\u00e9 dob\u011b chyb\u00ed kapacity v sektoru z\u00e1kladn\u00edch \u0161kol v Erlensee a Gro\u00dfkrotzenburgu. \u201eSituace se v nadch\u00e1zej\u00edc\u00edch letech zhor\u0161\u00ed.\u201c<\/p>\n\n\n\n<p>\u0158e\u0161en\u00ed ze strany Main-Kinzig-Kreis \u201enebylo podle na\u0161eho sou\u010dasn\u00e9ho stavu znalost\u00ed rozvinuto. Nam\u00edsto zve\u0159ej\u0148ov\u00e1n\u00ed konkr\u00e9tn\u00edch n\u00e1vrh\u016f \u0159e\u0161en\u00ed a co nejrychlej\u0161\u00edho rozhodov\u00e1n\u00ed se kruh, jak s\u00e1m p\u00ed\u0161e, zapojuje pouze do \u201eintenzivn\u00edch diskus\u00ed\u201c, \u0159\u00edk\u00e1 Zach. \u201eStavba nov\u00e9 z\u00e1kladn\u00ed \u0161koly v\u0161ak nen\u00ed za n\u011bkolik t\u00fddn\u016f dokon\u010dena a roz\u0161\u00ed\u0159en\u00ed \u0161koly Erlense v Eulenhofu, o n\u011bm\u017e se diskutovalo, se ze dne na den neuskute\u010dn\u00ed.\u201c Nyn\u00ed lze p\u0159edv\u00eddat, kdy a jak vysok\u00e1 bude popt\u00e1vka v nadch\u00e1zej\u00edc\u00edch letech.<\/p>\n\n\n\n<p>\"Pl\u00e1n rozvoje \u0161kol obvykle poskytuje tyto odpov\u011bdi a ukazuje okresn\u00ed rad\u011b konkr\u00e9tn\u00ed opat\u0159en\u00ed pro nadch\u00e1zej\u00edc\u00ed roky,\" \u0159\u00edk\u00e1 Renate Tonecker-B\u00f6s, \u010dlenka okresn\u00ed rady v Erlense. Pl\u00e1n rozvoje \u0161kol, kter\u00fd m\u00e1 b\u00fdt p\u0159ijat od roku 2021, je ji\u017e v\u00edce ne\u017e rok zadlu\u017een\u00fd, Winfried Ottmann, pot\u00e9, co byla prvn\u00ed verze zam\u00edtnuta z d\u016fvodu chyb v obsahu \u0161koln\u00ed politiky, nespr\u00e1vn\u00fdch \u010d\u00edsel a opomenut\u00ed, jako\u017e i pravopisn\u00fdch a form\u00e1tovac\u00edch chyb v okresn\u00ed rad\u011b. \u201eTento nedostatek vyhl\u00eddek a n\u00e1sledn\u00e1 ne\u010dinnost v souvislosti s rozvojem \u0161kol nyn\u00ed mus\u00ed vykoupat \u017e\u00e1ky a zejm\u00e9na rodi\u010de v Erlensee, pokud ji\u017e nen\u00ed dostatek m\u00edst pro z\u00e1kladn\u00ed \u0161koly. Vzhledem k tomu, \u017ee v p\u0159\u00ed\u0161t\u00edch dvou a\u017e t\u0159ech letech budou zapot\u0159eb\u00ed a\u017e t\u0159i nov\u00e9 vlaky t\u0159\u00eddy.\u201c Dokud nebude probl\u00e9m, je to jen ot\u00e1zka \u010dasu, \u0159\u00edk\u00e1 Tonecker-B\u00f6s.<\/p>\n\n\n\n<p>Stejn\u00fd probl\u00e9m lze nyn\u00ed vid\u011bt i jinde. \u201eNejen v Erlensee, ale tak\u00e9 na z\u00e1kladn\u00ed \u0161kole v Gro\u00dfkrotzenburgu se m\u00edsta pomalu st\u00e1vaj\u00ed vz\u00e1cn\u00fdmi,\u201c \u0159\u00edk\u00e1 Lucas B\u00e4uml, kandid\u00e1t na zelen\u00e9ho starostu Gro\u00dfkrotzenburgu. Zde se po\u010det rodin uplat\u0148uj\u00edc\u00edch sv\u00e9 z\u00e1konn\u00e9 pr\u00e1vo na p\u00e9\u010di na pln\u00fd \u00favazek zv\u00fd\u0161\u00ed ze sou\u010dasn\u00fdch 30 na p\u0159ibli\u017en\u011b 150 v roce 2029: \u201eTo znamen\u00e1, \u017ee je t\u0159eba pos\u00edlit i st\u00e1vaj\u00edc\u00ed kapacity. Zjevn\u011b mi chyb\u00ed na \u0159e\u0161en\u00ed orientovan\u00e1 podpora obce ze strany Main-Kinzig-Kreis jako \u0161koln\u00edho propag\u00e1tora\", B\u00e4uml se znepokojen\u00edm sleduje p\u0159edchoz\u00ed postoj okresu, \u017ee st\u00e1vaj\u00edc\u00ed u\u010debny by posta\u010dovaly k realizaci \u0161koln\u00ed p\u00e9\u010de.<\/p>\n\n\n\n<p>Okresn\u00ed parlamentn\u00ed skupina proto polo\u017eila Main-Kinzig-Kreis katalog ot\u00e1zek. \"R\u00e1di bychom v\u011bd\u011bli, mimo jin\u00e9, jak dlouho si byl dlu\u017en\u00edk v\u011bdom nedostatku popt\u00e1vky v Erlensee a Gro\u00dfkrotzenburgu a jak\u00e9 konkr\u00e9tn\u00ed kroky byly od t\u00e9 doby podniknuty,\" \u0159ekl Zach. \u201eKrom\u011b toho bychom si p\u0159\u00e1li konkr\u00e9tn\u00ed prohl\u00e1\u0161en\u00ed administrativy o tom, kdy by mohly b\u00fdt nov\u00e9 z\u00e1kladn\u00ed \u0161koly dokon\u010deny a jak\u00e9 \u0159e\u0161en\u00ed by bylo na stran\u011b spr\u00e1vce dluhu, pokud by nov\u00e1 budova nebyla realizov\u00e1na v\u010das.\u201c<\/p>\n\n\n\n<p>Okresn\u00ed parlamentn\u00ed skupina rovn\u011b\u017e nastoluje ot\u00e1zku pl\u00e1nu rozvoje \u0161kol: \u201eR\u00e1di bychom v\u011bd\u011bli, kdy to bude kone\u010dn\u011b p\u0159edlo\u017eeno p\u0159\u00edslu\u0161n\u00fdm org\u00e1n\u016fm k poradenstv\u00ed a zda tam budou krom\u011b z\u00e1kladn\u00ed \u0161koly v Erlensee podporov\u00e1ny dal\u0161\u00ed nov\u00e9 budovy.\u201c<\/p>\n\n\n\n<p>To nejsou jedin\u00e1 t\u00e9mata, ke kter\u00fdm se v sou\u010dasn\u00e9 dob\u011b kruh nevyjad\u0159uje. \u201eProto je vybaven\u00ed pro celodenn\u00ed \u0161koly, o n\u011bm\u017e rozhodla okresn\u00ed rada, rovn\u011b\u017e<\/p>\n\n\n\n<p>s kav\u00e1rnou a roz\u0161\u00ed\u0159en\u00edm nab\u00eddky gymn\u00e1zi\u00ed ve Westkreis, kter\u00e1 je sou\u010d\u00e1st\u00ed na\u0161eho rozs\u00e1hl\u00e9ho katalogu ot\u00e1zek. Douf\u00e1me, \u017ee to poskytne tolik pot\u0159ebn\u00e9 odpov\u011bdi na aktu\u00e1ln\u00ed ot\u00e1zky v \u00fazemn\u00edm pl\u00e1nov\u00e1n\u00ed rozvoje \u0161koly,\" uzav\u00edr\u00e1 Zach.<\/p>\n\n\n\n<hr class=\"wp-block-separator\"\/>\n\n\n\n<p>Dotazy na:<\/p>\n\n\n\n<p>Jakob M\u00e4hler<br>Gener\u00e1ln\u00ed \u0159editel skupiny<br>Aliance 90 \/ Zelen\u00ed Main-Kinzig<\/p>\n\n\n\n<p>06181\/61596<br>0176\/46763336<\/p>\n\n\n\n<p>fraktion@gruene-mkk.de<\/p>","protected":false},"excerpt":{"rendered":"<p>Skupina Zelen\u00fdch v Parlamentu: Erlensee nal\u00e9hav\u011b pot\u0159ebuje br\u00e1t novou z\u00e1kladn\u00ed \u0161kolu \/ starosti v Gro\u00dfkrotzenburgu v\u00e1\u017en\u011b<\/p>","protected":false},"author":-1,"featured_media":0,"comment_status":"open","ping_status":"open","sticky":false,"template":"","format":"standard","meta":{"footnotes":""},"categories":[2],"tags":[],"class_list":["post-886","post","type-post","status-publish","format-standard","hentry","category-newskreistagsfraktion"],"_links":{"self":[{"href":"https:\/\/www.gruene-mkk.de\/cs\/wp-json\/wp\/v2\/posts\/886","targetHints":{"allow":["GET"]}}],"collection":[{"href":"https:\/\/www.gruene-mkk.de\/cs\/wp-json\/wp\/v2\/posts"}],"about":[{"href":"https:\/\/www.gruene-mkk.de\/cs\/wp-json\/wp\/v2\/types\/post"}],"author":[{"embeddable":true,"href":"https:\/\/www.gruene-mkk.de\/cs\/wp-json\/wp\/v2\/users\/5"}],"replies":[{"embeddable":true,"href":"https:\/\/www.gruene-mkk.de\/cs\/wp-json\/wp\/v2\/comments?post=886"}],"version-history":[{"count":1,"href":"https:\/\/www.gruene-mkk.de\/cs\/wp-json\/wp\/v2\/posts\/886\/revisions"}],"predecessor-version":[{"id":888,"href":"https:\/\/www.gruene-mkk.de\/cs\/wp-json\/wp\/v2\/posts\/886\/revisions\/888"}],"wp:attachment":[{"href":"https:\/\/www.gruene-mkk.de\/cs\/wp-json\/wp\/v2\/media?parent=886"}],"wp:term":[{"taxonomy":"category","embeddable":true,"href":"https:\/\/www.gruene-mkk.de\/cs\/wp-json\/wp\/v2\/categories?post=886"},{"taxonomy":"post_tag","embeddable":true,"href":"https:\/\/www.gruene-mkk.de\/cs\/wp-json\/wp\/v2\/tags?post=886"}],"curies":[{"name":"wp","href":"https:\/\/api.w.org\/{rel}","templated":true}]}}