{"id":875,"date":"2022-01-28T15:36:02","date_gmt":"2022-01-28T14:36:02","guid":{"rendered":"https:\/\/www.gruene-mkk.de\/?p=875"},"modified":"2022-01-28T15:36:02","modified_gmt":"2022-01-28T14:36:02","slug":"gruene-freuen-sich-ueber-verbot-von-atommuelllagerung-in-hanau","status":"publish","type":"post","link":"https:\/\/www.gruene-mkk.de\/cs\/gruene-freuen-sich-ueber-verbot-von-atommuelllagerung-in-hanau\/","title":{"rendered":"Zelen\u00ed v\u00edtaj\u00ed z\u00e1kaz skladov\u00e1n\u00ed jadern\u00e9ho odpadu v Hanau"},"content":{"rendered":"<p><strong>p\u0159elomov\u00fd \u00fasudek \/ neudr\u017eiteln\u00e1 jadern\u00e1 energie<\/strong><\/p>\n\n\n\n<!--more-->\n\n\n\n<p>\"Jsme pot\u011b\u0161eni rozhodnut\u00edm Spolkov\u00e9ho spr\u00e1vn\u00edho soudu v Lipsku,\" \u0159\u00edk\u00e1 Viola Ha\u00dfdenteufel, mluv\u010d\u00ed okresn\u00edho v\u00fdkonn\u00e9ho org\u00e1nu Zelen\u00fdch Main-Kinzig a m\u00edstop\u0159edsedkyn\u011b parlamentn\u00ed skupiny okresn\u00ed parlamentn\u00ed skupiny. \u201eV \u00fater\u00fd bylo rozhodnuto, \u017ee radioaktivn\u00ed odpad by nem\u011bl b\u00fdt skladov\u00e1n v komer\u010dn\u00edch prostor\u00e1ch.\u201c<\/p>\n\n\n\n<p>Z\u00e1kladem tohoto rozsudku bylo pl\u00e1novan\u00e9 roz\u0161\u00ed\u0159en\u00ed do\u010dasn\u00e9ho skladu v pr\u016fmyslov\u00e9 z\u00f3n\u011b Hanau: \u201eBundesverwaltungsgericht (Spolkov\u00fd spr\u00e1vn\u00ed soud) objasnil, \u017ee v obchodn\u00ed oblasti nen\u00ed povolen radioaktivn\u00ed odpad. Tento rozsudek m\u00e1 nesm\u00edrn\u00fd v\u00fdznam daleko za m\u011bstem Hanau.\u201c<\/p>\n\n\n\n<p>Ha\u00dfdenteufel zd\u016fraz\u0148uje, \u017ee roz\u0161\u00ed\u0159en\u00ed prozat\u00edmn\u00edho t\u00e1bora Kreisverbandem a frakc\u00ed Kreistag bylo v\u017edy odm\u00edtnuto: \u201eV roce 2018 spr\u00e1vn\u00ed soud rozhodl ve prosp\u011bch spole\u010dnosti \u201eDaher\u201c a pova\u017eoval prodlou\u017een\u00ed za p\u0159\u00edpustn\u00e9. Nal\u00e9hav\u00fdm n\u00e1vrhem v okresn\u00ed rad\u011b jsme pak upozornili na tento rozsudek a po\u017eadovali, aby okres podpo\u0159il m\u011bsto Hanau p\u0159i pod\u00e1n\u00ed odvol\u00e1n\u00ed a dal\u0161\u00edm zam\u00edtnut\u00ed.\u201c<\/p>\n\n\n\n<p>St\u00e1vaj\u00edc\u00edm rozhodnut\u00edm bylo kone\u010dn\u011b vyjasn\u011bno, \u017ee \u201ejak\u00e9koli pl\u00e1nov\u00e1n\u00ed za\u0159\u00edzen\u00ed pro do\u010dasn\u00e9 uskladn\u011bn\u00ed jadern\u00e9ho odpadu v pr\u016fmyslov\u00fdch oblastech m\u016f\u017ee b\u00fdt odm\u00edtnuto. Pr\u00e1v\u011b s ohledem na dal\u0161\u00ed nevy\u0159e\u0161enou ot\u00e1zku kone\u010dn\u00e9ho ulo\u017een\u00ed jadern\u00e9ho odpadu a hled\u00e1n\u00ed dal\u0161\u00edch do\u010dasn\u00fdch skladovac\u00edch za\u0159\u00edzen\u00ed zde byla vytvo\u0159ena jasnost,\u201c \u0159\u00edk\u00e1 Ha\u00dfdenteufel.<\/p>\n\n\n\n<p>\u201eOd sv\u00e9ho zalo\u017een\u00ed v okrese Main-Kinzig vedou Zelen\u00ed kampa\u0148 za udr\u017eiteln\u00e9 dod\u00e1vky energie a proti vyu\u017e\u00edv\u00e1n\u00ed jadern\u00e9 energie a podporuj\u00ed protijadern\u00e9 hnut\u00ed.\u201c Nejpozd\u011bji od pochyben\u00ed spole\u010dnost\u00ed v b\u00fdval\u00fdch \u201eAtomdorf\u201c a \u201eSuper-Gau\u201c v \u010cernobylu je z\u0159ejm\u00e9, \u017ee jadern\u00e9 elektr\u00e1rny p\u0159edstavuj\u00ed riziko a nejsou v \u017e\u00e1dn\u00e9m p\u0159\u00edpad\u011b udr\u017eiteln\u00e9. \u201eV t\u00e9to souvislosti d\u016frazn\u011b odm\u00edt\u00e1me my\u0161lenku, \u017ee by jadern\u00e1 energie m\u011bla b\u00fdt v Evropsk\u00e9 unii klasifikov\u00e1na jako udr\u017eiteln\u00e1.\u201c<\/p>\n\n\n\n<p>Okresn\u00ed sdru\u017een\u00ed a parlamentn\u00ed skupina Zelen\u00fdch Main-Kinzig nyn\u00ed doufaj\u00ed, \u017ee se znovu zrychl\u00ed expanze elektr\u00e1ren vyr\u00e1b\u011bj\u00edc\u00edch energii z obnoviteln\u00fdch zdroj\u016f: \"To n\u00e1m umo\u017en\u00ed zajistit skute\u010dn\u011b udr\u017eiteln\u00e9 dod\u00e1vky energie,\" uzav\u00edr\u00e1 Ha\u00dfdenteufel.<\/p>\n\n\n\n<p><\/p>\n\n\n\n<hr class=\"wp-block-separator\"\/>\n\n\n\n<p>Dotazy na:<\/p>\n\n\n\n<p>Jakob M\u00e4hler<br>Gener\u00e1ln\u00ed \u0159editel skupiny<br>Aliance 90 \/ Zelen\u00ed Main-Kinzig<\/p>\n\n\n\n<p>06181\/61596<br>0176\/46763336<\/p>\n\n\n\n<p>fraktion@gruene-mkk.de<\/p>","protected":false},"excerpt":{"rendered":"<p>p\u0159elomov\u00fd \u00fasudek \/ neudr\u017eiteln\u00e1 jadern\u00e1 energie<\/p>","protected":false},"author":-1,"featured_media":0,"comment_status":"open","ping_status":"open","sticky":false,"template":"","format":"standard","meta":{"footnotes":""},"categories":[1,2],"tags":[],"class_list":["post-875","post","type-post","status-publish","format-standard","hentry","category-allgemein","category-newskreistagsfraktion"],"_links":{"self":[{"href":"https:\/\/www.gruene-mkk.de\/cs\/wp-json\/wp\/v2\/posts\/875","targetHints":{"allow":["GET"]}}],"collection":[{"href":"https:\/\/www.gruene-mkk.de\/cs\/wp-json\/wp\/v2\/posts"}],"about":[{"href":"https:\/\/www.gruene-mkk.de\/cs\/wp-json\/wp\/v2\/types\/post"}],"author":[{"embeddable":true,"href":"https:\/\/www.gruene-mkk.de\/cs\/wp-json\/wp\/v2\/users\/5"}],"replies":[{"embeddable":true,"href":"https:\/\/www.gruene-mkk.de\/cs\/wp-json\/wp\/v2\/comments?post=875"}],"version-history":[{"count":3,"href":"https:\/\/www.gruene-mkk.de\/cs\/wp-json\/wp\/v2\/posts\/875\/revisions"}],"predecessor-version":[{"id":879,"href":"https:\/\/www.gruene-mkk.de\/cs\/wp-json\/wp\/v2\/posts\/875\/revisions\/879"}],"wp:attachment":[{"href":"https:\/\/www.gruene-mkk.de\/cs\/wp-json\/wp\/v2\/media?parent=875"}],"wp:term":[{"taxonomy":"category","embeddable":true,"href":"https:\/\/www.gruene-mkk.de\/cs\/wp-json\/wp\/v2\/categories?post=875"},{"taxonomy":"post_tag","embeddable":true,"href":"https:\/\/www.gruene-mkk.de\/cs\/wp-json\/wp\/v2\/tags?post=875"}],"curies":[{"name":"wp","href":"https:\/\/api.w.org\/{rel}","templated":true}]}}