{"id":806,"date":"2021-12-16T16:29:05","date_gmt":"2021-12-16T15:29:05","guid":{"rendered":"https:\/\/www.alles-bleibt-anders.org\/?p=806"},"modified":"2021-12-16T16:33:06","modified_gmt":"2021-12-16T15:33:06","slug":"buergermeisterkandidat-fuer-grosskrotzenburg","status":"publish","type":"post","link":"https:\/\/www.gruene-mkk.de\/cs\/buergermeisterkandidat-fuer-grosskrotzenburg\/","title":{"rendered":"Kandid\u00e1t na starostu Gro\u00dfkrotzenburgu"},"content":{"rendered":"<p>Lucas B\u00e4uml<\/p>\n\n\n\n<!--more-->\n\n\n\n<p>Lucas B\u00e4uml p\u016fsobil jako mluv\u010d\u00ed Krotzebojsk\u00fdch zelen\u00fdch a jako \u010dlen<br>Zastoupen\u00ed m\u016f\u017ee z\u00edskat ji\u017e n\u011bkolik let intenzivn\u00edch zku\u0161enost\u00ed v m\u00edstn\u00ed politice. D\u00edky sv\u00e9 otev\u0159en\u00e9 povaze, spolehlivosti a schopnosti sdru\u017eovat r\u016fzn\u00e9 pozice se t\u011b\u0161\u00ed respektu a respektu v politick\u00fdch org\u00e1nech. Nicm\u00e9n\u011b se neboj\u00ed vyj\u00e1d\u0159it sv\u016fj n\u00e1zor nebo pojmenovat existuj\u00edc\u00ed probl\u00e9my, ale v\u017edy v souvislosti s konstruktivn\u00edmi n\u00e1vrhy \u0159e\u0161en\u00ed. V r\u00e1mci sv\u00e9 politick\u00e9 \u010dinnosti m\u00e1 vlastn\u00ed vizi budoucnosti Gro\u00dfkrotzenburgu.<br>kter\u00e9 budou podrobn\u011bji p\u0159edstaveny v nadch\u00e1zej\u00edc\u00edch t\u00fddnech a mezi t\u011bmito t\u0159emi<br>T\u00e9mata<\/p>\n\n\n\n<p><br>Gro\u00dfkrotzenburg \u2013 obyvateln\u00fd pro mlad\u00e9 i star\u00e9<br>Gro\u00dfkrotzenburg \u2013 Opat\u0159en\u00ed proti zm\u011bn\u011b klimatu<br>Gro\u00dfkrotzenburg \u2013 bl\u00edzk\u00fd ob\u010dan\u016fm a efektivn\u00ed<br><\/p>\n\n\n\n<p>Lze shrnout.<br><\/p>\n\n\n\n<p>\u201eChci, aby se hnut\u00ed vr\u00e1tilo do na\u0161\u00ed komunity a ukon\u010dila se nov\u00e1 kultura,\u201c vysv\u011btluje Lucas B\u00e4uml. \u201eJako starosta vid\u00edm svou \u00falohu spr\u00e1vce, pr\u016fkopn\u00edka a prost\u0159edn\u00edka. Jako n\u011bkdo, kdo v\u011bci umo\u017e\u0148uje.\u201c<\/p>\n\n\n\n<p><br>P\u0159ekon\u00e1n\u00ed stagnace v na\u0161\u00ed komunit\u011b a znovuvytv\u00e1\u0159en\u00ed perspektiv je aktem s\u00edly, kter\u00fd chce zastavit. Pro dosa\u017een\u00ed tohoto c\u00edle jsou pro n\u011bj z\u00e1sadn\u00ed dv\u011b v\u011bci. Na jedn\u00e9 stran\u011b mus\u00ed b\u00fdt z\u00e1sadn\u011b revidov\u00e1na organizace \u00fakol\u016f, person\u00e1ln\u00ed struktura a pracovn\u00ed metody obecn\u00ed spr\u00e1vy, zde jsou to zam\u011bstnanci<em>Vezmi to dovnit\u0159. Lucas B\u00e4uml t\u011b\u017e\u00ed z odborn\u00fdch znalost\u00ed a dovednost\u00ed z\u00edskan\u00fdch z v\u00edce ne\u017e 10 let odborn\u00e9 praxe v podnik\u00e1n\u00ed. Na druhou stranu chce znovu vytvo\u0159it kolegi\u00e1ln\u00ed sou\u017eit\u00ed, a to nejen mezi starostou a zastupitelstvem obce, ale tak\u00e9 s ob\u010dany. \u201eObjeven\u00ed t\u00e9to shody je m\u00fdm deklarovan\u00fdm c\u00edlem. R\u00e1d bych v\u011bd\u011bl, co m\u00edstn\u00ed lid\u00e9 d\u011blaj\u00ed, a r\u00e1d bych si s nimi o tom promluvil,\" vysv\u011btluje Lucas B\u00e4uml. Lucas B\u00e4uml ji\u017e m\u00e1 \u017eivou v\u00fdm\u011bnu s ob\u010dany<\/em>vnit\u0159n\u00ed z\u00e1le\u017eitosti, \u017eivnostn\u00edk\u016f a sdru\u017een\u00ed a t\u011b\u0161\u00ed se na mnoho podn\u011bt\u016f a n\u00e1vrh\u016f a na dal\u0161\u00ed zintenzivn\u011bn\u00ed tohoto dialogu s ob\u010dany v budoucnu.<br><\/p>\n\n\n\n<p>Lucas B\u00e4uml opakuje, \u017ee \u201eGro\u00dfkrotzenburg se v mnoha oblastech m\u011bn\u00ed, co\u017e p\u0159edstavuje p\u0159\u00edle\u017eitost k pozitivn\u00ed zm\u011bn\u011b. Ale je t\u0159eba odvahy, abychom se dostali na novou p\u016fdu. Jsem na to rozhodn\u011b p\u0159ipraven.\" Lucas B\u00e4uml lze kontaktovat na Facebooku a Instagramu nebo e-mailem na buergermeister@lucas2022.de<\/p>\n\n\n\n<p><\/p>","protected":false},"excerpt":{"rendered":"<p>Lucas B\u00e4uml<\/p>","protected":false},"author":-1,"featured_media":807,"comment_status":"open","ping_status":"open","sticky":false,"template":"","format":"standard","meta":{"footnotes":""},"categories":[4],"tags":[],"class_list":["post-806","post","type-post","status-publish","format-standard","has-post-thumbnail","hentry","category-newsortsverbaende"],"_links":{"self":[{"href":"https:\/\/www.gruene-mkk.de\/cs\/wp-json\/wp\/v2\/posts\/806","targetHints":{"allow":["GET"]}}],"collection":[{"href":"https:\/\/www.gruene-mkk.de\/cs\/wp-json\/wp\/v2\/posts"}],"about":[{"href":"https:\/\/www.gruene-mkk.de\/cs\/wp-json\/wp\/v2\/types\/post"}],"author":[{"embeddable":true,"href":"https:\/\/www.gruene-mkk.de\/cs\/wp-json\/wp\/v2\/users\/2"}],"replies":[{"embeddable":true,"href":"https:\/\/www.gruene-mkk.de\/cs\/wp-json\/wp\/v2\/comments?post=806"}],"version-history":[{"count":2,"href":"https:\/\/www.gruene-mkk.de\/cs\/wp-json\/wp\/v2\/posts\/806\/revisions"}],"predecessor-version":[{"id":810,"href":"https:\/\/www.gruene-mkk.de\/cs\/wp-json\/wp\/v2\/posts\/806\/revisions\/810"}],"wp:featuredmedia":[{"embeddable":true,"href":"https:\/\/www.gruene-mkk.de\/cs\/wp-json\/wp\/v2\/media\/807"}],"wp:attachment":[{"href":"https:\/\/www.gruene-mkk.de\/cs\/wp-json\/wp\/v2\/media?parent=806"}],"wp:term":[{"taxonomy":"category","embeddable":true,"href":"https:\/\/www.gruene-mkk.de\/cs\/wp-json\/wp\/v2\/categories?post=806"},{"taxonomy":"post_tag","embeddable":true,"href":"https:\/\/www.gruene-mkk.de\/cs\/wp-json\/wp\/v2\/tags?post=806"}],"curies":[{"name":"wp","href":"https:\/\/api.w.org\/{rel}","templated":true}]}}