{"id":796,"date":"2021-11-26T18:35:00","date_gmt":"2021-11-26T17:35:00","guid":{"rendered":"https:\/\/www.alles-bleibt-anders.org\/?p=796"},"modified":"2021-12-09T18:35:58","modified_gmt":"2021-12-09T17:35:58","slug":"aenderungsantrag-zum-haushalt-geringere-erhoehung-der-kreisumlage","status":"publish","type":"post","link":"https:\/\/www.gruene-mkk.de\/cs\/aenderungsantrag-zum-haushalt-geringere-erhoehung-der-kreisumlage\/","title":{"rendered":"Zm\u011bna rozpo\u010dtu: Sn\u00ed\u017een\u00e9 zv\u00fd\u0161en\u00ed okresn\u00edho poplatku"},"content":{"rendered":"<p><strong>Okresn\u00ed rada rozhodne:&nbsp;&nbsp;&nbsp;&nbsp;&nbsp; &nbsp;&nbsp;&nbsp;&nbsp;&nbsp;<\/strong><\/p>\n\n\n\n<p>M\u00edra zru\u0161en\u00ed okresn\u00edho poplatku v rozpo\u010dtov\u00e9m roce 2022 se zv\u00fd\u0161\u00ed o 1,0 procenta na 33,47 procenta.<\/p>\n\n\n\n<p><strong>D\u016fvodov\u00e1 zpr\u00e1va:<\/strong><\/p>\n\n\n\n<p>Main-Kinzig-Kreis vykazuje ji\u017e \u0159adu let vysok\u00e9 p\u0159ebytky v b\u011b\u017en\u00e9m v\u00fdsledku, kter\u00e9 byly v\u00fdrazn\u011b vy\u0161\u0161\u00ed ne\u017e pl\u00e1n p\u0159edchoz\u00edch rozpo\u010dtov\u00fdch let.<\/p>\n\n\n\n<ul class=\"wp-block-list\"><li>V roce 2017 byl pl\u00e1nov\u00e1n 1 milion eur, ve skute\u010dnosti to bylo 36 milion\u016f eur<\/li><li>V roce 2018 bylo pl\u00e1nov\u00e1no 23 milion\u016f EUR, ve skute\u010dnosti jich bylo 53 milion\u016f.<\/li><li>V roce 2019 bylo napl\u00e1nov\u00e1no 22 milion\u016f EUR, ve skute\u010dnosti to bylo 48 milion\u016f EUR.<\/li><li>V roce 2020 bylo napl\u00e1nov\u00e1no 15 milion\u016f EUR, ve skute\u010dnosti to bude p\u0159ibli\u017en\u011b 39 milion\u016f EUR.<\/li><\/ul>\n\n\n\n<p>Nadhodnocen\u00e9 \u00fa\u010detn\u00ed z\u00e1v\u011brky jsou p\u0159\u00edjemn\u00e9 a pom\u00e1haj\u00ed d\u00e1le konsolidovat finance okresu Main-Kinzig. Na druh\u00e9 stran\u011b by realistick\u00e9 pl\u00e1nov\u00e1n\u00ed v\u00fdsledk\u016f tak\u00e9 jasn\u011bji uk\u00e1zalo st\u00e1vaj\u00edc\u00ed finan\u010dn\u00ed prostor.<\/p>\n\n\n\n<p>S dodate\u010dn\u00fdm rozpo\u010dtem na rok 2021 byl okresn\u00ed p\u0159\u00edplatek sn\u00ed\u017een o 2,5 %, aby se m\u00edstn\u00edm org\u00e1n\u016fm v dob\u011b koronavirov\u00e9 pandemie ulevilo a aby se dal\u0161\u00ed \u00faleva v n\u00e1kladech na ubytov\u00e1n\u00ed (KdU) p\u0159enesla na m\u00edstn\u00ed org\u00e1ny.<\/p>\n\n\n\n<p>Sou\u010dasn\u00fd n\u00e1vrh rozpo\u010dtu po\u010d\u00edt\u00e1 se zv\u00fd\u0161en\u00edm okresn\u00edho poplatku o 2 %.<\/p>\n\n\n\n<p>Main-Kinzig-Kreis tak chce dos\u00e1hnout b\u011b\u017en\u00e9ho ro\u010dn\u00edho v\u00fdsledku ve v\u00fd\u0161i p\u0159ibli\u017en\u011b 15,9 milionu EUR v rozpo\u010dtu p\u0159\u00edjm\u016f a 278,681 EUR ve finan\u010dn\u00edm rozpo\u010dtu. Podle Landrat Thorsten Stolz zde nen\u00ed \u017e\u00e1dn\u00fd man\u00e9vrovac\u00ed prostor a toto zv\u00fd\u0161en\u00ed okresn\u00edho poplatku jeden rok po sn\u00ed\u017een\u00ed je nevyhnuteln\u00e9.<\/p>\n\n\n\n<p>Z\u00e1rove\u0148 okres pl\u00e1nuje na rok 2022 26 nov\u00fdch pracovn\u00edch m\u00edst, v\u010detn\u011b 19 dal\u0161\u00edch pracovn\u00edch m\u00edst pro st\u00e1tn\u00ed zam\u011bstnance, co\u017e bude pro okres Main-Kinzig p\u0159edstavovat trvalou finan\u010dn\u00ed z\u00e1t\u011b\u017e v d\u016fsledku d\u016fchodov\u00e9ho zabezpe\u010den\u00ed, kter\u00e9 m\u00e1 b\u00fdt vytvo\u0159eno. Zde je t\u0159eba sledovat p\u0159\u00edklady dal\u0161\u00edch okres\u016f a obc\u00ed, kter\u00e9 ji\u017e nevytv\u00e1\u0159ej\u00ed a nezauj\u00edmaj\u00ed nov\u00e9 ofici\u00e1ln\u00ed pozice. M\u00edsto toho by se ve st\u0159edn\u011bdob\u00e9m horizontu m\u011blo usilovat o sn\u00ed\u017een\u00ed v\u00edce ne\u017e 330 st\u00e1vaj\u00edc\u00edch m\u00edst st\u00e1tn\u00edch zam\u011bstnanc\u016f na nezbytnou \u00farove\u0148.<\/p>\n\n\n\n<p>Nezbytn\u00e9 investice ve v\u00fd\u0161i p\u0159ibli\u017en\u011b 55 milion\u016f EUR do d\u016fle\u017eit\u00fdch oblast\u00ed, jako jsou \u0161koly, kliniky a digitalizace, vy\u017eaduj\u00ed \u010dist\u00fd nov\u00fd dluh ve v\u00fd\u0161i p\u0159ibli\u017en\u011b 25 milion\u016f EUR. D\u016fle\u017eit\u00e9 investi\u010dn\u00ed oblasti, jako je ochrana klimatu a budov\u00e1n\u00ed cyklostezek, se bohu\u017eel v investi\u010dn\u00edm programu v\u016fbec neobjevuj\u00ed nebo jen s mal\u00fdm objemem investic.<\/p>\n\n\n\n<p>\u00daprava okresn\u00edho poplatku je posledn\u00ed mo\u017enost\u00ed, jak odstranit otev\u0159en\u00e9 mezery ve financov\u00e1n\u00ed, a proto by m\u011bl b\u00fdt vyu\u017eit st\u00e1vaj\u00edc\u00ed potenci\u00e1l \u00faspor a okresn\u00ed poplatek by m\u011bl b\u00fdt zv\u00fd\u0161en nejv\u00fd\u0161e o jeden procentn\u00ed bod.<\/p>\n\n\n\n<p>V nadch\u00e1zej\u00edc\u00edch letech by m\u011blo b\u00fdt c\u00edlem okresu vyhnout se dal\u0161\u00edmu zat\u011b\u017eov\u00e1n\u00ed obc\u00ed a p\u0159ikl\u00e1dat v\u011bt\u0161\u00ed v\u00e1hu faktoru konsolidace v rozpo\u010dtu, aby byla zachov\u00e1na schopnost jednat nejen v okrese, ale i v obc\u00edch okresu.<\/p>\n\n\n\n<p>D\u016fvodem je: Main-Kinzig-Kreis je p\u0159edev\u0161\u00edm slou\u010den\u00edm mnoha obc\u00ed, pro kter\u00e9 m\u00e1me jako okres povinnost p\u00e9\u010de.<\/p>","protected":false},"excerpt":{"rendered":"<p>Okresn\u00ed rada rozhodne:\u00a0\u00a0\u00a0\u00a0\u00a0 \u00a0\u00a0\u00a0\u00a0\u00a0 M\u00edra zru\u0161en\u00ed okresn\u00edho poplatku v rozpo\u010dtov\u00e9m roce 2022 se zv\u00fd\u0161\u00ed o 1,0 procenta na 33,47 procenta. D\u016fvodov\u00e1 zpr\u00e1va: Okres Main-Kinzig m\u00e1 vysok\u00e9 p\u0159ebytky v [...]<\/p>","protected":false},"author":-1,"featured_media":0,"comment_status":"open","ping_status":"open","sticky":false,"template":"","format":"standard","meta":{"footnotes":""},"categories":[9],"tags":[],"class_list":["post-796","post","type-post","status-publish","format-standard","hentry","category-antraege-und-anfragen"],"_links":{"self":[{"href":"https:\/\/www.gruene-mkk.de\/cs\/wp-json\/wp\/v2\/posts\/796","targetHints":{"allow":["GET"]}}],"collection":[{"href":"https:\/\/www.gruene-mkk.de\/cs\/wp-json\/wp\/v2\/posts"}],"about":[{"href":"https:\/\/www.gruene-mkk.de\/cs\/wp-json\/wp\/v2\/types\/post"}],"author":[{"embeddable":true,"href":"https:\/\/www.gruene-mkk.de\/cs\/wp-json\/wp\/v2\/users\/2"}],"replies":[{"embeddable":true,"href":"https:\/\/www.gruene-mkk.de\/cs\/wp-json\/wp\/v2\/comments?post=796"}],"version-history":[{"count":1,"href":"https:\/\/www.gruene-mkk.de\/cs\/wp-json\/wp\/v2\/posts\/796\/revisions"}],"predecessor-version":[{"id":797,"href":"https:\/\/www.gruene-mkk.de\/cs\/wp-json\/wp\/v2\/posts\/796\/revisions\/797"}],"wp:attachment":[{"href":"https:\/\/www.gruene-mkk.de\/cs\/wp-json\/wp\/v2\/media?parent=796"}],"wp:term":[{"taxonomy":"category","embeddable":true,"href":"https:\/\/www.gruene-mkk.de\/cs\/wp-json\/wp\/v2\/categories?post=796"},{"taxonomy":"post_tag","embeddable":true,"href":"https:\/\/www.gruene-mkk.de\/cs\/wp-json\/wp\/v2\/tags?post=796"}],"curies":[{"name":"wp","href":"https:\/\/api.w.org\/{rel}","templated":true}]}}