{"id":794,"date":"2021-11-26T18:29:00","date_gmt":"2021-11-26T17:29:00","guid":{"rendered":"https:\/\/www.alles-bleibt-anders.org\/?p=794"},"modified":"2021-12-09T18:35:01","modified_gmt":"2021-12-09T17:35:01","slug":"aenderungsantrag-zum-haushalt-foerdertopf-fuer-hochwasserschutz","status":"publish","type":"post","link":"https:\/\/www.gruene-mkk.de\/cs\/aenderungsantrag-zum-haushalt-foerdertopf-fuer-hochwasserschutz\/","title":{"rendered":"Zm\u011bna rozpo\u010dtu: Dopravn\u00edkov\u00fd hrnec pro ochranu p\u0159ed povodn\u011bmi"},"content":{"rendered":"<p><strong>Okresn\u00ed rada rozhodne:&nbsp;&nbsp;&nbsp;&nbsp;&nbsp; &nbsp;&nbsp;&nbsp;&nbsp;&nbsp;<\/strong><\/p>\n\n\n\n<ol class=\"wp-block-list\"><li>Main-Kinzig-Kreis z\u0159izuje p\u0159e\u010derp\u00e1vac\u00ed n\u00e1dr\u017e pro protipovod\u0148ov\u00e1 opat\u0159en\u00ed.<\/li><li>Finan\u010dn\u00ed rezerva zahrnuje 100 000 eur a je k dispozici klimatick\u00fdm obc\u00edm, kter\u00e9 ji\u017e provedly mapy tokov\u00fdch drah a anal\u00fdzy siln\u00fdch de\u0161\u0165\u016f a cht\u011bj\u00ed zav\u00e9st dal\u0161\u00ed protipovod\u0148ov\u00e1 opat\u0159en\u00ed.<\/li><li>Maxim\u00e1ln\u00ed v\u00fd\u0161e finan\u010dn\u00edch prost\u0159edk\u016f na obec je 10 000 EUR.<\/li><li>Fond je um\u00edst\u011bn v \u00da\u0159adu pro p\u0159\u00edrodu, \u017eivotn\u00ed prost\u0159ed\u00ed, zem\u011bd\u011blstv\u00ed a kontrolu chorob zv\u00ed\u0159at. V\u00fdbor pro hospod\u00e1\u0159sk\u00e9 z\u00e1le\u017eitosti, dopravu, \u017eivotn\u00ed prost\u0159ed\u00ed a zem\u011bd\u011blstv\u00ed rozhoduje o poskytov\u00e1n\u00ed dotac\u00ed ka\u017ed\u00fdch \u0161est m\u011bs\u00edc\u016f.<\/li><\/ol>\n\n\n\n<p><strong>D\u016fvodov\u00e1 zpr\u00e1va:<\/strong><\/p>\n\n\n\n<p>T\u00e9ma protipovod\u0148ov\u00e9 ochrany je p\u0159\u00edtomno nejen od ni\u010div\u00e9 povod\u0148ov\u00e9 katastrofy v \u010dervenci a povodn\u00ed v okrese v lednu leto\u0161n\u00edho roku.<\/p>\n\n\n\n<p>Mnoh\u00fdm projekt\u016fm v oblasti protipovod\u0148ov\u00e9 ochrany v\u0161ak trv\u00e1 mnoho let, ne\u017e jsou schv\u00e1leny a realizov\u00e1ny. Rozs\u00e1hl\u00e9 \u0161et\u0159en\u00ed parlamentn\u00ed skupiny Zelen\u00fdch uk\u00e1zalo, \u017ee nezbytn\u00e9 reten\u010dn\u00ed n\u00e1dr\u017ee jsou ve schvalovac\u00edm procesu uv\u00edzl\u00e9 ji\u017e \u0159adu let.<\/p>\n\n\n\n<p>Protipovod\u0148ov\u00e1 ochrana je nyn\u00ed tak\u00e9 st\u00e1le d\u016fle\u017eit\u011bj\u0161\u00edm t\u00e9matem ve m\u011bstech a obc\u00edch okresu Main-Kinzig. Za \u00fa\u010delem n\u00e1pravy t\u00e9to situace zem\u011b podporuje vytvo\u0159en\u00ed map tok\u016f a anal\u00fdz siln\u00fdch de\u0161\u0165\u016f pro klimatick\u00e9 komunity se 100% dotac\u00ed.<\/p>\n\n\n\n<p>V\u00fdsledky \u0161et\u0159en\u00ed \u010dasto vedou k nezbytn\u00fdm opat\u0159en\u00edm, kter\u00e1 mus\u00ed m\u00edstn\u00ed org\u00e1ny vz\u00edt do vlastn\u00edch rukou. Krom\u011b podpory st\u00e1tu a spolkov\u00e9 vl\u00e1dy by m\u011bl Main-Kinzig-Kreis tak\u00e9 plnit svou odpov\u011bdnost za obce a poskytovat odpov\u00eddaj\u00edc\u00ed podporu obc\u00edm, kter\u00e9 cht\u011bj\u00ed iniciovat dal\u0161\u00ed opat\u0159en\u00ed na ochranu p\u0159ed povodn\u011bmi.<\/p>\n\n\n\n<p>Proto m\u00e1 b\u00fdt rozpo\u010det Main-Kinzig-Kreis stanoven na 100 000 eur jako fond, ve kter\u00e9m mohou jednotliv\u00e9 obce po\u017eadovat a\u017e 10 000 eur na projekty protipovod\u0148ov\u00e9 ochrany.<\/p>\n\n\n\n<p>V\u00fdbor pro \u017eivotn\u00ed prost\u0159ed\u00ed m\u00e1 p\u0159\u00edpad od p\u0159\u00edpadu projedn\u00e1vat a rozhodovat o v\u00fd\u0161i a v\u00fd\u0161i financov\u00e1n\u00ed.&nbsp;<\/p>","protected":false},"excerpt":{"rendered":"<p>Okresn\u00ed rada rozhodne:\u00a0\u00a0\u00a0\u00a0\u00a0 \u00a0\u00a0\u00a0\u00a0\u00a0 Main-Kinzig-Kreis z\u0159izuje p\u0159e\u010derp\u00e1vac\u00ed n\u00e1dr\u017e pro protipovod\u0148ov\u00e1 opat\u0159en\u00ed. Finan\u010dn\u00ed rezerva zahrnuje 100 000 eur a je k dispozici klimatick\u00fdm obc\u00edm, kter\u00e9 ji\u017e provedly mapy tok\u016f a anal\u00fdzy siln\u00fdch de\u0161\u0165\u016f a [...]<\/p>","protected":false},"author":-1,"featured_media":0,"comment_status":"open","ping_status":"open","sticky":false,"template":"","format":"standard","meta":{"footnotes":""},"categories":[9],"tags":[],"class_list":["post-794","post","type-post","status-publish","format-standard","hentry","category-antraege-und-anfragen"],"_links":{"self":[{"href":"https:\/\/www.gruene-mkk.de\/cs\/wp-json\/wp\/v2\/posts\/794","targetHints":{"allow":["GET"]}}],"collection":[{"href":"https:\/\/www.gruene-mkk.de\/cs\/wp-json\/wp\/v2\/posts"}],"about":[{"href":"https:\/\/www.gruene-mkk.de\/cs\/wp-json\/wp\/v2\/types\/post"}],"author":[{"embeddable":true,"href":"https:\/\/www.gruene-mkk.de\/cs\/wp-json\/wp\/v2\/users\/2"}],"replies":[{"embeddable":true,"href":"https:\/\/www.gruene-mkk.de\/cs\/wp-json\/wp\/v2\/comments?post=794"}],"version-history":[{"count":1,"href":"https:\/\/www.gruene-mkk.de\/cs\/wp-json\/wp\/v2\/posts\/794\/revisions"}],"predecessor-version":[{"id":795,"href":"https:\/\/www.gruene-mkk.de\/cs\/wp-json\/wp\/v2\/posts\/794\/revisions\/795"}],"wp:attachment":[{"href":"https:\/\/www.gruene-mkk.de\/cs\/wp-json\/wp\/v2\/media?parent=794"}],"wp:term":[{"taxonomy":"category","embeddable":true,"href":"https:\/\/www.gruene-mkk.de\/cs\/wp-json\/wp\/v2\/categories?post=794"},{"taxonomy":"post_tag","embeddable":true,"href":"https:\/\/www.gruene-mkk.de\/cs\/wp-json\/wp\/v2\/tags?post=794"}],"curies":[{"name":"wp","href":"https:\/\/api.w.org\/{rel}","templated":true}]}}