{"id":790,"date":"2021-11-26T18:19:00","date_gmt":"2021-11-26T17:19:00","guid":{"rendered":"https:\/\/www.alles-bleibt-anders.org\/?p=790"},"modified":"2021-12-09T18:28:55","modified_gmt":"2021-12-09T17:28:55","slug":"aenderungsantrag-zum-haushalt-einstellung-eines-einer-mobilitaetsbeauftragten","status":"publish","type":"post","link":"https:\/\/www.gruene-mkk.de\/cs\/aenderungsantrag-zum-haushalt-einstellung-eines-einer-mobilitaetsbeauftragten\/","title":{"rendered":"Zm\u011bna rozpo\u010dtu: N\u00e1bor pracovn\u00edka pro mobilitu"},"content":{"rendered":"<p><strong>Okresn\u00ed rada rozhodne:&nbsp;&nbsp;&nbsp;&nbsp;&nbsp; &nbsp;&nbsp;&nbsp;&nbsp;&nbsp;<\/strong><\/p>\n\n\n\n<ol class=\"wp-block-list\"><li>Okresn\u00ed v\u00fdbor m\u00e1 za \u00fakol vytvo\u0159it pracovn\u00ed m\u00edsto referenta pro mobilitu v kancel\u00e1\u0159i 65 (\u0161koly, spr\u00e1va budov a nemovitost\u00ed a \u00fast\u0159edn\u00ed slu\u017eby).<\/li><li>Za t\u00edmto \u00fa\u010delem se do pl\u00e1nu pracovn\u00edch m\u00edst vkl\u00e1d\u00e1 1,0 pracovn\u00ed m\u00edsta.<\/li><li>Mezi \u00fakoly pracovn\u00edka pro mobilitu pat\u0159\u00ed:<ol><li>Prov\u00e1d\u011bn\u00ed koncepce mobility<\/li><li>Pos\u00edlen\u00ed dopravy s nulov\u00fdmi emisemi<\/li><li>Realizace cyklistick\u00fdch koncept\u016f<\/li><li>Mediace mezi feder\u00e1ln\u00edmi, st\u00e1tn\u00edmi, okresn\u00edmi a obcemi<\/li><li>Udr\u017eiteln\u00e9 vytv\u00e1\u0159en\u00ed s\u00edt\u00ed obc\u00ed<\/li><li>Kontaktn\u00ed osoba pro v\u0161echny \u00fakoly \u0159\u00edzen\u00ed mobility<\/li><\/ol><\/li><li>Po jednom roce prob\u011bhne ve V\u00fdboru pro hospod\u00e1\u0159sk\u00e9 z\u00e1le\u017eitosti, energetiku, dopravu, \u017eivotn\u00ed prost\u0159ed\u00ed a zem\u011bd\u011blstv\u00ed hodnocen\u00ed pozice pracovn\u00edka pro mobilitu.<\/li><li>Pravideln\u00e9 pod\u00e1v\u00e1n\u00ed zpr\u00e1v prob\u00edh\u00e1 ka\u017ed\u00fdch \u0161est m\u011bs\u00edc\u016f, nejm\u00e9n\u011b v\u0161ak jednou ro\u010dn\u011b, na WEVUL<\/li><\/ol>\n\n\n\n<p><strong>D\u016fvodov\u00e1 zpr\u00e1va:<\/strong><\/p>\n\n\n\n<p>Zp\u016fsob, jak\u00fdm se lid\u00e9 pohybuj\u00ed, je v sou\u010dasn\u00e9 dob\u011b ve stavu zvratu. Tato zm\u011bna mobility p\u0159edstavuje nov\u00e9 v\u00fdzvy pro m\u011bsta a obce i pro venkovsk\u00e9 oblasti.<\/p>\n\n\n\n<p>Jedn\u00edm z hlavn\u00edch \u00fakol\u016f obecn\u00edch slu\u017eeb obecn\u00e9ho z\u00e1jmu je zva\u017eov\u00e1n\u00ed a prov\u00e1d\u011bn\u00ed udr\u017eiteln\u00e9 mobility. Z tohoto d\u016fvodu zah\u00e1jila Main-Kinzig-Kreis krom\u011b dvou cyklistick\u00fdch koncept\u016f tak\u00e9 koncept mobility, jeho\u017e realizace se nyn\u00ed stane d\u016fle\u017eit\u00fdm \u00fakolem v nadch\u00e1zej\u00edc\u00edch letech.<\/p>\n\n\n\n<p>Pracovn\u00edk pro mobilitu organizuje pr\u016f\u0159ezov\u00fd \u00fakol s c\u00edlem p\u016fsobit jako prost\u0159edn\u00edk mezi ur\u010den\u00fdmi \u00fa\u0159ady, okresem a obcemi. V dal\u0161\u00edm pr\u016fb\u011bhu pracovn\u00edk mobility zaji\u0161\u0165uje dal\u0161\u00ed spolupr\u00e1ci mezi okresem a obcemi.<\/p>\n\n\n\n<p>Krom\u011b prov\u00e1d\u011bn\u00ed prohl\u00e1\u0161en\u00ed o posl\u00e1n\u00ed v oblasti mobility je z\u00e1rove\u0148 jedn\u00edm z jeho \u00fakol\u016f p\u0159isp\u00edvat k pos\u00edlen\u00ed dopravy s nulov\u00fdmi emisemi, zejm\u00e9na k prov\u00e1d\u011bn\u00ed cyklistick\u00fdch koncepc\u00ed.<\/p>\n\n\n\n<p>Pracovn\u00edk pro mobilitu je tak\u00e9 kontaktn\u00ed osobou pro v\u0161echny \u00fakoly \u0159\u00edzen\u00ed mobility v okrese Main-Kinzig a provozuje udr\u017eitelnou s\u00ed\u0165 obc\u00ed v ot\u00e1zk\u00e1ch mezidopravn\u00ed mobility.<\/p>","protected":false},"excerpt":{"rendered":"<p>Okresn\u00ed rada rozhodne:\u00a0\u00a0\u00a0\u00a0\u00a0 \u00a0\u00a0\u00a0\u00a0\u00a0 Okresn\u00ed v\u00fdbor m\u00e1 za \u00fakol vytvo\u0159it pracovn\u00ed m\u00edsto referenta pro mobilitu v kancel\u00e1\u0159i 65 (\u0161koly, spr\u00e1va budov a nemovitost\u00ed a \u00fast\u0159edn\u00ed slu\u017eby). Za t\u00edmto \u00fa\u010delem je v pl\u00e1nu pracovn\u00edch m\u00edst uvedeno 1,0 pracovn\u00edho m\u00edsta [...].<\/p>","protected":false},"author":-1,"featured_media":0,"comment_status":"open","ping_status":"open","sticky":false,"template":"","format":"standard","meta":{"footnotes":""},"categories":[9],"tags":[],"class_list":["post-790","post","type-post","status-publish","format-standard","hentry","category-antraege-und-anfragen"],"_links":{"self":[{"href":"https:\/\/www.gruene-mkk.de\/cs\/wp-json\/wp\/v2\/posts\/790","targetHints":{"allow":["GET"]}}],"collection":[{"href":"https:\/\/www.gruene-mkk.de\/cs\/wp-json\/wp\/v2\/posts"}],"about":[{"href":"https:\/\/www.gruene-mkk.de\/cs\/wp-json\/wp\/v2\/types\/post"}],"author":[{"embeddable":true,"href":"https:\/\/www.gruene-mkk.de\/cs\/wp-json\/wp\/v2\/users\/2"}],"replies":[{"embeddable":true,"href":"https:\/\/www.gruene-mkk.de\/cs\/wp-json\/wp\/v2\/comments?post=790"}],"version-history":[{"count":1,"href":"https:\/\/www.gruene-mkk.de\/cs\/wp-json\/wp\/v2\/posts\/790\/revisions"}],"predecessor-version":[{"id":793,"href":"https:\/\/www.gruene-mkk.de\/cs\/wp-json\/wp\/v2\/posts\/790\/revisions\/793"}],"wp:attachment":[{"href":"https:\/\/www.gruene-mkk.de\/cs\/wp-json\/wp\/v2\/media?parent=790"}],"wp:term":[{"taxonomy":"category","embeddable":true,"href":"https:\/\/www.gruene-mkk.de\/cs\/wp-json\/wp\/v2\/categories?post=790"},{"taxonomy":"post_tag","embeddable":true,"href":"https:\/\/www.gruene-mkk.de\/cs\/wp-json\/wp\/v2\/tags?post=790"}],"curies":[{"name":"wp","href":"https:\/\/api.w.org\/{rel}","templated":true}]}}