{"id":788,"date":"2021-11-26T18:18:00","date_gmt":"2021-11-26T17:18:00","guid":{"rendered":"https:\/\/www.alles-bleibt-anders.org\/?p=788"},"modified":"2021-12-09T18:19:26","modified_gmt":"2021-12-09T17:19:26","slug":"aenderungsantrag-zum-haushalt-mehr-geld-fuer-radwege","status":"publish","type":"post","link":"https:\/\/www.gruene-mkk.de\/cs\/aenderungsantrag-zum-haushalt-mehr-geld-fuer-radwege\/","title":{"rendered":"Zm\u011bna rozpo\u010dtu: V\u00edce pen\u011bz na cyklostezky"},"content":{"rendered":"<p><strong>Okresn\u00ed rada rozhodne:&nbsp;&nbsp;&nbsp;&nbsp;&nbsp; &nbsp;&nbsp;&nbsp;&nbsp;&nbsp;<\/strong><\/p>\n\n\n\n<p>Prost\u0159edky na roz\u0161\u00ed\u0159en\u00ed cyklostezky budou nav\u00fd\u0161eny z 300 000 EUR na 1,5 milionu EUR.<\/p>\n\n\n\n<p><strong>D\u016fvodov\u00e1 zpr\u00e1va:<\/strong><\/p>\n\n\n\n<p>Cyklistika se v n\u00e1sleduj\u00edc\u00edch letech v\u00fdrazn\u011b zv\u00fd\u0161\u00ed. Na podporu t\u00e9to udr\u017eiteln\u00e9 mobility jsou zapot\u0159eb\u00ed odpov\u00eddaj\u00edc\u00ed rozpo\u010dtov\u00e9 zdroje.<\/p>\n\n\n\n<p>Koncepce cyklistiky m\u00e1 b\u00fdt z\u00e1rove\u0148 dokon\u010dena na za\u010d\u00e1tku roku 2022. Aby bylo mo\u017en\u00e9 rychle prov\u00e9st konkr\u00e9tn\u00ed opat\u0159en\u00ed z t\u00e9to koncepce, nesta\u010d\u00ed rozpo\u010det ve v\u00fd\u0161i 300 000 EUR, zejm\u00e9na pokud maj\u00ed b\u00fdt podle rozhodnut\u00ed Velk\u00e9 koalice vybudov\u00e1na parkovac\u00ed m\u00edsta pro j\u00edzdn\u00ed kola, na n\u011b\u017e se tento rozpo\u010det st\u00e1le vztahuje.<\/p>\n\n\n\n<p>\u017d\u00e1dn\u00e9 z 90 opat\u0159en\u00ed nebylo provedeno z p\u016fvodn\u00ed koncepce cyklostezky. To ukazuje nejen neochotu investovat do roz\u0161i\u0159ov\u00e1n\u00ed cyklostezek, ale tak\u00e9 nedostatek finan\u010dn\u00edho prostoru, kter\u00fd si veden\u00ed okresu dalo kv\u016fli sv\u00fdm vlastn\u00edm omezen\u00edm v rozpo\u010dtu.<\/p>\n\n\n\n<p>V posledn\u00edch letech bylo na roz\u0161\u00ed\u0159en\u00ed okresn\u00edch silnic vynalo\u017eeno p\u0159ibli\u017en\u011b 12 milion\u016f eur. P\u0159\u00edstup, kter\u00fd jsme zvolili pro roz\u0161\u00ed\u0159en\u00ed cyklostezek, je tedy jen asi 10 % st\u00e1vaj\u00edc\u00ed finan\u010dn\u00ed prost\u0159edky na v\u00fdstavbu silnic.<\/p>\n\n\n\n<p>Krom\u011b konkr\u00e9tn\u00edch zlep\u0161en\u00ed je nal\u00e9hav\u011b zapot\u0159eb\u00ed konkr\u00e9tn\u00ed roz\u0161\u00ed\u0159en\u00ed a nov\u00e1 v\u00fdstavba cyklostezek na okresn\u00edch silnic\u00edch, aby se zv\u00fd\u0161ila s\u00ed\u0165 cyklostezek a zv\u00fd\u0161ila atraktivita cyklistiky.<\/p>\n\n\n\n<p>M\u00e1-li b\u00fdt \u00fasp\u011b\u0161n\u00fd dlouhodob\u00fd p\u0159echod na klimaticky neutr\u00e1ln\u00ed mobilitu, mus\u00ed zde polo\u017eit z\u00e1klady okres Main-Kinzig roz\u0161\u00ed\u0159en\u00edm p\u0159\u00edslu\u0161n\u00e9 infrastruktury cyklostezek.<\/p>","protected":false},"excerpt":{"rendered":"<p>Okresn\u00ed rada rozhodne:\u00a0\u00a0\u00a0\u00a0\u00a0 \u00a0\u00a0\u00a0\u00a0\u00a0 Prost\u0159edky na roz\u0161\u00ed\u0159en\u00ed cyklostezky budou nav\u00fd\u0161eny z 300 000 EUR na 1,5 milionu EUR. D\u016fvodov\u00e1 zpr\u00e1va: Cyklistika se v n\u00e1sleduj\u00edc\u00edch letech v\u00fdrazn\u011b zv\u00fd\u0161\u00ed. T\u011bmto [...]<\/p>","protected":false},"author":-1,"featured_media":0,"comment_status":"open","ping_status":"open","sticky":false,"template":"","format":"standard","meta":{"footnotes":""},"categories":[9],"tags":[],"class_list":["post-788","post","type-post","status-publish","format-standard","hentry","category-antraege-und-anfragen"],"_links":{"self":[{"href":"https:\/\/www.gruene-mkk.de\/cs\/wp-json\/wp\/v2\/posts\/788","targetHints":{"allow":["GET"]}}],"collection":[{"href":"https:\/\/www.gruene-mkk.de\/cs\/wp-json\/wp\/v2\/posts"}],"about":[{"href":"https:\/\/www.gruene-mkk.de\/cs\/wp-json\/wp\/v2\/types\/post"}],"author":[{"embeddable":true,"href":"https:\/\/www.gruene-mkk.de\/cs\/wp-json\/wp\/v2\/users\/2"}],"replies":[{"embeddable":true,"href":"https:\/\/www.gruene-mkk.de\/cs\/wp-json\/wp\/v2\/comments?post=788"}],"version-history":[{"count":1,"href":"https:\/\/www.gruene-mkk.de\/cs\/wp-json\/wp\/v2\/posts\/788\/revisions"}],"predecessor-version":[{"id":789,"href":"https:\/\/www.gruene-mkk.de\/cs\/wp-json\/wp\/v2\/posts\/788\/revisions\/789"}],"wp:attachment":[{"href":"https:\/\/www.gruene-mkk.de\/cs\/wp-json\/wp\/v2\/media?parent=788"}],"wp:term":[{"taxonomy":"category","embeddable":true,"href":"https:\/\/www.gruene-mkk.de\/cs\/wp-json\/wp\/v2\/categories?post=788"},{"taxonomy":"post_tag","embeddable":true,"href":"https:\/\/www.gruene-mkk.de\/cs\/wp-json\/wp\/v2\/tags?post=788"}],"curies":[{"name":"wp","href":"https:\/\/api.w.org\/{rel}","templated":true}]}}