{"id":786,"date":"2021-11-26T18:16:00","date_gmt":"2021-11-26T17:16:00","guid":{"rendered":"https:\/\/www.alles-bleibt-anders.org\/?p=786"},"modified":"2021-12-09T18:17:43","modified_gmt":"2021-12-09T17:17:43","slug":"aenderungsantrag-zum-haushalt-einrichtung-einer-antidiskriminierungsstelle","status":"publish","type":"post","link":"https:\/\/www.gruene-mkk.de\/cs\/aenderungsantrag-zum-haushalt-einrichtung-einer-antidiskriminierungsstelle\/","title":{"rendered":"Zm\u011bna rozpo\u010dtu: Z\u0159\u00edzen\u00ed antidiskrimina\u010dn\u00edho org\u00e1nu"},"content":{"rendered":"<p><strong>Okresn\u00ed rada rozhodne:&nbsp;&nbsp;&nbsp;&nbsp;&nbsp; &nbsp;&nbsp;&nbsp;&nbsp;&nbsp;<\/strong><\/p>\n\n\n\n<ol class=\"wp-block-list\"><li>Okresn\u00ed v\u00fdbor je pov\u011b\u0159en z\u0159\u00edzen\u00edm antidiskrimina\u010dn\u00edho org\u00e1nu v \u00fa\u0159adu 32 (Bezpe\u010dnost, po\u0159\u00e1dek, migrace a integrace).<\/li><li>Za t\u00edmto \u00fa\u010delem se do pl\u00e1nu pracovn\u00edch m\u00edst vkl\u00e1d\u00e1 1,0 m\u00edsta.<\/li><li>Antidiskrimina\u010dn\u00ed org\u00e1n se zam\u011b\u0159\u00ed na tyto \u00fakoly:<ol><li>Prvn\u00ed kontaktn\u00ed m\u00edsto a poradenstv\u00ed pro osoby posti\u017een\u00e9 diskriminac\u00ed<\/li><li>Informace o n\u00e1roc\u00edch subjekt\u016f \u00fadaj\u016f<\/li><li>dosah<\/li><li>Opat\u0159en\u00ed k p\u0159edch\u00e1zen\u00ed diskriminaci<\/li><li>Prov\u00e1d\u011bn\u00ed v\u011bdeck\u00fdch studi\u00ed<\/li><li>Pravideln\u00e9 pod\u00e1v\u00e1n\u00ed zpr\u00e1v v p\u0159\u00edslu\u0161n\u00fdch org\u00e1nech<\/li><\/ol><\/li><li>Po jednom roce bude ve V\u00fdboru pro soci\u00e1ln\u00ed v\u011bci, rodinu, seniory a demografii provedeno hodnocen\u00ed funkce antidiskrimina\u010dn\u00edho \u00fa\u0159edn\u00edka.<\/li><li>Pravideln\u00e9 pod\u00e1v\u00e1n\u00ed zpr\u00e1v prob\u00edh\u00e1 v SFSD ka\u017ed\u00fdch \u0161est m\u011bs\u00edc\u016f, nejm\u00e9n\u011b v\u0161ak jednou ro\u010dn\u011b.&nbsp;<\/li><\/ol>\n\n\n\n<p><strong>D\u016fvodov\u00e1 zpr\u00e1va:<\/strong><\/p>\n\n\n\n<p>Antidiskrimina\u010dn\u00ed \u00fa\u0159edn\u00edk je prvn\u00edm kontaktn\u00edm m\u00edstem pro osoby posti\u017een\u00e9 diskriminac\u00ed. Krom\u011b poradenstv\u00ed to m\u016f\u017ee tak\u00e9 informovat o p\u0159\u00edpadn\u00fdch tvrzen\u00edch dot\u010den\u00fdch osob.<\/p>\n\n\n\n<p>Diskriminace zahrnuje rasov\u00e9 p\u0159isuzov\u00e1n\u00ed na z\u00e1klad\u011b p\u016fvodu, n\u00e1bo\u017eensk\u00e9 p\u0159\u00edslu\u0161nosti, pohlav\u00ed, sexu\u00e1ln\u00ed orientace a soci\u00e1ln\u00edho p\u016fvodu, jako\u017e i diskriminaci a poni\u017eov\u00e1n\u00ed, obt\u011b\u017eov\u00e1n\u00ed a stigmatizaci.<\/p>\n\n\n\n<p>V okrese Main-Kinzig je ji\u017e n\u011bkolik let st\u00e1le v\u00edce rasistick\u00fdch incident\u016f.<\/p>\n\n\n\n<p>V roce 2016 je Landrat a.d., Erich Pipa, opakovan\u011b masivn\u011b ohro\u017eov\u00e1n a ur\u00e1\u017een pravicov\u00fdmi extremisty, proto\u017ee se vyslovil pro p\u0159ijet\u00ed v\u00edce uprchl\u00edk\u016f.<\/p>\n\n\n\n<p>V roce 2018 je t\u00fdm hern\u00edho sdru\u017een\u00ed Dietesheim v Birstein-Fischbornu odvezen ze z\u00e1\u0159ezu do hotelu s vol\u00e1n\u00edm \u201ecizinc\u016f\u201c.<\/p>\n\n\n\n<p>V roce 2019 je mu\u017e z Eritreje z rasistick\u00fdch d\u016fvod\u016f sest\u0159elen a \u017eivot ohro\u017euj\u00edc\u00edm zp\u016fsobem zran\u011bn.<\/p>\n\n\n\n<p>V roce 2020 dojde v Hanau k nejhor\u0161\u00edmu pravicov\u00e9mu extremistick\u00e9mu \u00fatoku na Spolkovou republiku N\u011bmecko. Dev\u011bt lid\u00ed je zavra\u017ed\u011bno z xenofobn\u00edch d\u016fvod\u016f.<\/p>\n\n\n\n<p>To jsou jen n\u011bkter\u00e9 z incident\u016f, k nim\u017e do\u0161lo v okrese Main-Kinzig v posledn\u00edch letech, a ukazuj\u00ed, \u017ee je nal\u00e9hav\u011b zapot\u0159eb\u00ed preventivn\u00ed a proaktivn\u00ed pr\u00e1ce v okrese.<\/p>\n\n\n\n<p>Vytvo\u0159en\u00ed antidiskrimina\u010dn\u00edho org\u00e1nu umo\u017e\u0148uje zvy\u0161ovat pov\u011bdom\u00ed o t\u00e9to ot\u00e1zce prost\u0159ednictv\u00edm poradenstv\u00ed, informac\u00ed a osv\u011bty. Sou\u010dasn\u011b se mohou ve spr\u00e1vn\u00edch org\u00e1nech, \u0161kol\u00e1ch a podnic\u00edch v okrese konat informa\u010dn\u00ed akce, kter\u00e9 upozorn\u00ed na problematiku diskriminace.<\/p>\n\n\n\n<p>M\u011bsta jako Offenbach a Frankfurt ji\u017e kolem n\u00e1s uk\u00e1zala, \u017ee z\u0159\u00edzen\u00ed antidiskrimina\u010dn\u00edho org\u00e1nu je velmi dob\u0159e p\u0159ijato. Z toho jasn\u011b vypl\u00fdv\u00e1, \u017ee v obyvatelstvu je zapot\u0159eb\u00ed poradenstv\u00ed a informac\u00ed. Zde m\u016f\u017ee doj\u00edt k nav\u00e1z\u00e1n\u00ed kontakt\u016f s odpov\u011bdn\u00fdmi osobami za \u00fa\u010delem v\u00fdm\u011bny p\u0159edchoz\u00edch zku\u0161enost\u00ed.<\/p>\n\n\n\n<p>Je nal\u00e9hav\u011b nutn\u00e9, aby Main-Kinzig-Kreis z\u0159\u00eddilo takov\u00e9 kontaktn\u00ed a poradensk\u00e9 centrum, zejm\u00e9na s ohledem na ud\u00e1losti posledn\u00edch let.<\/p>","protected":false},"excerpt":{"rendered":"<p>Okresn\u00ed rada rozhodne:\u00a0\u00a0\u00a0\u00a0\u00a0 \u00a0\u00a0\u00a0\u00a0\u00a0 Okresn\u00ed v\u00fdbor je pov\u011b\u0159en z\u0159\u00edzen\u00edm antidiskrimina\u010dn\u00edho org\u00e1nu v \u00fa\u0159adu 32 (Bezpe\u010dnost, po\u0159\u00e1dek, migrace a integrace). Za t\u00edmto \u00fa\u010delem se do pl\u00e1nu pracovn\u00edch m\u00edst vkl\u00e1d\u00e1 1,0 m\u00edsta. Antidiskrimina\u010dn\u00ed [...]<\/p>","protected":false},"author":-1,"featured_media":0,"comment_status":"open","ping_status":"open","sticky":false,"template":"","format":"standard","meta":{"footnotes":""},"categories":[9],"tags":[],"class_list":["post-786","post","type-post","status-publish","format-standard","hentry","category-antraege-und-anfragen"],"_links":{"self":[{"href":"https:\/\/www.gruene-mkk.de\/cs\/wp-json\/wp\/v2\/posts\/786","targetHints":{"allow":["GET"]}}],"collection":[{"href":"https:\/\/www.gruene-mkk.de\/cs\/wp-json\/wp\/v2\/posts"}],"about":[{"href":"https:\/\/www.gruene-mkk.de\/cs\/wp-json\/wp\/v2\/types\/post"}],"author":[{"embeddable":true,"href":"https:\/\/www.gruene-mkk.de\/cs\/wp-json\/wp\/v2\/users\/2"}],"replies":[{"embeddable":true,"href":"https:\/\/www.gruene-mkk.de\/cs\/wp-json\/wp\/v2\/comments?post=786"}],"version-history":[{"count":1,"href":"https:\/\/www.gruene-mkk.de\/cs\/wp-json\/wp\/v2\/posts\/786\/revisions"}],"predecessor-version":[{"id":787,"href":"https:\/\/www.gruene-mkk.de\/cs\/wp-json\/wp\/v2\/posts\/786\/revisions\/787"}],"wp:attachment":[{"href":"https:\/\/www.gruene-mkk.de\/cs\/wp-json\/wp\/v2\/media?parent=786"}],"wp:term":[{"taxonomy":"category","embeddable":true,"href":"https:\/\/www.gruene-mkk.de\/cs\/wp-json\/wp\/v2\/categories?post=786"},{"taxonomy":"post_tag","embeddable":true,"href":"https:\/\/www.gruene-mkk.de\/cs\/wp-json\/wp\/v2\/tags?post=786"}],"curies":[{"name":"wp","href":"https:\/\/api.w.org\/{rel}","templated":true}]}}