{"id":784,"date":"2021-11-26T18:15:00","date_gmt":"2021-11-26T17:15:00","guid":{"rendered":"https:\/\/www.alles-bleibt-anders.org\/?p=784"},"modified":"2021-12-09T18:16:13","modified_gmt":"2021-12-09T17:16:13","slug":"aenderungsantrag-zum-haushalt-foerderung-des-schulschwimmens","status":"publish","type":"post","link":"https:\/\/www.gruene-mkk.de\/cs\/aenderungsantrag-zum-haushalt-foerderung-des-schulschwimmens\/","title":{"rendered":"Zm\u011bna rozpo\u010dtu: Podpora \u0161koln\u00edho plav\u00e1n\u00ed"},"content":{"rendered":"<p><strong>Okresn\u00ed rada rozhodne:&nbsp;&nbsp;&nbsp;&nbsp;&nbsp; &nbsp;&nbsp;&nbsp;&nbsp;&nbsp;<\/strong><\/p>\n\n\n\n<ol class=\"wp-block-list\"><li>Granty na \u0161koln\u00ed plav\u00e1n\u00ed se zv\u00fd\u0161\u00ed z 380 000 EUR na 750 000 EUR.<\/li><li>Granty se pou\u017eij\u00ed na pokryt\u00ed v\u0161ech n\u00e1klad\u016f vznikl\u00fdch obc\u00edm. To zahrnuje i v\u00fdpadky p\u0159\u00edjm\u016f souvisej\u00edc\u00ed s koronavirem.<\/li><\/ol>\n\n\n\n<p><strong>D\u016fvodov\u00e1 zpr\u00e1va:<\/strong><\/p>\n\n\n\n<p>Asi 59 procent desetilet\u00fdch d\u011bt\u00ed nen\u00ed bezpe\u010dn\u00fdch plavc\u016f. To jsou \u00fadaje z aktu\u00e1ln\u00edho pr\u016fzkumu DLRG. Vzhledem k nedostatku plaveck\u00fdch lekc\u00ed, stejn\u011b jako uzav\u0159en\u00fdch vnit\u0159n\u00edch a venkovn\u00edch baz\u00e9n\u016f, korona tento probl\u00e9m je\u0161t\u011b v\u00edce zv\u00fd\u0161ila.<\/p>\n\n\n\n<p>Zat\u00edmco st\u00e1le m\u00e9n\u011b d\u011bt\u00ed a dosp\u00edvaj\u00edc\u00edch je schopno plavat, v cel\u00e9m N\u011bmecku se zav\u00edr\u00e1 st\u00e1le v\u00edce kryt\u00fdch baz\u00e9n\u016f, proto\u017ee je ji\u017e obce nemohou nosit. Ji\u017e v z\u00e1\u0159\u00ed 2020 Deutschlandfunk vid\u011bla Spolkovou republiku \u201ena sv\u00e9 cest\u011b do zem\u011b, kter\u00e1 nen\u00ed plavcem\u201c.<\/p>\n\n\n\n<p>Zaji\u0161\u0165ov\u00e1n\u00ed ve\u0159ejn\u00fdch baz\u00e9n\u016f je pro obce spojeno s n\u00e1klady na \u00fadr\u017ebu, renovaci a zaji\u0161t\u011bn\u00ed plaveck\u00fdch za\u0159\u00edzen\u00ed. Obc\u00edm z\u00e1rove\u0148 vznikaj\u00ed v\u00fdpadky p\u0159\u00edjm\u016f souvisej\u00edc\u00ed s koronavirem, kter\u00e9 maj\u00ed b\u00fdt pokryty zv\u00fd\u0161en\u00edm dotac\u00ed z okresu.<\/p>\n\n\n\n<p>Proto\u017ee to nejsou obce, ale Main-Kinzig-Kreis jako nositel \u0161koly, kdo je zodpov\u011bdn\u00fd za zaji\u0161t\u011bn\u00ed toho, aby \u017e\u00e1ci v kruhu z\u00edskali bezpe\u010dnost ve vod\u011b prost\u0159ednictv\u00edm dostate\u010dn\u00fdch hodin plav\u00e1n\u00ed.<\/p>\n\n\n\n<p>Vzhledem k tomu, \u017ee m\u011bstsk\u00e9 koupali\u0161t\u011b jsou k tomu zapot\u0159eb\u00ed, je povinnost\u00ed okresu je dostate\u010dn\u011b financovat nav\u00fd\u0161en\u00edm dotac\u00ed.<\/p>","protected":false},"excerpt":{"rendered":"<p>Okresn\u00ed rada rozhodne:\u00a0\u00a0\u00a0\u00a0\u00a0 \u00a0\u00a0\u00a0\u00a0\u00a0 Granty na \u0161koln\u00ed plav\u00e1n\u00ed se zv\u00fd\u0161\u00ed z 380 000 EUR na 750 000 EUR. Granty se pou\u017eij\u00ed na pokryt\u00ed v\u0161ech n\u00e1klad\u016f vznikl\u00fdch obc\u00edm. [...]<\/p>","protected":false},"author":-1,"featured_media":0,"comment_status":"open","ping_status":"open","sticky":false,"template":"","format":"standard","meta":{"footnotes":""},"categories":[9],"tags":[],"class_list":["post-784","post","type-post","status-publish","format-standard","hentry","category-antraege-und-anfragen"],"_links":{"self":[{"href":"https:\/\/www.gruene-mkk.de\/cs\/wp-json\/wp\/v2\/posts\/784","targetHints":{"allow":["GET"]}}],"collection":[{"href":"https:\/\/www.gruene-mkk.de\/cs\/wp-json\/wp\/v2\/posts"}],"about":[{"href":"https:\/\/www.gruene-mkk.de\/cs\/wp-json\/wp\/v2\/types\/post"}],"author":[{"embeddable":true,"href":"https:\/\/www.gruene-mkk.de\/cs\/wp-json\/wp\/v2\/users\/2"}],"replies":[{"embeddable":true,"href":"https:\/\/www.gruene-mkk.de\/cs\/wp-json\/wp\/v2\/comments?post=784"}],"version-history":[{"count":1,"href":"https:\/\/www.gruene-mkk.de\/cs\/wp-json\/wp\/v2\/posts\/784\/revisions"}],"predecessor-version":[{"id":785,"href":"https:\/\/www.gruene-mkk.de\/cs\/wp-json\/wp\/v2\/posts\/784\/revisions\/785"}],"wp:attachment":[{"href":"https:\/\/www.gruene-mkk.de\/cs\/wp-json\/wp\/v2\/media?parent=784"}],"wp:term":[{"taxonomy":"category","embeddable":true,"href":"https:\/\/www.gruene-mkk.de\/cs\/wp-json\/wp\/v2\/categories?post=784"},{"taxonomy":"post_tag","embeddable":true,"href":"https:\/\/www.gruene-mkk.de\/cs\/wp-json\/wp\/v2\/tags?post=784"}],"curies":[{"name":"wp","href":"https:\/\/api.w.org\/{rel}","templated":true}]}}