{"id":782,"date":"2021-11-26T17:51:00","date_gmt":"2021-11-26T16:51:00","guid":{"rendered":"https:\/\/www.alles-bleibt-anders.org\/?p=782"},"modified":"2021-12-09T18:14:44","modified_gmt":"2021-12-09T17:14:44","slug":"aenderungsantrag-zum-haushalt-erhoehung-der-foerderung-fuer-das-schulessen","status":"publish","type":"post","link":"https:\/\/www.gruene-mkk.de\/cs\/aenderungsantrag-zum-haushalt-erhoehung-der-foerderung-fuer-das-schulessen\/","title":{"rendered":"Zm\u011bna rozpo\u010dtu: Zv\u00fd\u0161en\u00e1 podpora \u0161koln\u00edch ob\u011bd\u016f"},"content":{"rendered":"<p><strong>Okresn\u00ed rada rozhodne:&nbsp;&nbsp;&nbsp;&nbsp;&nbsp; &nbsp;&nbsp;&nbsp;&nbsp;&nbsp;<\/strong><\/p>\n\n\n\n<ol class=\"wp-block-list\"><li>Dotace na \u0161koln\u00ed ob\u011bdy se zv\u00fd\u0161\u00ed ze 40 000 eur na 80 000 eur.<\/li><li>Spole\u010dnost Heinzelm\u00e4nnchen GmbH se \u017e\u00e1d\u00e1, aby vyu\u017eila zv\u00fd\u0161en\u00e9 dary k \u00falev\u011b rodi\u010d\u016fm a pou\u017e\u00edvala ekologick\u00e9, region\u00e1ln\u00ed a fair trade potraviny.<\/li><\/ol>\n\n\n\n<p><strong>D\u016fvodov\u00e1 zpr\u00e1va:<\/strong><\/p>\n\n\n\n<p>Samoz\u0159ejmost\u00ed okresu Main-Kinzig jako \u201eokresu FairTrade\u201c by m\u011blo b\u00fdt nab\u00edzen\u00ed ekologick\u00fdch, region\u00e1ln\u00edch a spravedliv\u00fdch potravin v j\u00eddeln\u00e1ch v okrese.<\/p>\n\n\n\n<p>S ro\u010dn\u00edm grantem ve v\u00fd\u0161i pouh\u00fdch 40 000 EUR to nen\u00ed mo\u017en\u00e9 bez dal\u0161\u00edho zat\u00ed\u017een\u00ed rodi\u010d\u016f.<\/p>\n\n\n\n<p>Proto je nutn\u00e9 zv\u00fd\u0161it dary na 80 000 eur, aby se rodi\u010d\u016fm ulevilo a zlep\u0161ila se kvalita potravin.&nbsp;<\/p>","protected":false},"excerpt":{"rendered":"<p>Okresn\u00ed rada rozhodne:\u00a0\u00a0\u00a0\u00a0\u00a0 \u00a0\u00a0\u00a0\u00a0\u00a0 Dotace na \u0161koln\u00ed ob\u011bdy se zv\u00fd\u0161\u00ed ze 40 000 eur na 80 000 eur. Spole\u010dnost Heinzelm\u00e4nnchen GmbH je vyzv\u00e1na, aby zaplatila zv\u00fd\u0161en\u00e9 p\u0159\u00edsp\u011bvky na \u00falevu rodi\u010d\u016fm, jako\u017e i [...]<\/p>","protected":false},"author":-1,"featured_media":0,"comment_status":"open","ping_status":"open","sticky":false,"template":"","format":"standard","meta":{"footnotes":""},"categories":[9],"tags":[],"class_list":["post-782","post","type-post","status-publish","format-standard","hentry","category-antraege-und-anfragen"],"_links":{"self":[{"href":"https:\/\/www.gruene-mkk.de\/cs\/wp-json\/wp\/v2\/posts\/782","targetHints":{"allow":["GET"]}}],"collection":[{"href":"https:\/\/www.gruene-mkk.de\/cs\/wp-json\/wp\/v2\/posts"}],"about":[{"href":"https:\/\/www.gruene-mkk.de\/cs\/wp-json\/wp\/v2\/types\/post"}],"author":[{"embeddable":true,"href":"https:\/\/www.gruene-mkk.de\/cs\/wp-json\/wp\/v2\/users\/2"}],"replies":[{"embeddable":true,"href":"https:\/\/www.gruene-mkk.de\/cs\/wp-json\/wp\/v2\/comments?post=782"}],"version-history":[{"count":1,"href":"https:\/\/www.gruene-mkk.de\/cs\/wp-json\/wp\/v2\/posts\/782\/revisions"}],"predecessor-version":[{"id":783,"href":"https:\/\/www.gruene-mkk.de\/cs\/wp-json\/wp\/v2\/posts\/782\/revisions\/783"}],"wp:attachment":[{"href":"https:\/\/www.gruene-mkk.de\/cs\/wp-json\/wp\/v2\/media?parent=782"}],"wp:term":[{"taxonomy":"category","embeddable":true,"href":"https:\/\/www.gruene-mkk.de\/cs\/wp-json\/wp\/v2\/categories?post=782"},{"taxonomy":"post_tag","embeddable":true,"href":"https:\/\/www.gruene-mkk.de\/cs\/wp-json\/wp\/v2\/tags?post=782"}],"curies":[{"name":"wp","href":"https:\/\/api.w.org\/{rel}","templated":true}]}}