{"id":780,"date":"2021-11-26T17:45:00","date_gmt":"2021-11-26T16:45:00","guid":{"rendered":"https:\/\/www.alles-bleibt-anders.org\/?p=780"},"modified":"2021-12-09T17:49:29","modified_gmt":"2021-12-09T16:49:29","slug":"aenderungsantrag-zum-haushalt-machbarkeitsstudie-regionale-schlachtung","status":"publish","type":"post","link":"https:\/\/www.gruene-mkk.de\/cs\/aenderungsantrag-zum-haushalt-machbarkeitsstudie-regionale-schlachtung\/","title":{"rendered":"Zm\u011bna rozpo\u010dtu: Studie proveditelnosti region\u00e1ln\u00ed por\u00e1\u017eky"},"content":{"rendered":"<p><strong>Okresn\u00ed rada rozhodne:&nbsp;&nbsp;&nbsp;&nbsp;&nbsp; &nbsp;&nbsp;&nbsp;&nbsp;&nbsp;<\/strong><\/p>\n\n\n\n<p>1.\u00a0\u00a0\u00a0\u00a0\u00a0\u00a0 Za rozpo\u010dtov\u00fd rok 2022 se okresn\u00ed rada rozhodla zadat studii proveditelnosti t\u00fdkaj\u00edc\u00ed se \u00fadr\u017eby nebo v\u00fdstavby spole\u010dn\u00fdch jatek s regionem ekologick\u00fdch model\u016f Main-Kinzig a Wetteraukreis.<\/p>\n\n\n\n<p>2.\u00a0\u00a0\u00a0\u00a0\u00a0\u00a0 Na vypracov\u00e1n\u00ed studie proveditelnosti budou do rozpo\u010dtu vlo\u017eeny finan\u010dn\u00ed prost\u0159edky ve v\u00fd\u0161i 50 000 EUR.<\/p>\n\n\n\n<p>3.\u00a0\u00a0\u00a0\u00a0\u00a0\u00a0 Region\u00e1ln\u00ed kulat\u00fd st\u016fl o por\u00e1\u017ece se svol\u00e1 co nejd\u0159\u00edve, nejpozd\u011bji v\u0161ak ve druh\u00e9m \u010dtvrtlet\u00ed roku 2022.<\/p>\n\n\n\n<p>4.\u00a0\u00a0\u00a0\u00a0\u00a0\u00a0 Po \u0161esti m\u011bs\u00edc\u00edch budou v\u00fdsledky kulat\u00e9ho stolu p\u0159edm\u011btem pr\u016fb\u011b\u017en\u00e9 zpr\u00e1vy ve V\u00fdboru pro hospod\u00e1\u0159sk\u00e9 z\u00e1le\u017eitosti, energetiku, dopravu, \u017eivotn\u00ed prost\u0159ed\u00ed a zem\u011bd\u011blstv\u00ed.<\/p>\n\n\n\n<p><strong>D\u016fvodov\u00e1 zpr\u00e1va:<\/strong><\/p>\n\n\n\n<p>Po uzav\u0159en\u00ed jatek v B\u00fcdingenu zmizela centr\u00e1ln\u00ed jatka \u0159ezn\u00edk\u016f a p\u0159\u00edm\u00fdch obchodn\u00edk\u016f z okresu Main-Kinzig.<\/p>\n\n\n\n<p>V d\u016fsledku toho doch\u00e1z\u00ed k enormn\u00edmu n\u00e1r\u016fstu p\u0159epravn\u00edch tras jate\u010dn\u00fdch zv\u00ed\u0159at a je zcela vylou\u010dena mo\u017enost vykl\u00e1dky p\u0159i kontrol\u00e1ch p\u0159epravy zv\u00ed\u0159at, nap\u0159\u00edklad po kontrol\u00e1ch na d\u00e1lnici.<\/p>\n\n\n\n<p>Proveden\u00edm studie proveditelnosti je t\u0159eba prozkoumat potenci\u00e1l region\u00e1ln\u00edch jatek. Mimo jin\u00e9 je t\u0159eba p\u0159ezkoumat, v r\u00e1mci jak\u00fdch opat\u0159en\u00ed, kter\u00e1 mohou b\u00fdt p\u0159\u00edpadn\u011b vytvo\u0159ena, mohou b\u00fdt region\u00e1ln\u00ed jatka provozov\u00e1na hospod\u00e1rn\u011b.<\/p>\n\n\n\n<p>Okresn\u00ed rada pro to polo\u017eila z\u00e1klady z\u0159\u00edzen\u00edm kulat\u00e9ho stolu o region\u00e1ln\u00ed por\u00e1\u017ece (KOA_AG\/0044\/2021) dne 29. \u0159\u00edjna 2021. To vytvo\u0159ilo nezbytn\u00fd p\u0159edpoklad pro vypracov\u00e1n\u00ed takov\u00e9 studie proveditelnosti a pro jej\u00ed prov\u00e1zen\u00ed a hodnocen\u00ed prost\u0159ednictv\u00edm kulat\u00e9ho stolu.<\/p>\n\n\n\n<p>Je proto nezbytn\u00e9 vy\u010dlenit na takovou studii proveditelnosti nezbytn\u00fd rozpo\u010det.<\/p>","protected":false},"excerpt":{"rendered":"<p>Okresn\u00ed rada rozhodne:\u00a0\u00a0\u00a0\u00a0\u00a0 \u00a0\u00a0\u00a0\u00a0\u00a0 1.\u00a0\u00a0\u00a0\u00a0\u00a0\u00a0 Za rozpo\u010dtov\u00fd rok 2022 se okresn\u00ed rada rozhodla zadat studii proveditelnosti t\u00fdkaj\u00edc\u00ed se \u00fadr\u017eby nebo v\u00fdstavby spole\u010dn\u00fdch jatek s regionem ekologick\u00fdch model\u016f Main-Kinzig a Wetteraukreis. 2.\u00a0\u00a0\u00a0\u00a0\u00a0\u00a0 [...]<\/p>","protected":false},"author":-1,"featured_media":0,"comment_status":"open","ping_status":"open","sticky":false,"template":"","format":"standard","meta":{"footnotes":""},"categories":[9],"tags":[],"class_list":["post-780","post","type-post","status-publish","format-standard","hentry","category-antraege-und-anfragen"],"_links":{"self":[{"href":"https:\/\/www.gruene-mkk.de\/cs\/wp-json\/wp\/v2\/posts\/780","targetHints":{"allow":["GET"]}}],"collection":[{"href":"https:\/\/www.gruene-mkk.de\/cs\/wp-json\/wp\/v2\/posts"}],"about":[{"href":"https:\/\/www.gruene-mkk.de\/cs\/wp-json\/wp\/v2\/types\/post"}],"author":[{"embeddable":true,"href":"https:\/\/www.gruene-mkk.de\/cs\/wp-json\/wp\/v2\/users\/2"}],"replies":[{"embeddable":true,"href":"https:\/\/www.gruene-mkk.de\/cs\/wp-json\/wp\/v2\/comments?post=780"}],"version-history":[{"count":1,"href":"https:\/\/www.gruene-mkk.de\/cs\/wp-json\/wp\/v2\/posts\/780\/revisions"}],"predecessor-version":[{"id":781,"href":"https:\/\/www.gruene-mkk.de\/cs\/wp-json\/wp\/v2\/posts\/780\/revisions\/781"}],"wp:attachment":[{"href":"https:\/\/www.gruene-mkk.de\/cs\/wp-json\/wp\/v2\/media?parent=780"}],"wp:term":[{"taxonomy":"category","embeddable":true,"href":"https:\/\/www.gruene-mkk.de\/cs\/wp-json\/wp\/v2\/categories?post=780"},{"taxonomy":"post_tag","embeddable":true,"href":"https:\/\/www.gruene-mkk.de\/cs\/wp-json\/wp\/v2\/tags?post=780"}],"curies":[{"name":"wp","href":"https:\/\/api.w.org\/{rel}","templated":true}]}}