{"id":766,"date":"2021-12-03T17:29:00","date_gmt":"2021-12-03T16:29:00","guid":{"rendered":"https:\/\/www.alles-bleibt-anders.org\/?p=766"},"modified":"2021-12-09T17:30:29","modified_gmt":"2021-12-09T16:30:29","slug":"antraege-zum-haushalt-umweltbildung-tierwohl-und-landwirtschaft","status":"publish","type":"post","link":"https:\/\/www.gruene-mkk.de\/cs\/antraege-zum-haushalt-umweltbildung-tierwohl-und-landwirtschaft\/","title":{"rendered":"Rozpo\u010dtov\u00e9 po\u017eadavky: Environment\u00e1ln\u00ed v\u00fdchova, dobr\u00e9 \u017eivotn\u00ed podm\u00ednky zv\u00ed\u0159at a zem\u011bd\u011blstv\u00ed"},"content":{"rendered":"<p><strong>Skupina Zelen\u00fdch p\u0159edkl\u00e1d\u00e1 n\u00e1vrhy rozpo\u010dtu pro p\u0159\u00ed\u0161t\u00ed sch\u016fzi u kulat\u00e9ho stolu<\/strong><\/p>\n\n\n\n<!--more-->\n\n\n\n<p>\"V nadch\u00e1zej\u00edc\u00edm rozpo\u010dtu bychom se cht\u011bli zam\u011b\u0159it na environment\u00e1ln\u00ed vzd\u011bl\u00e1v\u00e1n\u00ed, dobr\u00e9 \u017eivotn\u00ed podm\u00ednky zv\u00ed\u0159at a zem\u011bd\u011blstv\u00ed,\" \u0159ekl Rainer Vogel, mluv\u010d\u00ed pro zem\u011bd\u011blskou politiku skupiny Zelen\u00fdch v okresn\u00edm parlamentu, a vysv\u011btlil t\u0159i z deseti n\u00e1vrh\u016f sv\u00e9 skupiny na p\u0159\u00ed\u0161t\u00ed sch\u016fzi okresn\u00edho parlamentu: \u201eChceme toho dos\u00e1hnout prost\u0159ednictv\u00edm iniciativ v oblasti veterin\u00e1rn\u00edho \u00fa\u0159adu, ale tak\u00e9 nav\u00fd\u0161en\u00edm finan\u010dn\u00edch prost\u0159edk\u016f pro \u201eoblast vzd\u011bl\u00e1v\u00e1n\u00ed v zem\u011bd\u011blstv\u00ed\u201c a studie proveditelnosti pro region\u00e1ln\u00ed jatka.\u201c<\/p>\n\n\n\n<p>\u201eZem\u011bd\u011blsk\u00e9 vzd\u011bl\u00e1vac\u00ed pole\u201c zaji\u0161\u0165uje, aby \u0161koln\u00ed skupiny a p\u0159ed\u0161koln\u00ed skupiny z\u00edskaly p\u0159ehled o produkci sv\u00fdch potravin prost\u0159ednictv\u00edm n\u00e1v\u0161t\u011bv zem\u011bd\u011blsk\u00fdch podnik\u016f v MKK: \"Toto vzd\u011bl\u00e1v\u00e1n\u00ed v oblasti potravin a \u017eivotn\u00edho prost\u0159ed\u00ed je d\u016fle\u017eit\u00e9 od \u00fatl\u00e9ho v\u011bku, aby se zv\u00fd\u0161ilo pov\u011bdom\u00ed o p\u016fvodu region\u00e1ln\u011b produkovan\u00fdch potravin a o pr\u00e1ci, kter\u00e1 za nimi stoj\u00ed,\" \u0159\u00edk\u00e1 Vogel. Koneckonc\u016f, produkce region\u00e1ln\u00edch a vysoce kvalitn\u00edch potravin mus\u00ed b\u00fdt vr\u00e1cena do pop\u0159ed\u00ed. \u201eVy\u010dlen\u011bn\u00fd rozpo\u010det nesta\u010d\u00ed k tomu, aby byly \u017e\u00e1k\u016fm a mlad\u00fdm lidem poskytov\u00e1ny \u0161irok\u00e9 informace. \u017d\u00e1d\u00e1me proto, aby tato \u010d\u00e1stka byla od rozpo\u010dtu na rok 2022 nav\u00fd\u0161ena o 20 000 EUR. To umo\u017e\u0148uje p\u0159ibli\u017en\u011b 150 dal\u0161\u00edch n\u00e1v\u0161t\u011bv zem\u011bd\u011blsk\u00fdch podnik\u016f ro\u010dn\u011b.\u201c Krom\u011b toho by se kruh m\u011bl \u201ev\u00edce zam\u011b\u0159it na d\u016fle\u017eitou pr\u00e1ci zem\u011bd\u011blc\u016f prost\u0159ednictv\u00edm propaga\u010dn\u00ed kampan\u011b, nap\u0159\u00edklad v souvislosti s regionem ekologick\u00e9ho modelu\u201c.<\/p>\n\n\n\n<p>Na posledn\u00ed sch\u016fzi u kulat\u00e9ho stolu se okres Main-Kinzig rozhodl uspo\u0159\u00e1dat kulat\u00fd st\u016fl o region\u00e1ln\u00edch por\u00e1\u017ek\u00e1ch: \u201ePo uzav\u0159en\u00ed jatek v B\u00fcdingenu zmizela centr\u00e1ln\u00ed jatka pro \u0159ezn\u00edky a p\u0159\u00edm\u00e9 obchodn\u00edky z okresu Main-Kinzig.\u201c To zna\u010dn\u011b zvy\u0161uje p\u0159epravn\u00ed trasu jate\u010dn\u00fdch zv\u00ed\u0159at: \"Mo\u017enost vykl\u00e1dky b\u011bhem kontrol p\u0159epravy zv\u00ed\u0159at, nap\u0159\u00edklad po kontrol\u00e1ch na d\u00e1lnici, je tak\u00e9 zcela vylou\u010dena,\" uvedl mluv\u010d\u00ed zem\u011bd\u011blsk\u00e9 politiky. Okresn\u00ed parlamentn\u00ed skupina ji\u017e na \u017e\u00e1dost probl\u00e9m objasnila: \u201ePo\u017eadujeme proto, aby okres vy\u010dlenil nezbytn\u00e9 zdroje na proveden\u00ed studie proveditelnosti v rozpo\u010dtu, a p\u0159ezkoumal tak, zda a podle jak\u00fdch opat\u0159en\u00ed mohou b\u00fdt region\u00e1ln\u00ed jatka provozov\u00e1na.\u201c M\u011blo by b\u00fdt p\u0159ezkoum\u00e1no zachov\u00e1n\u00ed nebo v\u00fdstavba spole\u010dn\u00fdch jatek v regionech Main-Kinzig a Wetterau, kter\u00e9 jsou ekologick\u00fdmi modely. Zelen\u00ed z\u00e1rove\u0148 po\u017eaduj\u00ed, aby byl co nejd\u0159\u00edve svol\u00e1n kulat\u00fd st\u016fl a aby byla V\u00fdboru pro zem\u011bd\u011blstv\u00ed p\u0159edlo\u017eena zpr\u00e1va: \u201eTato ot\u00e1zka mus\u00ed b\u00fdt \u0159e\u0161ena v\u010das.\u201c<\/p>\n\n\n\n<p>Krom\u011b nezbytn\u00fdch vzd\u011bl\u00e1vac\u00edch prac\u00ed a region\u00e1ln\u00edch jatek zahrnuj\u00ed dobr\u00e9 \u017eivotn\u00ed podm\u00ednky zv\u00ed\u0159at tak\u00e9 nezbytn\u00e9 kontroly veterin\u00e1rn\u00edm \u00fa\u0159adem: \"Podle Regierungspr\u00e4sidium Darmstadt se v sou\u010dasn\u00e9 dob\u011b prov\u00e1d\u00ed pouze asi 32 procent pot\u0159ebn\u00fdch kontrol v t\u00e9to oblasti,\" \u0159\u00edk\u00e1 Vogel. Nov\u00e9 na\u0159\u00edzen\u00ed EU o kontrole by po\u017eadavky na kontrolu je\u0161t\u011b v\u00edce roz\u0161\u00ed\u0159ilo, zat\u00edmco ve veterin\u00e1rn\u00edm \u00fa\u0159adu je z\u00e1rove\u0148 nedostatek zam\u011bstnanc\u016f. \u201eNejpozd\u011bji do konce roku 2022 bude dosa\u017eeno pln\u00e9ho po\u010dtu zam\u011bstnanc\u016f. Vzhledem k nedostatku zam\u011bstnanc\u016f a zv\u00fd\u0161en\u00e9 pot\u0159eb\u011b kontroly proto vyz\u00fdv\u00e1me k vytvo\u0159en\u00ed dvou dal\u0161\u00edch pracovn\u00edch m\u00edst pro rok 2022 v oblasti dohledu nad zv\u00ed\u0159aty: \u201eTo m\u00e1 d\u00e1le zv\u00fd\u0161it \u00farove\u0148 dodr\u017eov\u00e1n\u00ed kontrol\u201c, uzav\u00edr\u00e1 Vogel.<\/p>\n\n\n\n<p>Dotazy na:<\/p>\n\n\n\n<p>Jakob M\u00e4hler<br>Gener\u00e1ln\u00ed \u0159editel skupiny<br>Aliance 90 \/ Zelen\u00ed Main-Kinzig<br>06181\/61596<br>0176\/46763336<br>fraktion@gruene-mkk.deKategorie:<a href=\"https:\/\/gruene-main-kinzig.de\/kreistagsfraktion\/pressemitteilungen-aktuell\/presse-volltext\/kategorie\/fraktion-41\/article\/antraege-zum-haushalt-umweltbildung-tierwohl-und-landwirtschaft\/\">frakce<\/a><\/p>","protected":false},"excerpt":{"rendered":"<p>Skupina Zelen\u00fdch p\u0159edkl\u00e1d\u00e1 n\u00e1vrhy rozpo\u010dtu pro p\u0159\u00ed\u0161t\u00ed sch\u016fzi u kulat\u00e9ho stolu<\/p>","protected":false},"author":-1,"featured_media":0,"comment_status":"open","ping_status":"open","sticky":false,"template":"","format":"standard","meta":{"footnotes":""},"categories":[2],"tags":[],"class_list":["post-766","post","type-post","status-publish","format-standard","hentry","category-newskreistagsfraktion"],"_links":{"self":[{"href":"https:\/\/www.gruene-mkk.de\/cs\/wp-json\/wp\/v2\/posts\/766","targetHints":{"allow":["GET"]}}],"collection":[{"href":"https:\/\/www.gruene-mkk.de\/cs\/wp-json\/wp\/v2\/posts"}],"about":[{"href":"https:\/\/www.gruene-mkk.de\/cs\/wp-json\/wp\/v2\/types\/post"}],"author":[{"embeddable":true,"href":"https:\/\/www.gruene-mkk.de\/cs\/wp-json\/wp\/v2\/users\/2"}],"replies":[{"embeddable":true,"href":"https:\/\/www.gruene-mkk.de\/cs\/wp-json\/wp\/v2\/comments?post=766"}],"version-history":[{"count":1,"href":"https:\/\/www.gruene-mkk.de\/cs\/wp-json\/wp\/v2\/posts\/766\/revisions"}],"predecessor-version":[{"id":768,"href":"https:\/\/www.gruene-mkk.de\/cs\/wp-json\/wp\/v2\/posts\/766\/revisions\/768"}],"wp:attachment":[{"href":"https:\/\/www.gruene-mkk.de\/cs\/wp-json\/wp\/v2\/media?parent=766"}],"wp:term":[{"taxonomy":"category","embeddable":true,"href":"https:\/\/www.gruene-mkk.de\/cs\/wp-json\/wp\/v2\/categories?post=766"},{"taxonomy":"post_tag","embeddable":true,"href":"https:\/\/www.gruene-mkk.de\/cs\/wp-json\/wp\/v2\/tags?post=766"}],"curies":[{"name":"wp","href":"https:\/\/api.w.org\/{rel}","templated":true}]}}