{"id":68,"date":"2021-07-12T10:00:00","date_gmt":"2021-07-12T08:00:00","guid":{"rendered":"https:\/\/www.alles-bleibt-anders.org\/?p=68"},"modified":"2021-11-09T14:39:43","modified_gmt":"2021-11-09T13:39:43","slug":"groko-im-mkk-zeichen-der-zeit-nicht-erkannt","status":"publish","type":"post","link":"https:\/\/www.gruene-mkk.de\/cs\/groko-im-mkk-zeichen-der-zeit-nicht-erkannt\/","title":{"rendered":"GroKo v MKK: \u201e\u010casov\u00e9 zna\u010dky neuzn\u00e1ny\u201c"},"content":{"rendered":"<p><strong>Regrese pro Main-Kinzig-Kreis<\/strong><\/p>\n\n\n\n<p>\"Pokra\u010dov\u00e1n\u00ed Velk\u00e9 koalice je krokem zp\u011bt pro okres Main-Kinzig a ob\u010dany,\" \u0159\u00edk\u00e1 Reiner Bousonville, vedouc\u00ed skupiny Zelen\u00fdch v okresn\u00ed rad\u011b. <\/p>\n\n\n\n<!--more-->\n\n\n\n<p>\u201eMy\u0161lenka koali\u010dn\u00ed dohody ji\u017e nazna\u010duje, \u017ee v p\u0159\u00ed\u0161t\u00edch p\u011bti letech bude okres \u0159\u00edzen pouze bez inovativn\u00edch n\u00e1pad\u016f a p\u0159edev\u0161\u00edm bez ukazov\u00e1n\u00ed me\u010dem v oblasti ochrany klimatu a vytv\u00e1\u0159en\u00ed rovn\u00fdch \u017eivotn\u00edch podm\u00ednek od Maintalu po Sinntal. I kdy\u017e je to v\u00fdhodn\u00e9, ne\u0159e\u0161\u00ed to v\u00fdzvy na\u0161\u00ed doby a mand\u00e1t voli\u010d\u016f.\u201c<\/p>\n\n\n\n<p>Zru\u0161en\u00e1 koali\u010dn\u00ed jedn\u00e1n\u00ed se Zelen\u00fdmi a FDP ji\u017e uk\u00e1zala, \u017ee nov\u00e9 v\u011btry a nov\u00e9 my\u0161lenky nejsou \u017e\u00e1douc\u00ed v t\u00e9matech, kter\u00e1 h\u00fdbou lidmi v kruhu: \u201eV\u00fdsledky velk\u00e9 koalice v posledn\u00edch letech byly zni\u010duj\u00edc\u00ed. \u017d\u00e1dn\u00e9 z 90 opat\u0159en\u00ed nebylo realizov\u00e1no konceptem cyklostezky, m\u00edsto toho byl vypracov\u00e1n nov\u00fd koncept, pl\u00e1n rozvoje \u0161koly se musel vr\u00e1tit do v\u00fdboru kv\u016fli \u010detn\u00fdm chyb\u00e1m, Akademie zdrav\u00ed a p\u00e9\u010de st\u00e1le nestoj\u00ed a rozvaha Co2, kter\u00e1 byla od roku 1997 po splatnosti, st\u00e1le chyb\u00ed,\" shrnuje Bousonville. \u00a0\u201eOkres je jedn\u00edm z posledn\u00edch, kter\u00fd se p\u0159ipojil k ekomodelov\u00fdm region\u016fm spolkov\u00e9 zem\u011b Hesensko, a\u010dkoli m\u00e1 nejv\u011bt\u0161\u00ed pod\u00edl ekologick\u00fdch zem\u011bd\u011blsk\u00fdch podnik\u016f v Hesensku. Roz\u0161\u00ed\u0159en\u00ed \u0161irokop\u00e1smov\u00e9ho p\u0159ipojen\u00ed se na mnoha m\u00edstech zpomaluje a v okrese chyb\u00ed d\u016fle\u017eit\u00e1 person\u00e1ln\u00ed m\u00edsta, nap\u0159\u00edklad pro ochranu klimatu, roz\u0161i\u0159ov\u00e1n\u00ed cyklostezek, integraci a migraci.\u201c<\/p>\n\n\n\n<p>\u017d\u00e1dost Zelen\u00fdch o zv\u00fd\u0161en\u00ed po\u010dtu pracovn\u00edch m\u00edst ve zdravotnick\u00e9m \u00fa\u0159adu byla zam\u00edtnuta na konci roku 2019, \"kdy\u017e volali po p\u0159\u00edsn\u011bj\u0161\u00edch zbra\u0148ov\u00fdch z\u00e1konech po \u00fatoku v Hanau, byl z\u0159\u00edzen kulat\u00fd st\u016fl, kter\u00fd se po jednor\u00e1zov\u00e9 sch\u016fzce znovu nese\u0161el. Po \u010dty\u0159ech letech \u010dlenstv\u00ed v \u201eHessen aktiv\u201c nebyl vypracov\u00e1n \u017e\u00e1dn\u00fd katalog opat\u0159en\u00ed na ochranu klimatu a iniciativy, kter\u00fdmi se m\u016f\u017ee chlubit okresn\u00ed radn\u00ed Susanne Simmlerov\u00e1, jako je opakovan\u011b pou\u017eiteln\u00fd vkladov\u00fd poh\u00e1r \u201eMain-Kinzig-Krug\u201c nebo vzd\u00e1n\u00ed se plastu v \u201eMKK-L\u00e4dchen\u201c, poch\u00e1zej\u00ed v\u0161echny z opozice\u201c, dod\u00e1vaj\u00ed m\u00edstop\u0159edsedov\u00e9 Viola Ha\u00dfdenteufelov\u00e1 a Jakob M\u00e4hler. \u201eFotografov\u00e1n\u00ed pod\u00e9l kvetouc\u00edch luk je za\u010d\u00e1tek, ale nezaru\u010duje dostate\u010dn\u00fd p\u0159\u00edsp\u011bvek k boji proti klimatick\u00e9 krizi a vym\u00edr\u00e1n\u00ed druh\u016f na \u00farovni okres\u016f.\u201c<\/p>\n\n\n\n<p>\"Pokud velk\u00e1 koalice nyn\u00ed ozn\u00e1m\u00ed, \u017ee chce v t\u00e9to pr\u00e1ci pokra\u010dovat, m\u016f\u017eete m\u00edt strach a \u00fazkost,\" \u0159\u00edk\u00e1 Bousonville. \u201eJe z\u0159ejm\u00e9, \u017ee SPD a CDU neuznaly zn\u00e1mky doby a ignoruj\u00ed v\u016fli voli\u010d\u016f zv\u00fd\u0161it ochranu \u017eivotn\u00edho prost\u0159ed\u00ed a klimatu. Nejni\u017e\u0161\u00edm spole\u010dn\u00fdm jmenovatelem GroKo v MKK je zaji\u0161t\u011bn\u00e1 v\u011bt\u0161ina, aby bylo mo\u017en\u00e9 vl\u00e1dnout bez ambic\u00ed a bez obav.\u201c<\/p>\n\n\n\n<p>Pro skupinu Verts\/ALE je to p\u0159\u00edle\u017eitost \u201epokra\u010dovat v boji za skute\u010dnou ochranu klimatu a soci\u00e1ln\u00ed politiku s \u017e\u00e1dostmi a po\u017eadavky\u201c. SPD a CDU si zde n\u00e1rokuj\u00ed \u201ejasn\u00fd kurz\u201c: \u201eKurz jde jen \u0161patn\u00fdm sm\u011brem\u201c, uzav\u00edr\u00e1 Bousonville.<\/p>\n\n\n\n<p>Dotazy na:<\/p>\n\n\n\n<p>Jakob M\u00e4hler<br>Gener\u00e1ln\u00ed \u0159editel skupiny<br>Aliance 90 \/ Zelen\u00ed Main-Kinzig<br>06181\/61596<br>0176\/46763336<br>fraktion@gruene-mkk.de<\/p>","protected":false},"excerpt":{"rendered":"<p>\"Pokra\u010dov\u00e1n\u00ed Velk\u00e9 koalice je regres\u00ed pro okres Main-Kinzig a ob\u010dany,\" \u0159\u00edk\u00e1 Reiner Bousonville, vedouc\u00ed skupiny Zelen\u00fdch v okresn\u00ed rad\u011b.<\/p>","protected":false},"author":-1,"featured_media":0,"comment_status":"open","ping_status":"open","sticky":false,"template":"","format":"standard","meta":{"footnotes":""},"categories":[2],"tags":[],"class_list":["post-68","post","type-post","status-publish","format-standard","hentry","category-newskreistagsfraktion"],"_links":{"self":[{"href":"https:\/\/www.gruene-mkk.de\/cs\/wp-json\/wp\/v2\/posts\/68","targetHints":{"allow":["GET"]}}],"collection":[{"href":"https:\/\/www.gruene-mkk.de\/cs\/wp-json\/wp\/v2\/posts"}],"about":[{"href":"https:\/\/www.gruene-mkk.de\/cs\/wp-json\/wp\/v2\/types\/post"}],"author":[{"embeddable":true,"href":"https:\/\/www.gruene-mkk.de\/cs\/wp-json\/wp\/v2\/users\/2"}],"replies":[{"embeddable":true,"href":"https:\/\/www.gruene-mkk.de\/cs\/wp-json\/wp\/v2\/comments?post=68"}],"version-history":[{"count":2,"href":"https:\/\/www.gruene-mkk.de\/cs\/wp-json\/wp\/v2\/posts\/68\/revisions"}],"predecessor-version":[{"id":70,"href":"https:\/\/www.gruene-mkk.de\/cs\/wp-json\/wp\/v2\/posts\/68\/revisions\/70"}],"wp:attachment":[{"href":"https:\/\/www.gruene-mkk.de\/cs\/wp-json\/wp\/v2\/media?parent=68"}],"wp:term":[{"taxonomy":"category","embeddable":true,"href":"https:\/\/www.gruene-mkk.de\/cs\/wp-json\/wp\/v2\/categories?post=68"},{"taxonomy":"post_tag","embeddable":true,"href":"https:\/\/www.gruene-mkk.de\/cs\/wp-json\/wp\/v2\/tags?post=68"}],"curies":[{"name":"wp","href":"https:\/\/api.w.org\/{rel}","templated":true}]}}