{"id":513,"date":"2021-09-09T12:25:00","date_gmt":"2021-09-09T10:25:00","guid":{"rendered":"https:\/\/www.alles-bleibt-anders.org\/?p=513"},"modified":"2024-09-05T14:43:15","modified_gmt":"2024-09-05T12:43:15","slug":"anfrage-zu-schlachtstaetten-im-mkk","status":"publish","type":"post","link":"https:\/\/www.gruene-mkk.de\/cs\/anfrage-zu-schlachtstaetten-im-mkk\/","title":{"rendered":"\u0160et\u0159en\u00ed t\u00fdkaj\u00edc\u00ed se jatek v MKK"},"content":{"rendered":"<p><strong>P\u0159edm\u011bt ot\u00e1zky:<\/strong><\/p>\n\n\n\n<p>Oblast Main-Kinzig je od roku 2021 regionem ekologick\u00fdch model\u016f. Produkce ekologick\u00fdch a p\u0159edev\u0161\u00edm region\u00e1ln\u00edch potravin m\u00e1 b\u00fdt podporov\u00e1na a p\u0159edstavuje zvl\u00e1\u0161tn\u00ed v\u00fdzvu pro nejlidnat\u011bj\u0161\u00ed oblast Hesenska. Por\u00e1\u017eka a zpracov\u00e1n\u00ed hospod\u00e1\u0159sk\u00fdch zv\u00ed\u0159at vyprodukovan\u00fdch v okrese Main-Kinzig by m\u011bly b\u00fdt p\u0159edev\u0161\u00edm prov\u00e1d\u011bny v bl\u00edzkosti spot\u0159ebitele a bez dlouh\u00fdch p\u0159epravn\u00edch tras. P\u0159eprava zv\u00ed\u0159at je pro zv\u00ed\u0159ata velkou z\u00e1t\u011b\u017e\u00ed.<\/p>\n\n\n\n<p>D\u00edky region\u00e1ln\u00edm a rychle p\u0159\u00edstupn\u00fdm jatk\u00e1m lze p\u0159epravu zv\u00ed\u0159at v\u00fdrazn\u011b zkr\u00e1tit, a dokonce se j\u00ed zcela vyhnout pou\u017eit\u00edm mobiln\u00edch jatek.<\/p>\n\n\n\n<p><strong>Ot\u00e1zky:<\/strong><\/p>\n\n\n\n<p><strong>Kolik schv\u00e1len\u00fdch jatek je v Main-Kinzig-Kreis?<\/strong><\/p>\n\n\n\n<p><strong>Odpov\u011b\u010f:<\/strong><\/p>\n\n\n\n<p>V sou\u010dasn\u00e9 dob\u011b je v okrese Main-Kinzig 25 schv\u00e1len\u00fdch jatek (d\u0159\u00edve 27 v roce 2020). Aby bylo mo\u017en\u00e9 prov\u00e1d\u011bt komer\u010dn\u00ed por\u00e1\u017eku, je vy\u017eadov\u00e1no schv\u00e1len\u00ed p\u0159\u00edslu\u0161n\u00fdch jatek ze strany EU.<\/p>\n\n\n\n<p><strong>a.&nbsp;&nbsp;&nbsp;&nbsp;&nbsp;&nbsp;&nbsp;<\/strong><strong>Kter\u00e1 jatka to jsou a kolik zv\u00ed\u0159at je zde ro\u010dn\u011b pora\u017eeno?<\/strong><\/p>\n\n\n\n<p><strong>Odpov\u011b\u010f:<\/strong><\/p>\n\n\n\n<p>Jatka v Main-Kinzig-Kreis jsou d\u016fsledn\u011b strukturov\u00e1na \u0159emesln\u00fdm zpracov\u00e1n\u00edm. Byly a st\u00e1le jsou to rodinn\u00e9 podniky. Po\u010det ka\u017edoro\u010dn\u00edch por\u00e1\u017eek prov\u00e1d\u011bn\u00fdch v t\u011bchto hospod\u00e1\u0159stv\u00edch se zna\u010dn\u011b li\u0161\u00ed v z\u00e1vislosti na zp\u016fsobu uv\u00e1d\u011bn\u00ed na trh. Z anal\u00fdzy por\u00e1\u017eek proveden\u00fdch v roce 2020 vyplynulo, \u017ee v jednom hospod\u00e1\u0159stv\u00ed do\u0161lo k jedn\u00e9 por\u00e1\u017ece a\u017e 2093 por\u00e1\u017ek\u00e1m. Lze proto p\u0159edpokl\u00e1dat v pr\u016fm\u011bru p\u0159ibli\u017en\u011b 467 por\u00e1\u017eek na hospod\u00e1\u0159stv\u00ed\/rok (v roce 2020).<\/p>\n\n\n\n<p><strong>b.&nbsp;&nbsp;&nbsp;&nbsp;&nbsp;&nbsp;<\/strong><strong>Kolik z t\u011bchto jatek je certifikov\u00e1no jako ekologick\u00e9?<\/strong><\/p>\n\n\n\n<p><strong>Odpov\u011b\u010f:<\/strong><\/p>\n\n\n\n<p>Podle ofici\u00e1ln\u00edch informac\u00ed nen\u00ed \u017e\u00e1dn\u00e1 z jatek nach\u00e1zej\u00edc\u00edch se v Main-Kinzig-Kreis ekologicky certifikov\u00e1na, a\u010dkoli podle jejich vlastn\u00edch prohl\u00e1\u0161en\u00ed alespo\u0148 jedna z jatek v Main-Kinzig-Kreis tak\u00e9 ekologi\u010dt\u00ed zem\u011bd\u011blci nech\u00e1vaj\u00ed por\u00e1\u017eet sv\u00e1 hospod\u00e1\u0159sk\u00e1 zv\u00ed\u0159ata na region\u00e1ln\u00ed \u00farovni.<\/p>\n\n\n\n<p><strong>c.&nbsp;&nbsp;&nbsp;&nbsp;&nbsp;&nbsp;&nbsp;<\/strong><strong>Kolik z t\u011bchto jatek jsou tak\u00e9 bour\u00e1rny?<\/strong><\/p>\n\n\n\n<p><strong>Odpov\u011b\u010f:<\/strong><\/p>\n\n\n\n<p>Z 25 jatek jich 12 m\u00e1 rovn\u011b\u017e schv\u00e1len\u00ed EU pro bour\u00e1n\u00ed.<\/p>\n\n\n\n<p><strong>Podle odhad\u016f administrativy: Jak\u00e9 procento por\u00e1\u017eky zv\u00ed\u0159at v hospod\u00e1\u0159stv\u00edch v Main-Kinzig-Kreis nelze prov\u00e9st v okrese, proto\u017ee chyb\u00ed jatka?<\/strong><\/p>\n\n\n\n<p><strong>Odpov\u011b\u010f:<\/strong><\/p>\n\n\n\n<p>\u00d8 Dr\u016fbe\u017e:\u00a0\u00a0\u00a0\u00a0\u00a0\u00a0\u00a0\u00a0\u00a0\u00a0\u00a0\u00a0\u00a0\u00a0\u00a0\u00a0\u00a0\u00a0\u00a0\u00a0\u00a0\u00a090%<\/p>\n\n\n\n<p>\u00d8 Hov\u011bz\u00ed maso:\u00a0\u00a0\u00a0\u00a0\u00a0\u00a0\u00a0\u00a0\u00a0\u00a0\u00a0\u00a0\u00a0\u00a0\u00a0\u00a0\u00a0\u00a0\u00a0\u00a0\u00a0\u00a0\u00a0\u00a0\u00a0\u00a0\u00a0\u00a0\u00a090%<\/p>\n\n\n\n<p>\u00d8 prase:\u00a0\u00a0\u00a0\u00a0\u00a0\u00a0\u00a0\u00a0\u00a0\u00a0\u00a0\u00a0\u00a0\u00a0\u00a0\u00a0\u00a0\u00a0\u00a0\u00a0\u00a0\u00a080%<\/p>\n\n\n\n<p>\u00d8 Ovce\/koza:\u00a0\u00a0\u00a0\u00a0\u00a0\u00a0\u00a0\u00a0\u00a0\u00a0\u00a0\u00a0\u00a0\u00a0\u00a050%<\/p>\n\n\n\n<p>\u00d8 Solipeds:\u00a0\u00a0\u00a0\u00a0\u00a0\u00a0\u00a0\u00a0\u00a0\u00a0\u00a0\u00a0\u00a0\u00a0\u00a0\u00a0\u00a0\u00a0\u00a0100%<\/p>\n\n\n\n<p>\u00d8 Farmov\u00e1 zv\u011b\u0159:\u00a0\u00a0\u00a0\u00a0\u00a0\u00a0\u00a0\u00a0\u00a0\u00a0\u00a0\u00a0\u00a0\u00a0\u00a0\u00a0\u00a0\u00a0\u00a0\u00a0\u00a085%<\/p>\n\n\n\n<p>Tyto odhady se vztahuj\u00ed k \u010dist\u00e9 por\u00e1\u017ekov\u00e9 kapacit\u011b. Druh\u00fdm d\u016fle\u017eit\u00fdm aspektem je nezbytn\u00fd hodnotov\u00fd \u0159et\u011bzec, kter\u00fd za n\u00edm stoj\u00ed. Bez spolehliv\u00e9ho sn\u00ed\u017een\u00ed mno\u017estv\u00ed pora\u017een\u00e9ho masa nen\u00ed rozvoj por\u00e1\u017ekov\u00fdch kapacit \u00fa\u010deln\u00fd.<\/p>\n\n\n\n<p><strong>Kolik povolen\u00ed bylo vyd\u00e1no v roce 2020 pro<\/strong><\/p>\n\n\n\n<p><strong>a.&nbsp;&nbsp;&nbsp;&nbsp;&nbsp;&nbsp;&nbsp;<\/strong><strong>V\u00fdst\u0159el z pastviny?<\/strong><\/p>\n\n\n\n<p><strong>Odpov\u011b\u010f:<\/strong><\/p>\n\n\n\n<p>V roce 2020 ud\u011blil \u00da\u0159ad pro veterin\u00e1rn\u00ed z\u00e1le\u017eitosti a ochranu spot\u0159ebitele na \u017e\u00e1dost celkem 22 odchylek pro v\u00fdst\u0159el na pastvinu.<\/p>\n\n\n\n<p><strong>b.&nbsp;&nbsp;&nbsp;&nbsp;&nbsp;&nbsp;<\/strong><strong>Vyu\u017e\u00edv\u00e1n\u00ed mobiln\u00edch jatek?<\/strong><\/p>\n\n\n\n<p><strong>Odpov\u011b\u010f:<\/strong><\/p>\n\n\n\n<p>V roce 2020 nebyla ud\u011blena \u017e\u00e1dn\u00e1 povolen\u00ed pro pou\u017e\u00edv\u00e1n\u00ed mobiln\u00edch jatek, nebo\u0165 \u00da\u0159adu pro veterin\u00e1rn\u00ed z\u00e1le\u017eitosti a ochranu spot\u0159ebitele nebyly pod\u00e1ny \u017e\u00e1dn\u00e9 takov\u00e9 \u017e\u00e1dosti.<\/p>\n\n\n\n<p><strong>Jak\u00e9 \u00fasil\u00ed vynakl\u00e1d\u00e1 Main-Kinzig-Kreis na podporu region\u00e1ln\u00edch jatek v okrese, aby se zabr\u00e1nilo p\u0159eprav\u011b zv\u00ed\u0159at nebo aby se tato p\u0159eprava zkr\u00e1tila?<\/strong><\/p>\n\n\n\n<p><strong>Odpov\u011b\u010f:<\/strong><\/p>\n\n\n\n<p>Main-Kinzig-Kreis (Main-Kinzig-Kreis) je schvaluj\u00edc\u00edm org\u00e1nem pro jednotliv\u00e9 programy na podporu zem\u011bd\u011blsk\u00fdch investic. Tento program zahrnuje mimo jin\u00e9 podporu investic do diverzifikace s c\u00edlem umo\u017enit zem\u011bd\u011blsk\u00fdm podnik\u016fm vytv\u00e1\u0159et dal\u0161\u00ed zdroje p\u0159\u00edjm\u016f. Pat\u0159\u00ed mezi n\u011b soudn\u00ed \u0159eznictv\u00ed a jatka.<\/p>\n\n\n\n<p>Krom\u011b toho je region Main-Kinzig-Kreis od 1. ledna 2021 ekomodelov\u00fdm regionem, a stanovil si tak c\u00edl podporovat a roz\u0161i\u0159ovat region\u00e1ln\u00ed produkci, zpracov\u00e1n\u00ed a uv\u00e1d\u011bn\u00ed zem\u011bd\u011blsk\u00fdch produkt\u016f na trh.<\/p>\n\n\n\n<p>V oblasti chovu zv\u00ed\u0159at je okres v \u00fazk\u00e9m kontaktu s ostatn\u00edmi modelov\u00fdmi regiony Hesenska a podporuje projekt \u201eBio-Weiderind\u201c. V r\u00e1mci tohoto projektu m\u00e1 b\u00fdt sdru\u017eena nab\u00eddka pasouc\u00edho se skotu z hesensk\u00fdch ekologick\u00fdch farem. C\u00edlem je zbavit producenty z\u00e1t\u011b\u017ee spojen\u00e9 s uv\u00e1d\u011bn\u00edm na trh a zajistit, aby byl p\u0159i prodeji zohledn\u011bn zvl\u00e1\u0161tn\u00ed chov ekologick\u00e9ho skotu, a to vytvo\u0159en\u00edm nov\u00e9ho hodnotov\u00e9ho \u0159et\u011bzce.<\/p>\n\n\n\n<p><strong>Kolik kontrol p\u0159epravy zv\u00ed\u0159at provedl veterin\u00e1rn\u00ed \u00fa\u0159ad v roce 2020?<\/strong><\/p>\n\n\n\n<p><strong>a.&nbsp;&nbsp;&nbsp;&nbsp;&nbsp;&nbsp;&nbsp;<\/strong><strong>Jak\u00e9 procento v\u0161ech p\u0159eprav zv\u00ed\u0159at uskute\u010dn\u011bn\u00fdch v Main-Kinzig-Kreis v roce 2020 je toto?<\/strong><\/p>\n\n\n\n<p><strong>b.&nbsp;&nbsp;&nbsp;&nbsp;&nbsp;&nbsp;<\/strong><strong>Kolik poru\u0161en\u00ed na\u0159\u00edzen\u00ed o dobr\u00fdch \u017eivotn\u00edch podm\u00ednk\u00e1ch zv\u00ed\u0159at bylo zji\u0161t\u011bno?<\/strong><\/p>\n\n\n\n<p><strong>c.&nbsp;&nbsp;&nbsp;&nbsp;&nbsp;&nbsp;&nbsp;<\/strong><strong>P\u0159ineslo by zv\u00fd\u0161en\u00ed po\u010dtu pracovn\u00edch m\u00edst ve veterin\u00e1rn\u00edm \u00fa\u0159adu procentu\u00e1ln\u00ed zlep\u0161en\u00ed?<\/strong><\/p>\n\n\n\n<p><strong>Odpov\u011b\u010f:<\/strong><\/p>\n\n\n\n<p>V roce 2020 nebyly z d\u016fvodu nedostatku lidsk\u00fdch zdroj\u016f provedeny \u017e\u00e1dn\u00e9 kontroly dopravy. Krom\u011b toho je t\u0159eba m\u00edt na pam\u011bti, \u017ee absolutn\u00ed po\u010det p\u0159eprav nen\u00ed ofici\u00e1ln\u011b zn\u00e1m, nebo\u0165 \u00da\u0159ad pro veterin\u00e1rn\u00ed z\u00e1le\u017eitosti a ochranu spot\u0159ebitele se dozv\u00ed pouze o takov\u00fdch p\u0159eprav\u00e1ch, kter\u00e9 p\u0159epravuj\u00ed hospod\u00e1\u0159sk\u00e1 zv\u00ed\u0159ata nebo obchodn\u00ed zv\u00ed\u0159ata v z\u00e1jmov\u00e9m chovu a p\u0159ekra\u010duj\u00ed st\u00e1tn\u00ed hranice, pokud je zah\u00e1jen\u00ed nebo m\u00edsto ur\u010den\u00ed p\u0159epravy v okrese Main-Kinzig.<\/p>\n\n\n\n<p>N\u00e1r\u016fst pot\u0159ebn\u00e9ho veterin\u00e1rn\u00edho person\u00e1lu by umo\u017enil \u00da\u0159adu pro veterin\u00e1rn\u00ed z\u00e1le\u017eitosti a ochranu spot\u0159ebitele v\u016fbec prov\u00e1d\u011bt v\u00fdznamn\u00e9 kontroly p\u0159epravy.<\/p>\n\n\n\n<p><strong>Main-Kinzig-Kreis nepo\u017eadovala pou\u017eit\u00ed nebo n\u00e1kup mobiln\u00edch jatek. V tomto p\u0159\u00edpad\u011b by pr\u00e1vo EU bylo proti nasazen\u00ed, uvedl v t\u00e9 dob\u011b v d\u016fvodov\u00e9 zpr\u00e1v\u011b. Ve Wetterau byla spole\u010dn\u011b s iniciativou \u201eExtrawurst\u201c zavedena mobiln\u00ed jatka a existuje tak\u00e9 zem\u011bd\u011blec, kter\u00fd provozuje mobiln\u00ed dr\u016fbe\u017e\u00ed jatka, co\u017e mimo jin\u00e9 podpo\u0159ila i EU.<\/strong><\/p>\n\n\n\n<p><strong>a.&nbsp;&nbsp;&nbsp;&nbsp;&nbsp;&nbsp;<\/strong><strong>Jak\u00e9 dal\u0161\u00ed sm\u011brnice nebo po\u017eadavky EU plat\u00ed ve Wetteraukreis, kter\u00e9 umo\u017e\u0148uj\u00ed jejich pou\u017eit\u00ed tam?<\/strong><\/p>\n\n\n\n<p><strong>Pokud jsou z\u00e1kladn\u00ed po\u017eadavky stejn\u00e9: Jak\u00fd je d\u016fvod, pro\u010d administrativa nekupuje mobiln\u00ed jatka?<\/strong><\/p>\n\n\n\n<p><strong>Pokud z\u00e1kladn\u00ed po\u017eadavky nejsou stejn\u00e9: Jak\u00e9 kroky by musely b\u00fdt podniknuty k zaveden\u00ed mobiln\u00edch jatek v okrese?<\/strong><\/p>\n\n\n\n<p><strong>Odpov\u011b\u010f:<\/strong><\/p>\n\n\n\n<p>V roce 2021 se pr\u00e1vn\u00ed situace v cel\u00e9 Evrop\u011b zm\u011bnila. Jeden z bod\u016f od\u016fvodn\u011bn\u00ed na\u0159\u00edzen\u00ed (ES) \u010d. 853\/2004 uv\u00e1d\u00ed:<\/p>\n\n\n\n<p>\u201eZlep\u0161en\u00ed \u017eivotn\u00edch podm\u00ednek zv\u00ed\u0159at je jedn\u00edm z opat\u0159en\u00ed navr\u017een\u00fdch Komis\u00ed v jej\u00ed strategii \u201eod zem\u011bd\u011blce ke spot\u0159ebiteli\u201c pro spravedliv\u00e9, zdrav\u00e9 a ekologick\u00e9 potravinov\u00e9 syst\u00e9my v r\u00e1mci Zelen\u00e9 dohody pro Evropu. Zm\u011bnily se zejm\u00e9na n\u00e1vyky v oblasti konzumace masa a Evropsk\u00fd parlament, zem\u011bd\u011blci a spot\u0159ebitel\u00e9 st\u00e1le v\u00edce po\u017eaduj\u00ed, aby byla povolena por\u00e1\u017eka n\u011bkter\u00fdch dom\u00e1c\u00edch kopytn\u00edk\u016f v hospod\u00e1\u0159stv\u00ed p\u016fvodu, aby se zabr\u00e1nilo mo\u017en\u00fdm probl\u00e9m\u016fm s dobr\u00fdmi \u017eivotn\u00edmi podm\u00ednkami zv\u00ed\u0159at p\u0159i sb\u011bru a p\u0159eprav\u011b t\u011bchto zv\u00ed\u0159at.\u201c<\/p>\n\n\n\n<p>Od 9. z\u00e1\u0159\u00ed 2021 proto plat\u00ed odchylka, kter\u00e1 \u201eumo\u017e\u0148uje por\u00e1\u017eku dom\u00e1c\u00edho skotu (s v\u00fdjimkou bizon\u016f), dom\u00e1c\u00edch prasat a kon\u00ed v hospod\u00e1\u0159stv\u00ed p\u016fvodu, pokud existuj\u00ed rizika z hlediska bezpe\u010dnosti pr\u00e1ce a dobr\u00fdch \u017eivotn\u00edch podm\u00ednek zv\u00ed\u0159at v d\u016fsledku p\u0159epravy zv\u00ed\u0159at na jatka. Po\u010det zv\u00ed\u0159at, kter\u00e1 maj\u00ed b\u00fdt pora\u017eena na jednu por\u00e1\u017eku, je omezen na nejv\u00fd\u0161e t\u0159i kusy skotu nebo nejv\u00fd\u0161e \u0161est prasat nebo nejv\u00fd\u0161e t\u0159i kon\u011b.<a rel=\"noreferrer noopener\" href=\"https:\/\/sessionnet.krz.de\/main-kinzig\/bi\/vo0050.asp?__kvonr=21857#_ftn1\" target=\"_blank\"><sup>[1]<\/sup><\/a>\u201eV t\u00e9to souvislosti se prov\u00e1d\u00ed \u010d\u00e1ste\u010dn\u011b mobiln\u00ed por\u00e1\u017eka. Mobiln\u00ed jate\u010dn\u00ed jednotky jsou podrobeny zkou\u0161ce zp\u016fsobilosti ze strany Regierungspr\u00e4sidium Kassel jako p\u0159\u00edslu\u0161n\u00e9ho org\u00e1nu. S existenc\u00ed mohou b\u00fdt tyto mobiln\u00ed jednotky pou\u017e\u00edv\u00e1ny nebo pou\u017e\u00edv\u00e1ny st\u0159\u00eddav\u011b n\u011bkolika spole\u010dnostmi. V\u00fdsledkem je vysok\u00e1 m\u00edra flexibility, kter\u00e1 v t\u00e9 dob\u011b nebyla v modelov\u00e9m projektu \u201eExtrawurst\u201c k dispozici. Zde byla mobiln\u00ed jednotka sou\u010d\u00e1st\u00ed schv\u00e1len\u00fdch jatek v EU.<\/p>\n\n\n\n<p><strong>P\u0159edm\u011bt ot\u00e1zky:<\/strong><\/p>\n\n\n\n<p>Oblast Main-Kinzig je od roku 2021 regionem ekologick\u00fdch model\u016f. Produkce ekologick\u00fdch a p\u0159edev\u0161\u00edm region\u00e1ln\u00edch potravin m\u00e1 b\u00fdt podporov\u00e1na a p\u0159edstavuje zvl\u00e1\u0161tn\u00ed v\u00fdzvu pro nejlidnat\u011bj\u0161\u00ed oblast Hesenska. Por\u00e1\u017eka a zpracov\u00e1n\u00ed hospod\u00e1\u0159sk\u00fdch zv\u00ed\u0159at vyprodukovan\u00fdch v okrese Main-Kinzig by m\u011bly b\u00fdt p\u0159edev\u0161\u00edm prov\u00e1d\u011bny v bl\u00edzkosti spot\u0159ebitele a bez dlouh\u00fdch p\u0159epravn\u00edch tras. P\u0159eprava zv\u00ed\u0159at je pro zv\u00ed\u0159ata velkou z\u00e1t\u011b\u017e\u00ed.<\/p>\n\n\n\n<p>D\u00edky region\u00e1ln\u00edm a rychle p\u0159\u00edstupn\u00fdm jatk\u00e1m lze p\u0159epravu zv\u00ed\u0159at v\u00fdrazn\u011b zkr\u00e1tit, a dokonce se j\u00ed zcela vyhnout pou\u017eit\u00edm mobiln\u00edch jatek.<\/p>\n\n\n\n<p><strong>Ot\u00e1zky:<\/strong><\/p>\n\n\n\n<p><strong>Kolik schv\u00e1len\u00fdch jatek je v Main-Kinzig-Kreis?<\/strong><\/p>\n\n\n\n<p><strong>Odpov\u011b\u010f:<\/strong><\/p>\n\n\n\n<p>V sou\u010dasn\u00e9 dob\u011b je v okrese Main-Kinzig 25 schv\u00e1len\u00fdch jatek (d\u0159\u00edve 27 v roce 2020). Aby bylo mo\u017en\u00e9 prov\u00e1d\u011bt komer\u010dn\u00ed por\u00e1\u017eku, je vy\u017eadov\u00e1no schv\u00e1len\u00ed p\u0159\u00edslu\u0161n\u00fdch jatek ze strany EU.<\/p>\n\n\n\n<p><strong>a.&nbsp;&nbsp;&nbsp;&nbsp;&nbsp;&nbsp;&nbsp;<\/strong><strong>Kter\u00e1 jatka to jsou a kolik zv\u00ed\u0159at je zde ro\u010dn\u011b pora\u017eeno?<\/strong><\/p>\n\n\n\n<p><strong>Odpov\u011b\u010f:<\/strong><\/p>\n\n\n\n<p>Jatka v Main-Kinzig-Kreis jsou d\u016fsledn\u011b strukturov\u00e1na \u0159emesln\u00fdm zpracov\u00e1n\u00edm. Byly a st\u00e1le jsou to rodinn\u00e9 podniky. Po\u010det ka\u017edoro\u010dn\u00edch por\u00e1\u017eek prov\u00e1d\u011bn\u00fdch v t\u011bchto hospod\u00e1\u0159stv\u00edch se zna\u010dn\u011b li\u0161\u00ed v z\u00e1vislosti na zp\u016fsobu uv\u00e1d\u011bn\u00ed na trh. Z anal\u00fdzy por\u00e1\u017eek proveden\u00fdch v roce 2020 vyplynulo, \u017ee v jednom hospod\u00e1\u0159stv\u00ed do\u0161lo k jedn\u00e9 por\u00e1\u017ece a\u017e 2093 por\u00e1\u017ek\u00e1m. Lze proto p\u0159edpokl\u00e1dat v pr\u016fm\u011bru p\u0159ibli\u017en\u011b 467 por\u00e1\u017eek na hospod\u00e1\u0159stv\u00ed\/rok (v roce 2020).<\/p>\n\n\n\n<p><strong>b.&nbsp;&nbsp;&nbsp;&nbsp;&nbsp;&nbsp;<\/strong><strong>Kolik z t\u011bchto jatek je certifikov\u00e1no jako ekologick\u00e9?<\/strong><\/p>\n\n\n\n<p><strong>Odpov\u011b\u010f:<\/strong><\/p>\n\n\n\n<p>Podle ofici\u00e1ln\u00edch informac\u00ed nen\u00ed \u017e\u00e1dn\u00e1 z jatek nach\u00e1zej\u00edc\u00edch se v Main-Kinzig-Kreis ekologicky certifikov\u00e1na, a\u010dkoli podle jejich vlastn\u00edch prohl\u00e1\u0161en\u00ed alespo\u0148 jedna z jatek v Main-Kinzig-Kreis tak\u00e9 ekologi\u010dt\u00ed zem\u011bd\u011blci nech\u00e1vaj\u00ed por\u00e1\u017eet sv\u00e1 hospod\u00e1\u0159sk\u00e1 zv\u00ed\u0159ata na region\u00e1ln\u00ed \u00farovni.<\/p>\n\n\n\n<p><strong>c.&nbsp;&nbsp;&nbsp;&nbsp;&nbsp;&nbsp;&nbsp;<\/strong><strong>Kolik z t\u011bchto jatek jsou tak\u00e9 bour\u00e1rny?<\/strong><\/p>\n\n\n\n<p><strong>Odpov\u011b\u010f:<\/strong><\/p>\n\n\n\n<p>Z 25 jatek jich 12 m\u00e1 rovn\u011b\u017e schv\u00e1len\u00ed EU pro bour\u00e1n\u00ed.<\/p>\n\n\n\n<p><strong>Podle odhad\u016f administrativy: Jak\u00e9 procento por\u00e1\u017eky zv\u00ed\u0159at v hospod\u00e1\u0159stv\u00edch v Main-Kinzig-Kreis nelze prov\u00e9st v okrese, proto\u017ee chyb\u00ed jatka?<\/strong><\/p>\n\n\n\n<p><strong>Odpov\u011b\u010f:<\/strong><\/p>\n\n\n\n<p>\u00d8 Dr\u016fbe\u017e:\u00a0\u00a0\u00a0\u00a0\u00a0\u00a0\u00a0\u00a0\u00a0\u00a0\u00a0\u00a0\u00a0\u00a0\u00a0\u00a0\u00a0\u00a0\u00a0\u00a0\u00a0\u00a090%<\/p>\n\n\n\n<p>\u00d8 Hov\u011bz\u00ed maso:\u00a0\u00a0\u00a0\u00a0\u00a0\u00a0\u00a0\u00a0\u00a0\u00a0\u00a0\u00a0\u00a0\u00a0\u00a0\u00a0\u00a0\u00a0\u00a0\u00a0\u00a0\u00a0\u00a0\u00a0\u00a0\u00a0\u00a0\u00a0\u00a090%<\/p>\n\n\n\n<p>\u00d8 prase:\u00a0\u00a0\u00a0\u00a0\u00a0\u00a0\u00a0\u00a0\u00a0\u00a0\u00a0\u00a0\u00a0\u00a0\u00a0\u00a0\u00a0\u00a0\u00a0\u00a0\u00a0\u00a080%<\/p>\n\n\n\n<p>\u00d8 Ovce\/koza:\u00a0\u00a0\u00a0\u00a0\u00a0\u00a0\u00a0\u00a0\u00a0\u00a0\u00a0\u00a0\u00a0\u00a0\u00a050%<\/p>\n\n\n\n<p>\u00d8 Solipeds:\u00a0\u00a0\u00a0\u00a0\u00a0\u00a0\u00a0\u00a0\u00a0\u00a0\u00a0\u00a0\u00a0\u00a0\u00a0\u00a0\u00a0\u00a0\u00a0100%<\/p>\n\n\n\n<p>\u00d8 Farmov\u00e1 zv\u011b\u0159:\u00a0\u00a0\u00a0\u00a0\u00a0\u00a0\u00a0\u00a0\u00a0\u00a0\u00a0\u00a0\u00a0\u00a0\u00a0\u00a0\u00a0\u00a0\u00a0\u00a0\u00a085%<\/p>\n\n\n\n<p>Tyto odhady se vztahuj\u00ed k \u010dist\u00e9 por\u00e1\u017ekov\u00e9 kapacit\u011b. Druh\u00fdm d\u016fle\u017eit\u00fdm aspektem je nezbytn\u00fd hodnotov\u00fd \u0159et\u011bzec, kter\u00fd za n\u00edm stoj\u00ed. Bez spolehliv\u00e9ho sn\u00ed\u017een\u00ed mno\u017estv\u00ed pora\u017een\u00e9ho masa nen\u00ed rozvoj por\u00e1\u017ekov\u00fdch kapacit \u00fa\u010deln\u00fd.<\/p>\n\n\n\n<p><strong>Kolik povolen\u00ed bylo vyd\u00e1no v roce 2020 pro<\/strong><\/p>\n\n\n\n<p><strong>a.&nbsp;&nbsp;&nbsp;&nbsp;&nbsp;&nbsp;&nbsp;<\/strong><strong>V\u00fdst\u0159el z pastviny?<\/strong><\/p>\n\n\n\n<p><strong>Odpov\u011b\u010f:<\/strong><\/p>\n\n\n\n<p>V roce 2020 ud\u011blil \u00da\u0159ad pro veterin\u00e1rn\u00ed z\u00e1le\u017eitosti a ochranu spot\u0159ebitele na \u017e\u00e1dost celkem 22 odchylek pro v\u00fdst\u0159el na pastvinu.<\/p>\n\n\n\n<p><strong>b.&nbsp;&nbsp;&nbsp;&nbsp;&nbsp;&nbsp;<\/strong><strong>Vyu\u017e\u00edv\u00e1n\u00ed mobiln\u00edch jatek?<\/strong><\/p>\n\n\n\n<p><strong>Odpov\u011b\u010f:<\/strong><\/p>\n\n\n\n<p>V roce 2020 nebyla ud\u011blena \u017e\u00e1dn\u00e1 povolen\u00ed pro pou\u017e\u00edv\u00e1n\u00ed mobiln\u00edch jatek, nebo\u0165 \u00da\u0159adu pro veterin\u00e1rn\u00ed z\u00e1le\u017eitosti a ochranu spot\u0159ebitele nebyly pod\u00e1ny \u017e\u00e1dn\u00e9 takov\u00e9 \u017e\u00e1dosti.<\/p>\n\n\n\n<p><strong>Jak\u00e9 \u00fasil\u00ed vynakl\u00e1d\u00e1 Main-Kinzig-Kreis na podporu region\u00e1ln\u00edch jatek v okrese, aby se zabr\u00e1nilo p\u0159eprav\u011b zv\u00ed\u0159at nebo aby se tato p\u0159eprava zkr\u00e1tila?<\/strong><\/p>\n\n\n\n<p><strong>Odpov\u011b\u010f:<\/strong><\/p>\n\n\n\n<p>Main-Kinzig-Kreis (Main-Kinzig-Kreis) je schvaluj\u00edc\u00edm org\u00e1nem pro jednotliv\u00e9 programy na podporu zem\u011bd\u011blsk\u00fdch investic. Tento program zahrnuje mimo jin\u00e9 podporu investic do diverzifikace s c\u00edlem umo\u017enit zem\u011bd\u011blsk\u00fdm podnik\u016fm vytv\u00e1\u0159et dal\u0161\u00ed zdroje p\u0159\u00edjm\u016f. Pat\u0159\u00ed mezi n\u011b soudn\u00ed \u0159eznictv\u00ed a jatka.<\/p>\n\n\n\n<p>Krom\u011b toho je region Main-Kinzig-Kreis od 1. ledna 2021 ekomodelov\u00fdm regionem, a stanovil si tak c\u00edl podporovat a roz\u0161i\u0159ovat region\u00e1ln\u00ed produkci, zpracov\u00e1n\u00ed a uv\u00e1d\u011bn\u00ed zem\u011bd\u011blsk\u00fdch produkt\u016f na trh.<\/p>\n\n\n\n<p>V oblasti chovu zv\u00ed\u0159at je okres v \u00fazk\u00e9m kontaktu s ostatn\u00edmi modelov\u00fdmi regiony Hesenska a podporuje projekt \u201eBio-Weiderind\u201c. V r\u00e1mci tohoto projektu m\u00e1 b\u00fdt sdru\u017eena nab\u00eddka pasouc\u00edho se skotu z hesensk\u00fdch ekologick\u00fdch farem. C\u00edlem je zbavit producenty z\u00e1t\u011b\u017ee spojen\u00e9 s uv\u00e1d\u011bn\u00edm na trh a zajistit, aby byl p\u0159i prodeji zohledn\u011bn zvl\u00e1\u0161tn\u00ed chov ekologick\u00e9ho skotu, a to vytvo\u0159en\u00edm nov\u00e9ho hodnotov\u00e9ho \u0159et\u011bzce.<\/p>\n\n\n\n<p><strong>Kolik kontrol p\u0159epravy zv\u00ed\u0159at provedl veterin\u00e1rn\u00ed \u00fa\u0159ad v roce 2020?<\/strong><\/p>\n\n\n\n<p><strong>a.&nbsp;&nbsp;&nbsp;&nbsp;&nbsp;&nbsp;&nbsp;<\/strong><strong>Jak\u00e9 procento v\u0161ech p\u0159eprav zv\u00ed\u0159at uskute\u010dn\u011bn\u00fdch v Main-Kinzig-Kreis v roce 2020 je toto?<\/strong><\/p>\n\n\n\n<p><strong>b.&nbsp;&nbsp;&nbsp;&nbsp;&nbsp;&nbsp;<\/strong><strong>Kolik poru\u0161en\u00ed na\u0159\u00edzen\u00ed o dobr\u00fdch \u017eivotn\u00edch podm\u00ednk\u00e1ch zv\u00ed\u0159at bylo zji\u0161t\u011bno?<\/strong><\/p>\n\n\n\n<p><strong>c.&nbsp;&nbsp;&nbsp;&nbsp;&nbsp;&nbsp;&nbsp;<\/strong><strong>P\u0159ineslo by zv\u00fd\u0161en\u00ed po\u010dtu pracovn\u00edch m\u00edst ve veterin\u00e1rn\u00edm \u00fa\u0159adu procentu\u00e1ln\u00ed zlep\u0161en\u00ed?<\/strong><\/p>\n\n\n\n<p><strong>Odpov\u011b\u010f:<\/strong><\/p>\n\n\n\n<p>V roce 2020 nebyly z d\u016fvodu nedostatku lidsk\u00fdch zdroj\u016f provedeny \u017e\u00e1dn\u00e9 kontroly dopravy. Krom\u011b toho je t\u0159eba m\u00edt na pam\u011bti, \u017ee absolutn\u00ed po\u010det p\u0159eprav nen\u00ed ofici\u00e1ln\u011b zn\u00e1m, nebo\u0165 \u00da\u0159ad pro veterin\u00e1rn\u00ed z\u00e1le\u017eitosti a ochranu spot\u0159ebitele se dozv\u00ed pouze o takov\u00fdch p\u0159eprav\u00e1ch, kter\u00e9 p\u0159epravuj\u00ed hospod\u00e1\u0159sk\u00e1 zv\u00ed\u0159ata nebo obchodn\u00ed zv\u00ed\u0159ata v z\u00e1jmov\u00e9m chovu a p\u0159ekra\u010duj\u00ed st\u00e1tn\u00ed hranice, pokud je zah\u00e1jen\u00ed nebo m\u00edsto ur\u010den\u00ed p\u0159epravy v okrese Main-Kinzig.<\/p>\n\n\n\n<p>N\u00e1r\u016fst pot\u0159ebn\u00e9ho veterin\u00e1rn\u00edho person\u00e1lu by umo\u017enil \u00da\u0159adu pro veterin\u00e1rn\u00ed z\u00e1le\u017eitosti a ochranu spot\u0159ebitele v\u016fbec prov\u00e1d\u011bt v\u00fdznamn\u00e9 kontroly p\u0159epravy.<\/p>\n\n\n\n<p><strong>Main-Kinzig-Kreis nepo\u017eadovala pou\u017eit\u00ed nebo n\u00e1kup mobiln\u00edch jatek. V tomto p\u0159\u00edpad\u011b by pr\u00e1vo EU bylo proti nasazen\u00ed, uvedl v t\u00e9 dob\u011b v d\u016fvodov\u00e9 zpr\u00e1v\u011b. Ve Wetterau byla spole\u010dn\u011b s iniciativou \u201eExtrawurst\u201c zavedena mobiln\u00ed jatka a existuje tak\u00e9 zem\u011bd\u011blec, kter\u00fd provozuje mobiln\u00ed dr\u016fbe\u017e\u00ed jatka, co\u017e mimo jin\u00e9 podpo\u0159ila i EU.<\/strong><\/p>\n\n\n\n<p><strong>a.&nbsp;&nbsp;&nbsp;&nbsp;&nbsp;&nbsp;<\/strong><strong>Jak\u00e9 dal\u0161\u00ed sm\u011brnice nebo po\u017eadavky EU plat\u00ed ve Wetteraukreis, kter\u00e9 umo\u017e\u0148uj\u00ed jejich pou\u017eit\u00ed tam?<\/strong><\/p>\n\n\n\n<p><strong>Pokud jsou z\u00e1kladn\u00ed po\u017eadavky stejn\u00e9: Jak\u00fd je d\u016fvod, pro\u010d administrativa nekupuje mobiln\u00ed jatka?<\/strong><\/p>\n\n\n\n<p><strong>Pokud z\u00e1kladn\u00ed po\u017eadavky nejsou stejn\u00e9: Jak\u00e9 kroky by musely b\u00fdt podniknuty k zaveden\u00ed mobiln\u00edch jatek v okrese?<\/strong><\/p>\n\n\n\n<p><strong>Odpov\u011b\u010f:<\/strong><\/p>\n\n\n\n<p>V roce 2021 se pr\u00e1vn\u00ed situace v cel\u00e9 Evrop\u011b zm\u011bnila. Jeden z bod\u016f od\u016fvodn\u011bn\u00ed na\u0159\u00edzen\u00ed (ES) \u010d. 853\/2004 uv\u00e1d\u00ed:<\/p>\n\n\n\n<p>\u201eZlep\u0161en\u00ed \u017eivotn\u00edch podm\u00ednek zv\u00ed\u0159at je jedn\u00edm z opat\u0159en\u00ed navr\u017een\u00fdch Komis\u00ed v jej\u00ed strategii \u201eod zem\u011bd\u011blce ke spot\u0159ebiteli\u201c pro spravedliv\u00e9, zdrav\u00e9 a ekologick\u00e9 potravinov\u00e9 syst\u00e9my v r\u00e1mci Zelen\u00e9 dohody pro Evropu. Zm\u011bnily se zejm\u00e9na n\u00e1vyky v oblasti konzumace masa a Evropsk\u00fd parlament, zem\u011bd\u011blci a spot\u0159ebitel\u00e9 st\u00e1le v\u00edce po\u017eaduj\u00ed, aby byla povolena por\u00e1\u017eka n\u011bkter\u00fdch dom\u00e1c\u00edch kopytn\u00edk\u016f v hospod\u00e1\u0159stv\u00ed p\u016fvodu, aby se zabr\u00e1nilo mo\u017en\u00fdm probl\u00e9m\u016fm s dobr\u00fdmi \u017eivotn\u00edmi podm\u00ednkami zv\u00ed\u0159at p\u0159i sb\u011bru a p\u0159eprav\u011b t\u011bchto zv\u00ed\u0159at.\u201c<\/p>\n\n\n\n<p>Od 9. z\u00e1\u0159\u00ed 2021 proto plat\u00ed odchylka, kter\u00e1 \u201eumo\u017e\u0148uje por\u00e1\u017eku dom\u00e1c\u00edho skotu (s v\u00fdjimkou bizon\u016f), dom\u00e1c\u00edch prasat a kon\u00ed v hospod\u00e1\u0159stv\u00ed p\u016fvodu, pokud existuj\u00ed rizika z hlediska bezpe\u010dnosti pr\u00e1ce a dobr\u00fdch \u017eivotn\u00edch podm\u00ednek zv\u00ed\u0159at v d\u016fsledku p\u0159epravy zv\u00ed\u0159at na jatka. Po\u010det zv\u00ed\u0159at, kter\u00e1 maj\u00ed b\u00fdt pora\u017eena na jednu por\u00e1\u017eku, je omezen na nejv\u00fd\u0161e t\u0159i kusy skotu nebo nejv\u00fd\u0161e \u0161est prasat nebo nejv\u00fd\u0161e t\u0159i kon\u011b.<a href=\"https:\/\/sessionnet.krz.de\/main-kinzig\/bi\/vo0050.asp?__kvonr=21857#_ftn1\" target=\"_blank\" rel=\"noreferrer noopener\"><sup>[1]<\/sup><\/a>\u201eV t\u00e9to souvislosti se prov\u00e1d\u00ed \u010d\u00e1ste\u010dn\u011b mobiln\u00ed por\u00e1\u017eka. Mobiln\u00ed jate\u010dn\u00ed jednotky jsou podrobeny zkou\u0161ce zp\u016fsobilosti ze strany Regierungspr\u00e4sidium Kassel jako p\u0159\u00edslu\u0161n\u00e9ho org\u00e1nu. S existenc\u00ed mohou b\u00fdt tyto mobiln\u00ed jednotky pou\u017e\u00edv\u00e1ny nebo pou\u017e\u00edv\u00e1ny st\u0159\u00eddav\u011b n\u011bkolika spole\u010dnostmi. V\u00fdsledkem je vysok\u00e1 m\u00edra flexibility, kter\u00e1 v t\u00e9 dob\u011b nebyla v modelov\u00e9m projektu \u201eExtrawurst\u201c k dispozici. Zde byla mobiln\u00ed jednotka sou\u010d\u00e1st\u00ed schv\u00e1len\u00fdch jatek v EU.<\/p>","protected":false},"excerpt":{"rendered":"<p>P\u0159edm\u011bt ot\u00e1zky: Oblast Main-Kinzig je od roku 2021 regionem ekologick\u00fdch model\u016f. Produkce ekologick\u00fdch a p\u0159edev\u0161\u00edm region\u00e1ln\u00edch potravin m\u00e1 b\u00fdt podporov\u00e1na a p\u0159edstavuje zvl\u00e1\u0161tn\u00ed [...]<\/p>","protected":false},"author":-1,"featured_media":0,"comment_status":"open","ping_status":"open","sticky":false,"template":"","format":"standard","meta":{"footnotes":""},"categories":[9],"tags":[],"class_list":["post-513","post","type-post","status-publish","format-standard","hentry","category-antraege-und-anfragen"],"_links":{"self":[{"href":"https:\/\/www.gruene-mkk.de\/cs\/wp-json\/wp\/v2\/posts\/513","targetHints":{"allow":["GET"]}}],"collection":[{"href":"https:\/\/www.gruene-mkk.de\/cs\/wp-json\/wp\/v2\/posts"}],"about":[{"href":"https:\/\/www.gruene-mkk.de\/cs\/wp-json\/wp\/v2\/types\/post"}],"author":[{"embeddable":true,"href":"https:\/\/www.gruene-mkk.de\/cs\/wp-json\/wp\/v2\/users\/2"}],"replies":[{"embeddable":true,"href":"https:\/\/www.gruene-mkk.de\/cs\/wp-json\/wp\/v2\/comments?post=513"}],"version-history":[{"count":1,"href":"https:\/\/www.gruene-mkk.de\/cs\/wp-json\/wp\/v2\/posts\/513\/revisions"}],"predecessor-version":[{"id":514,"href":"https:\/\/www.gruene-mkk.de\/cs\/wp-json\/wp\/v2\/posts\/513\/revisions\/514"}],"wp:attachment":[{"href":"https:\/\/www.gruene-mkk.de\/cs\/wp-json\/wp\/v2\/media?parent=513"}],"wp:term":[{"taxonomy":"category","embeddable":true,"href":"https:\/\/www.gruene-mkk.de\/cs\/wp-json\/wp\/v2\/categories?post=513"},{"taxonomy":"post_tag","embeddable":true,"href":"https:\/\/www.gruene-mkk.de\/cs\/wp-json\/wp\/v2\/tags?post=513"}],"curies":[{"name":"wp","href":"https:\/\/api.w.org\/{rel}","templated":true}]}}