{"id":508,"date":"2021-09-06T13:59:00","date_gmt":"2021-09-06T11:59:00","guid":{"rendered":"https:\/\/www.alles-bleibt-anders.org\/?p=508"},"modified":"2021-11-24T14:02:13","modified_gmt":"2021-11-24T13:02:13","slug":"antrag-mkk-soll-sicherer-hafen-werden","status":"publish","type":"post","link":"https:\/\/www.gruene-mkk.de\/cs\/antrag-mkk-soll-sicherer-hafen-werden\/","title":{"rendered":"\u017d\u00e1dost: MKK se stane bezpe\u010dn\u00fdm p\u0159\u00edstavem"},"content":{"rendered":"<p><strong>Okresn\u00ed rada rozhodne:&nbsp;&nbsp;&nbsp;&nbsp;&nbsp; &nbsp;&nbsp;&nbsp;&nbsp;&nbsp;<\/strong><\/p>\n\n\n\n<p>1. Oblast Main-Kinzig se prohla\u0161uje za \u201ebezpe\u010dn\u00e9 \u00fato\u010di\u0161t\u011b\u201c a znovu potvrzuje svou solidaritu s lidmi na \u00fat\u011bku.<\/p>\n\n\n\n<p>2. Main-Kinzig-Kreis je odhodl\u00e1na prov\u00e1d\u011bt osm po\u017eadavk\u016f iniciativy \u201eN\u00e1mo\u0159n\u00ed most \u2013 vytvo\u0159en\u00ed bezpe\u010dn\u00fdch p\u0159\u00edstav\u016f\u201c. Za t\u00edmto \u00fa\u010delem skupina kontaktuje iniciativu, aby projednala zp\u016fsoby, jak po\u017eadavky realizovat.<\/p>\n\n\n\n<p><strong>D\u016fvodov\u00e1 zpr\u00e1va:<\/strong><\/p>\n\n\n\n<p>Ned\u00e1vn\u00e9 ud\u00e1losti v Afgh\u00e1nist\u00e1nu ukazuj\u00ed, jak d\u016fle\u017eit\u00e9 je p\u0159ij\u00edm\u00e1n\u00ed uprchl\u00edk\u016f. Zat\u00edmco st\u00e1ty, jako jsou USA, byly schopny evakuovat mnoho lid\u00ed, N\u011bmecko se br\u00e1nilo prost\u0159ednictv\u00edm sv\u00e9 vlastn\u00ed byrokracie a vedouc\u00ed p\u0159edstavitel\u00e9 zd\u016fraznili, \u201e\u017ee rok 2015 se nesm\u00ed opakovat\u201c. Nemysleli humanit\u00e1rn\u00ed katastrofy, ale uprchl\u00edky, kte\u0159\u00ed hledali ochranu v N\u011bmecku.<\/p>\n\n\n\n<p>Vyvlastn\u011bn\u00ed nen\u00ed legitimn\u00edm politick\u00fdm prost\u0159edkem v dob\u011b nouze. Okres proto mus\u00ed souhlasit s t\u00edm, \u017ee dobrovoln\u011b p\u0159ijme obzvl\u00e1\u0161t\u011b zraniteln\u00e9 osoby a prohl\u00e1s\u00ed okres za \u201ebezpe\u010dn\u00e9 \u00fato\u010di\u0161t\u011b\u201c, jak ji\u017e u\u010dinilo 267 obc\u00ed a okres\u016f (k 25. srpnu 2021).<\/p>\n\n\n\n<p>Oblast Main-Kinzig m\u011bla p\u0159\u00edle\u017eitost st\u00e1t se \u201ebezpe\u010dn\u00fdm p\u0159\u00edstavem\u201c ji\u017e v roce 2019. Odpov\u00eddaj\u00edc\u00ed n\u00e1vrh levice a Zelen\u00fdch byl zam\u00edtnut SPD a CDU a m\u00edsto toho byl p\u0159ijat pozm\u011b\u0148ovac\u00ed n\u00e1vrh. V n\u011bm se kruh zav\u00e1zal k pr\u00e1vn\u00ed a humanit\u00e1rn\u00ed povinnosti p\u0159ij\u00edmat uprchl\u00edky. Pokud se Velk\u00e1 koalice c\u00edt\u00ed v\u00e1z\u00e1na t\u00edmto pozm\u011b\u0148ovac\u00edm n\u00e1vrhem kv\u016fli humanit\u00e1rn\u00ed katastrof\u011b v Afgh\u00e1nist\u00e1nu, mus\u00ed se nyn\u00ed zav\u00e1zat, \u017ee p\u0159ijme zraniteln\u00e9 osoby, a proto prohl\u00e1s\u00ed okres Main-Kinzig za bezpe\u010dn\u00e9 \u00fato\u010di\u0161t\u011b.<\/p>\n\n\n\n<p>Humanit\u00e1rn\u00ed katastrofa, k n\u00ed\u017e v sou\u010dasn\u00e9 dob\u011b doch\u00e1z\u00ed v Afgh\u00e1nist\u00e1nu, se ji\u017e \u0159adu let odehr\u00e1v\u00e1 tak\u00e9 na evropsk\u00e9 vn\u011bj\u0161\u00ed hranici. Na \u00fat\u011bku p\u0159ed hladem a v\u00e1lkou lid\u00e9 \u010dasto cestuj\u00ed stovky kilometr\u016f po St\u0159edozemn\u00edm mo\u0159i v jednoduch\u00fdch nafukovac\u00edch \u010dlunech. P\u0159itom se \u010dasto ocitaj\u00ed v t\u00edsni na mo\u0159i a jsou z\u00e1visl\u00ed na z\u00e1chran\u011b soukrom\u00fdch n\u00e1mo\u0159n\u00edch z\u00e1chran\u00e1\u0159\u016f, proto\u017ee je evropsk\u00e9 st\u00e1ty nezachra\u0148uj\u00ed. Od roku 2014 se p\u0159i \u00fat\u011bku ze St\u0159edozemn\u00edho mo\u0159e utopilo odhadem 21 800 lid\u00ed.<\/p>\n\n\n\n<p>Pokud \u00fat\u011bk p\u0159esto usp\u011bje, mnoz\u00ed mus\u00ed \u017e\u00edt v deten\u010dn\u00edch t\u00e1borech v nep\u0159im\u011b\u0159en\u00fdch hygienick\u00fdch podm\u00ednk\u00e1ch a bez odpov\u00eddaj\u00edc\u00ed z\u00e1kladn\u00ed p\u00e9\u010de. P\u0159\u00edkladem jsou t\u00e1bory na Malt\u011b a na Lesbosu.<\/p>\n\n\n\n<p>P\u0159esto\u017ee si \u010dlensk\u00e9 st\u00e1ty EU jsou ji\u017e dlouho v\u011bdomy situace v uprchlick\u00fdch t\u00e1borech na vn\u011bj\u0161\u00edch hranic\u00edch, podm\u00ednky v t\u011bchto t\u00e1borech jsou i nad\u00e1le katastrof\u00e1ln\u00ed. Chyb\u00ed elekt\u0159ina, tekouc\u00ed voda a p\u0159\u00edst\u0159e\u0161\u00ed vhodn\u00e9 pro vhodn\u00e9 pov\u011btrnostn\u00ed podm\u00ednky. Pro d\u011bti, kter\u00e9 mus\u00ed \u017e\u00edt v t\u00e1borech, obvykle nen\u00ed zp\u016fsob, jak j\u00edt do \u0161koly.<\/p>\n\n\n\n<p>\u00dadaje z lo\u0148sk\u00e9ho roku a ze za\u010d\u00e1tku roku 2021 ukazuj\u00ed, \u017ee obyvatel\u00e9 uprchlick\u00fdch t\u00e1bor\u016f jsou tak\u00e9 \u010dasto vystaveni koronaviru, kter\u00fd se v d\u016fsledku prostorov\u00e9 z\u00fa\u017een\u00ed a \u0161patn\u00fdch hygienick\u00fdch podm\u00ednek siln\u011b \u0161\u00ed\u0159\u00ed.<\/p>\n\n\n\n<p>Iniciativa Bezpe\u010dn\u00e9 p\u0159\u00edstavy vyjad\u0159uje solidaritu s lidmi na \u00fat\u011bku, obhajuje bezpe\u010dn\u00e9 \u00fanikov\u00e9 cesty a jej\u00edm c\u00edlem je zajistit, aby uprchl\u00edci p\u0159ich\u00e1zeli do N\u011bmecka a z\u016fst\u00e1vali v n\u011bm.<\/p>\n\n\n\n<p>P\u0159istoupen\u00ed kruhu k t\u00e9to iniciativ\u011b by bylo d\u016fle\u017eit\u00fdm znamen\u00edm solidarity. Kruh se z\u00e1rove\u0148 zavazuje prov\u00e9st osm p\u0159\u00edslu\u0161n\u00fdch po\u017eadavk\u016f iniciativy a pravideln\u011b aktualizovat pokrok na internetov\u00fdch str\u00e1nk\u00e1ch iniciativy (https:\/\/seebruecke.org\/sichere-haefen\/haefen).<\/p>\n\n\n\n<p>Po\u017eadavky iniciativy:<\/p>\n\n\n\n<p>\u2013 Ve\u0159ejn\u00e9 prohl\u00e1\u0161en\u00ed o solidarit\u011b<\/p>\n\n\n\n<p>\u2013 Aktivn\u00ed podpora z\u00e1chrany na mo\u0159i<\/p>\n\n\n\n<p>\u2013 Zahrnut\u00ed nad r\u00e1mec kv\u00f3ty<\/p>\n\n\n\n<p>\u2013 Podpora p\u0159ij\u00edmac\u00edch program\u016f<\/p>\n\n\n\n<p>\u2013 Zaji\u0161t\u011bn\u00ed m\u00edstn\u00edch p\u0159\u00edjezd\u016f<\/p>\n\n\n\n<p>\u2013 Vytv\u00e1\u0159en\u00ed vnitrost\u00e1tn\u00edch a evropsk\u00fdch s\u00edt\u00ed<\/p>\n\n\n\n<p>\u2013 Aliance bezpe\u010dn\u00fdch p\u0159\u00edstav\u016f<\/p>\n\n\n\n<p>Transparentnost<\/p>\n\n\n\n<p>Za \u00fa\u010delem dosa\u017een\u00ed t\u011bchto c\u00edl\u016f se kruh spoj\u00ed s iniciativou, aby spole\u010dn\u011b diskutovali o mo\u017enostech.<\/p>","protected":false},"excerpt":{"rendered":"<p>Okresn\u00ed rada rozhodne:\u00a0\u00a0\u00a0\u00a0\u00a0 \u00a0\u00a0\u00a0\u00a0\u00a0 1. Oblast Main-Kinzig se prohla\u0161uje za \u201ebezpe\u010dn\u00e9 \u00fato\u010di\u0161t\u011b\u201c a znovu potvrzuje svou solidaritu s lidmi na \u00fat\u011bku. 2. Main-Kinzig-Kreis je odhodl\u00e1n splnit osm po\u017eadavk\u016f [...]<\/p>","protected":false},"author":-1,"featured_media":0,"comment_status":"open","ping_status":"open","sticky":false,"template":"","format":"standard","meta":{"footnotes":""},"categories":[9],"tags":[],"class_list":["post-508","post","type-post","status-publish","format-standard","hentry","category-antraege-und-anfragen"],"_links":{"self":[{"href":"https:\/\/www.gruene-mkk.de\/cs\/wp-json\/wp\/v2\/posts\/508","targetHints":{"allow":["GET"]}}],"collection":[{"href":"https:\/\/www.gruene-mkk.de\/cs\/wp-json\/wp\/v2\/posts"}],"about":[{"href":"https:\/\/www.gruene-mkk.de\/cs\/wp-json\/wp\/v2\/types\/post"}],"author":[{"embeddable":true,"href":"https:\/\/www.gruene-mkk.de\/cs\/wp-json\/wp\/v2\/users\/2"}],"replies":[{"embeddable":true,"href":"https:\/\/www.gruene-mkk.de\/cs\/wp-json\/wp\/v2\/comments?post=508"}],"version-history":[{"count":1,"href":"https:\/\/www.gruene-mkk.de\/cs\/wp-json\/wp\/v2\/posts\/508\/revisions"}],"predecessor-version":[{"id":510,"href":"https:\/\/www.gruene-mkk.de\/cs\/wp-json\/wp\/v2\/posts\/508\/revisions\/510"}],"wp:attachment":[{"href":"https:\/\/www.gruene-mkk.de\/cs\/wp-json\/wp\/v2\/media?parent=508"}],"wp:term":[{"taxonomy":"category","embeddable":true,"href":"https:\/\/www.gruene-mkk.de\/cs\/wp-json\/wp\/v2\/categories?post=508"},{"taxonomy":"post_tag","embeddable":true,"href":"https:\/\/www.gruene-mkk.de\/cs\/wp-json\/wp\/v2\/tags?post=508"}],"curies":[{"name":"wp","href":"https:\/\/api.w.org\/{rel}","templated":true}]}}