{"id":505,"date":"2021-08-31T13:56:00","date_gmt":"2021-08-31T11:56:00","guid":{"rendered":"https:\/\/www.alles-bleibt-anders.org\/?p=505"},"modified":"2021-11-24T13:59:27","modified_gmt":"2021-11-24T12:59:27","slug":"anfrage-zum-hochwasserschutz","status":"publish","type":"post","link":"https:\/\/www.gruene-mkk.de\/cs\/anfrage-zum-hochwasserschutz\/","title":{"rendered":"\u017d\u00e1dost o protipovod\u0148ovou ochranu"},"content":{"rendered":"<p><strong>P\u0159edm\u011bt ot\u00e1zky:<\/strong><\/p>\n\n\n\n<p>Na za\u010d\u00e1tku roku byly zaplaveny \u010d\u00e1sti okresu, nap\u0159\u00edklad v Nidderau. V \u010dervenci zahynulo p\u0159i povod\u0148ov\u00e9 katastrof\u011b v Por\u00fdn\u00ed-Falci a Severn\u00edm Por\u00fdn\u00ed-Vestf\u00e1lsku v\u00edce ne\u017e 180 lid\u00ed. Lze p\u0159edpokl\u00e1dat, \u017ee extr\u00e9mn\u00ed pov\u011btrnostn\u00ed podm\u00ednky se budou nad\u00e1le zvy\u0161ovat. Proto je d\u016fle\u017eit\u00e9, aby v okrese fungovala protipovod\u0148ov\u00e1 ochrana.<strong>&nbsp;&nbsp;&nbsp;<\/strong><\/p>\n\n\n\n<p><strong>Ot\u00e1zky:<\/strong><\/p>\n\n\n\n<p><strong>Pl\u00e1nuje se p\u0159ezkum stanoven\u00fdch nebo nedefinovan\u00fdch povod\u0148ov\u00fdch z\u00f3n nebo roz\u0161\u00ed\u0159en\u00ed stanoven\u00fdch oblast\u00ed v d\u016fsledku ned\u00e1vn\u00fdch povodn\u00ed, aby se zabr\u00e1nilo tomu, \u017ee oblasti, kter\u00e9 nebyly specifikov\u00e1ny p\u0159i velk\u00fdch povodn\u00edch, budou obzvl\u00e1\u0161t\u011b zasa\u017eeny z d\u016fvodu nedostate\u010dn\u00fdch ochrann\u00fdch opat\u0159en\u00ed (nap\u0159. v p\u0159\u00edpad\u011b HQ100 nebo v p\u0159\u00edpad\u011b extr\u00e9mn\u00edch povodn\u00ed obrovsk\u00fdm mno\u017estv\u00edm de\u0161\u0165\u016f v kr\u00e1tk\u00e9m \u010dasov\u00e9m obdob\u00ed p\u0159esahuj\u00edc\u00edm HQ100)?<\/strong><\/p>\n\n\n\n<p><strong>Odpov\u011b\u010f:<\/strong>&nbsp;Z\u00e1plavov\u00e1 \u00fazem\u00ed jsou pr\u016fb\u011b\u017en\u011b p\u0159ezkoum\u00e1v\u00e1na p\u0159\u00edslu\u0161n\u00fdm horn\u00edm vodohospod\u00e1\u0159sk\u00fdm \u00fa\u0159adem na \u00fa\u0159adech st\u00e1tn\u00ed spr\u00e1vy. V r\u00e1mci \u0159\u00edzen\u00ed povod\u0148ov\u00fdch rizik jsou vypracov\u00e1ny mapy nebezpe\u010d\u00ed a rizik, kter\u00e9 tak\u00e9 mapuj\u00ed extr\u00e9mn\u00ed povodn\u011b.<\/p>\n\n\n\n<p><strong>2. Jak daleko jsou pl\u00e1ny pro soln\u00e9 a k\u0159ehk\u00e9 reten\u010dn\u00ed n\u00e1dr\u017ee?<\/strong><\/p>\n\n\n\n<p><strong><em>HRB Bad Soden \/ s\u016fl<\/em><\/strong><\/p>\n\n\n\n<p>V souladu s usnesen\u00edm ze zased\u00e1n\u00ed sdru\u017een\u00ed ze dne 2. kv\u011btna 2013 m\u00e1 povod\u00ed zadr\u017eov\u00e1n\u00ed povodn\u00ed v Bad Soden\/Salz nejvy\u0161\u0161\u00ed prioritu.<\/p>\n\n\n\n<p>V r\u00e1mci ob\u010dansk\u00e9ho shrom\u00e1\u017ed\u011bn\u00ed v Bad Soden-Salm\u00fcnsteru dne 7. b\u0159ezna 2017 souhlasilo hesensk\u00e9 ministerstvo pro \u017eivotn\u00ed prost\u0159ed\u00ed, ochranu klimatu, zem\u011bd\u011blstv\u00ed a ochranu spot\u0159ebitele (HMUKLV) se samostatn\u00fdm m\u011b\u0159ic\u00edm programem, kter\u00fd m\u00e1 prok\u00e1zat stabilitu stalet\u00e9ho sesuvu p\u016fdy, proto\u017ee schvalovac\u00ed a specializovan\u00e9 org\u00e1ny zem\u011b zpochybnily, zda m\u016f\u017ee b\u00fdt schv\u00e1len od dokon\u010den\u00ed p\u0159edb\u011b\u017en\u00e9ho pl\u00e1nov\u00e1n\u00ed v roce 2013. Shrom\u00e1\u017ed\u011bn\u00ed sdru\u017een\u00ed dne 29. b\u0159ezna 2017 rozhodlo o poskytnut\u00ed finan\u010dn\u00edch prost\u0159edk\u016f. V souladu s rozhodnut\u00edm org\u00e1n\u016f sdru\u017een\u00ed pokra\u010dovaly pl\u00e1novac\u00ed slu\u017eby. Servisn\u00ed f\u00e1ze 3 a 4 (pl\u00e1nov\u00e1n\u00ed n\u00e1vrhu a schv\u00e1len\u00ed) byly zad\u00e1ny po schv\u00e1len\u00ed pl\u00e1nov\u00e1n\u00ed. Od t\u00e9 doby byly vypracov\u00e1ny specifikace pro konstruk\u010dn\u00ed n\u00e1vrh a technick\u00e9 vybaven\u00ed. Slu\u017eby environment\u00e1ln\u00edho pl\u00e1nov\u00e1n\u00ed byly zah\u00e1jeny podle pl\u00e1nu a rozsah mapov\u00e1n\u00ed byl koordinov\u00e1n s RPU. Regierungspr\u00e4sidium Abteilung IV \u2013 Arbeitsschutz und Umwelt Frankfurt (RPU) byl p\u0159edlo\u017een k posouzen\u00ed orienta\u010dn\u00ed dokument.<\/p>\n\n\n\n<p>Lh\u016fta pro \u0159e\u0161en\u00ed probl\u00e9mu sesuv\u016f p\u016fdy, kter\u00e1 je z\u00e1sadn\u00ed pro dal\u0161\u00ed pl\u00e1nov\u00e1n\u00ed, a zejm\u00e9na pro pl\u00e1nov\u00e1n\u00ed v oblasti \u017eivotn\u00edho prost\u0159ed\u00ed, byla stanovena Wasserverband Kinzig (WVK) a in\u017een\u00fdrskou kancel\u00e1\u0159\u00ed pov\u011b\u0159enou v\u00fd\u0161e proveden\u00fdmi \u0161et\u0159en\u00edmi a prob\u011bhla dne 4. dubna 2019 u schvalovac\u00edho org\u00e1nu (RP Darmstadt) a st\u00e1tn\u00edho technick\u00e9ho org\u00e1nu (HLNUG). M\u011b\u0159en\u00ed a hodnocen\u00ed budou pokra\u010dovat do konce roku 2021. St\u00e1le \u010dek\u00e1me na kladn\u00e9 rozhodnut\u00ed ze strany RP a HLNUG.<\/p>\n\n\n\n<p><strong>Rozsah a pr\u016fb\u011bh zkou\u0161ky:<\/strong><\/p>\n\n\n\n<p>Po konzultaci s p\u0159\u00edslu\u0161n\u00fdmi org\u00e1ny byl proveden vrt pro t\u0159i m\u011b\u0159en\u00ed sklonu a t\u0159i m\u011b\u0159ic\u00ed body podzemn\u00edch vod. Krom\u011b toho je zahrnut geodetick\u00fd monitorovac\u00ed program sest\u00e1vaj\u00edc\u00ed z 30 m\u011b\u0159ic\u00edch bod\u016f.<\/p>\n\n\n\n<p>M\u011b\u0159en\u00ed sklonu se m\u011b\u0159\u00ed \u010dtvrtletn\u011b, body m\u011b\u0159en\u00ed podzemn\u00edch vod m\u011bs\u00ed\u010dn\u011b a geodetick\u00e9 body m\u011b\u0159en\u00ed dvakr\u00e1t ro\u010dn\u011b. Rozsah projektu zahrnuje tak\u00e9 laboratorn\u00ed testy a shrnut\u00ed v\u0161ech v\u00fdsledk\u016f ve zpr\u00e1v\u011b.<\/p>\n\n\n\n<p>P\u0159edchoz\u00ed pr\u016fzkumn\u00e9 pr\u00e1ce a vrt\u00e1n\u00ed byly dokon\u010deny v obdob\u00ed od \u00fanora do srpna 2018. Na doporu\u010den\u00ed HLNUG musel b\u00fdt krom\u011b p\u0159edem pl\u00e1novan\u00e9ho vrt\u00e1n\u00ed proveden dal\u0161\u00ed vrt pro m\u011b\u0159ic\u00ed bod podzemn\u00ed vody.<\/p>\n\n\n\n<p>Z vyhodnocen\u00ed v\u00fdsledk\u016f m\u011b\u0159en\u00ed vypl\u00fdv\u00e1, \u017ee od za\u010d\u00e1tku m\u011b\u0159en\u00ed nebyl pohyb sklonu patrn\u00fd. Pl\u00e1novan\u00e1 \u0161et\u0159en\u00ed pokra\u010dovala i v roce 2020 a potvrdila dosud zji\u0161t\u011bn\u00e9 v\u00fdsledky. Pohyby sklonu nejsou z pohledu projektov\u00e9ho regul\u00e1toru zjistiteln\u00e9.<\/p>\n\n\n\n<p>HLNUG interpretoval pohyby jako creepov\u00e9 deformace a d\u00e1le navrhl zkr\u00e1cen\u00ed intervalu m\u011b\u0159en\u00ed podzemn\u00edch vod a m\u011b\u0159en\u00ed sklonom\u011br\u016f po siln\u00fdch a nep\u0159etr\u017eit\u00fdch sr\u00e1\u017ek\u00e1ch (tak\u00e9 sn\u011bhov\u00e1 t\u00e1n\u00ed) datov\u00fdmi z\u00e1znamn\u00edky, jako\u017e i z\u00e1znam \u00fadaj\u016f o sr\u00e1\u017ek\u00e1ch p\u0159\u00edmo ve zkouman\u00e9 oblasti (nap\u0159. pomoc\u00ed meteorologick\u00e9 stanice).<\/p>\n\n\n\n<p>V d\u016fsledku toho bylo specializovan\u00e9 kancel\u00e1\u0159i doporu\u010deno, aby na z\u00e1klad\u011b ji\u017e dostupn\u00fdch informac\u00ed a v\u00fdpo\u010dt\u016f stability napl\u00e1novala mo\u017en\u00e1 technick\u00e1 bezpe\u010dnostn\u00ed opat\u0159en\u00ed a instalovala je s uveden\u00edm povod\u00ed do provozu. M\u011bl by b\u00fdt rovn\u011b\u017e vypracov\u00e1n v\u00fdstra\u017en\u00fd a popla\u0161n\u00fd pl\u00e1n obsahuj\u00edc\u00ed tato opat\u0159en\u00ed na ochranu svahu jako \u201epl\u00e1n B\u201c. Nezbytn\u00e1 definice krit\u00e9ri\u00ed pro v\u00fdpo\u010det stability byla provedena v koordinaci s HLNUG v prvn\u00edm \u010dtvrtlet\u00ed roku 2020. V\u00fdsledky v\u00fdpo\u010dtu byly p\u0159edlo\u017eeny v \u0159\u00edjnu 2020. V pr\u016fb\u011bhu roku 2020 byla r\u016fzn\u00e1 stanoviska HLNUG znovu sd\u011blena. Na rozd\u00edl od geolog\u016f a geotechnik\u016f specializovan\u00e9 kancel\u00e1\u0159e odpov\u011bdn\u00fd zpracovatel v HLNUG st\u00e1le vid\u00ed riziko sklouznut\u00ed svahu. Ve \u010dtvrt\u00e9m \u010dtvrtlet\u00ed roku 2020 bylo napl\u00e1nov\u00e1no jmenov\u00e1n\u00ed skupiny na vysok\u00e9 \u00farovni s c\u00edlem projednat obavy skupiny na vysok\u00e9 \u00farovni v kone\u010dn\u00e9m zn\u011bn\u00ed a dos\u00e1hnout technick\u00e9ho a ekonomick\u00e9ho \u0159e\u0161en\u00ed. Toto datum se kv\u016fli pandemii neuskute\u010dnilo.<\/p>\n\n\n\n<p>Po povodn\u00edch v lednu 2021 bylo provedeno dopl\u0148kov\u00e9 m\u011b\u0159en\u00ed a posouzen\u00ed. Na z\u00e1klad\u011b toho byla v posledn\u00ed zpr\u00e1v\u011b o stavu ze dne 19. b\u0159ezna 2021 zji\u0161t\u011bna velmi pomal\u00e1 creepov\u00e1 deformace, kter\u00e1 mohla b\u00fdt zp\u016fsobena povodn\u011bmi. Z pohledu odborn\u00edka nen\u00ed aktivn\u00ed pohyb skluzu st\u00e1le rozeznateln\u00fd. Realizace HRB by byla mo\u017en\u00e1 v\u00fdstavbou reli\u00e9fn\u00edho odvodn\u011bn\u00ed svahu pomoc\u00ed odvod\u0148ovac\u00edch p\u0159\u00edkop\u016f ve spojen\u00ed s dal\u0161\u00edm pozorov\u00e1n\u00edm.<\/p>\n\n\n\n<p>Podle po\u010d\u00e1te\u010dn\u00edho posouzen\u00ed \u010din\u00ed hrub\u00e9 n\u00e1klady na opat\u0159en\u00ed na ochranu svahu (pl\u00e1n B) v z\u00e1vislosti na variant\u011b ochrany 1,2 a\u017e 4,8 milionu EUR. Alternativn\u011b je k dispozici mapa HLNUG pro dal\u0161\u00ed um\u00edst\u011bn\u00ed na soli.<\/p>\n\n\n\n<p>Sdru\u017een\u00ed pro vodu v Kinzigu usiluje o z\u00e1v\u011bre\u010dnou konzultaci k tomuto t\u00e9matu nejpozd\u011bji ve \u010dtvrt\u00e9m \u010dtvrtlet\u00ed roku 2021. To by m\u011blo b\u00fdt pou\u017eito v souvislosti s kone\u010dn\u00fdm rozhodnut\u00edm o obecn\u00fdch opat\u0159en\u00edch navazuj\u00edc\u00edch na projekt.<\/p>\n\n\n\n<p>Dal\u0161\u00ed pl\u00e1nov\u00e1n\u00ed objednan\u00fdch kancel\u00e1\u0159\u00ed bylo proto zpo\u010d\u00e1tku p\u0159eru\u0161eno vz\u00e1jemnou dohodou. Spole\u010dnosti Kinzig Water Association nevznikaj\u00ed \u017e\u00e1dn\u00e9 dodate\u010dn\u00e9 n\u00e1klady. Po kone\u010dn\u00e9m rozhodnut\u00ed technick\u00e9ho dohl\u00ed\u017eitele RP mohou b\u00fdt obnoveny.<\/p>\n\n\n\n<p><strong><em>HRB Weilers \/ Bracht<\/em><\/strong><\/p>\n\n\n\n<p>Podle usnesen\u00ed ze sch\u016fze sdru\u017een\u00ed ze dne 2. kv\u011btna 2013 m\u00e1 povod\u00ed zadr\u017eov\u00e1n\u00ed povodn\u00ed Weilers\/Bracht druhou nejvy\u0161\u0161\u00ed prioritu po povod\u00ed zadr\u017eov\u00e1n\u00ed povodn\u00ed Bad Soden\/Salz.<\/p>\n\n\n\n<p>Prov\u00e1d\u011bn\u00ed pl\u00e1novac\u00edch slu\u017eeb pro toto povod\u00ed zadr\u017eov\u00e1n\u00ed povodn\u00ed bylo zah\u00e1jeno v srpnu 2015. Na \u010dty\u0159ech stavebn\u00edch sch\u016fzk\u00e1ch po zah\u00e1jen\u00ed projektu a ofici\u00e1ln\u00edm jmenov\u00e1n\u00ed byl p\u0159edstaven a vysv\u011btlen pokrok v pl\u00e1nov\u00e1n\u00ed. V z\u00e1\u0159\u00ed 2016 byla z\u00e1v\u011bre\u010dn\u00e1 zpr\u00e1va o v\u00fdsledc\u00edch p\u0159edb\u011b\u017en\u00e9ho pl\u00e1nov\u00e1n\u00ed p\u0159ed\u00e1na Regierungspr\u00e4sidium Division IV - Occupational Safety and Environment Frankfurt (RPU). Podle \u00fa\u0159adu by posouzen\u00ed v\u00fdsledk\u016f \u0161et\u0159en\u00ed m\u011blo b\u00fdt dokon\u010deno v prosinci 2016. Dne 22. b\u0159ezna 2017 zaslala RPU p\u0159ipom\u00ednky WVK e-mailem. D\u016fvody pro vylou\u010den\u00ed, kter\u00e9 znemo\u017e\u0148uj\u00ed pokra\u010dovat v pl\u00e1nov\u00e1n\u00ed, nebyly zji\u0161t\u011bny.<\/p>\n\n\n\n<p>V n\u00e1vaznosti na sch\u016fzku, kter\u00e1 se konala dne 8. z\u00e1\u0159\u00ed 2017 v RPU, bylo d\u00e1le uvedeno, \u017ee i s ohledem na Podzemn\u00ed voda \/ oblast ochrany vody \/ t\u011b\u017eba pitn\u00e9 vody nejsou v m\u00edst\u011b \u017e\u00e1dn\u00e9 d\u016fvody pro vylou\u010den\u00ed.<\/p>\n\n\n\n<p>V prosinci 2018 byly na z\u00e1klad\u011b v\u00fdzvy k pod\u00e1v\u00e1n\u00ed nab\u00eddek, kter\u00e1 byla v souladu s pr\u00e1vn\u00edmi p\u0159edpisy, zad\u00e1ny dal\u0161\u00ed slu\u017eby projektov\u00e9ho \u0159\u00edzen\u00ed. V\u00fdzva k pod\u00e1v\u00e1n\u00ed nab\u00eddek na in\u017een\u00fdrsk\u00e9 slu\u017eby byla rozd\u011blena na \u010d\u00e1st 1 \u201ePl\u00e1nov\u00e1n\u00ed nemovitost\u00ed\u201c, \u010d\u00e1st 2 \u201eStruktur\u00e1ln\u00ed pl\u00e1nov\u00e1n\u00ed\u201c, \u010d\u00e1st 3 \u201eTechnick\u00e9 vybaven\u00ed\u201c a \u010d\u00e1st 4 \u201eSlu\u017eby environment\u00e1ln\u00edho pl\u00e1nov\u00e1n\u00ed\u201c a na jej\u00edm z\u00e1klad\u011b byla v prosinci 2019 uzav\u0159ena smlouva. Ten osm\u00fd. Pl\u00e1novan\u00e9 datum stanoven\u00ed rozsahu v B\u00fcrgerhaus W\u00e4chtersbach v prosinci 2020 muselo b\u00fdt zru\u0161eno z d\u016fvodu omezen\u00ed vypl\u00fdvaj\u00edc\u00edch z pandemie COVID-19.<\/p>\n\n\n\n<p>RPU Frankfurt pot\u00e9 provedla dvouf\u00e1zov\u00fd p\u00edsemn\u00fd postup. Pot\u00e9, co RPU zaslala org\u00e1n\u016fm dokumenty, byla prvn\u00ed f\u00e1ze dokon\u010dena s lh\u016ftou 4. prosince 2020 mo\u017enost formulovat ot\u00e1zky org\u00e1n\u016f t\u00fdkaj\u00edc\u00ed se dokumentu o rozsahu p\u016fsobnosti. Po jejich odpov\u011bdi ze strany WVK byly obdr\u017eeny p\u00edsemn\u00e9 p\u0159ipom\u00ednky, kter\u00e9 zhodnotili kontrolo\u0159i projekt\u016f, a s dodavateli bylo dohodnuto jejich zv\u00e1\u017een\u00ed dal\u0161\u00edho pl\u00e1nov\u00e1n\u00ed.<\/p>\n\n\n\n<p>St\u00e1le nevy\u0159e\u0161en\u00e9 ot\u00e1zky t\u00fdkaj\u00edc\u00ed se oblasti p\u016fsobnosti a vymezen\u00ed specializovan\u00e9ho \u010dl\u00e1nku R\u00e1mcov\u00e1 sm\u011brnice o vod\u011b, \u00fa\u010dink\u016f a kompenza\u010dn\u00edch opat\u0159en\u00ed t\u00fdkaj\u00edc\u00edch se oblasti ochrany pitn\u00e9 vody Neuenschmidten S\u00fcd, jako\u017e i koncepce \u0159\u00edzen\u00ed HRB \u2013 zejm\u00e9na funkce a nakl\u00e1d\u00e1n\u00ed se st\u00e1vaj\u00edc\u00ed \u00farovn\u00ed Bracht \u2013 mus\u00ed b\u00fdt v \u0159\u00edjnu 2021 koordinov\u00e1ny s r\u00e1mcov\u00fdm programem pro Darmstadt.<\/p>\n\n\n\n<p>Dal\u0161\u00ed technick\u00e9 pl\u00e1nov\u00e1n\u00ed prob\u00edh\u00e1 v\u010das a je v r\u00e1mci p\u0159edpokl\u00e1dan\u00fdch n\u00e1klad\u016f. P\u0159edpokl\u00e1d\u00e1 se, \u017ee schvalovac\u00ed dokumenty budou p\u0159edlo\u017eeny v pln\u00e9m rozsahu do konce roku 2021, aby mohl b\u00fdt proces schvalov\u00e1n\u00ed zah\u00e1jen v roce 2022.<\/p>\n\n\n\n<p><strong>&nbsp; &nbsp; &nbsp; &nbsp; &nbsp; &nbsp; &nbsp; &nbsp; a. Kdy se o\u010dek\u00e1v\u00e1 dokon\u010den\u00ed?<\/strong><\/p>\n\n\n\n<p><strong><em>HRB Bad Soden \/ s\u016fl:<\/em><\/strong>&nbsp;K dokon\u010den\u00ed m\u016f\u017ee doj\u00edt pouze po kladn\u00e9m rozhodnut\u00ed RP o sesuvu p\u016fdy. Datum tedy nelze z dne\u0161n\u00edho pohledu odvodit.<\/p>\n\n\n\n<p><strong><em>HRB Weilers \/ Bracht<\/em><\/strong><strong>:<\/strong>&nbsp;\u017d\u00e1dost o schv\u00e1len\u00ed pl\u00e1nu je pl\u00e1nov\u00e1na na listopad 2021. Z dne\u0161n\u00edho pohledu bude v\u00fdstavba prob\u00edhat v letech 2024 a\u017e 2026.<\/p>\n\n\n\n<p><strong>&nbsp; &nbsp; &nbsp; &nbsp; &nbsp; &nbsp; &nbsp; &nbsp; b. Jak\u00e9 pr\u00e1ce je je\u0161t\u011b t\u0159eba dokon\u010dit p\u0159ed dokon\u010den\u00edm?<\/strong><\/p>\n\n\n\n<p><strong><em>HRB Bad Soden \/ s\u016fl<\/em><\/strong><strong>:<\/strong>&nbsp;Schv\u00e1len\u00ed mus\u00ed b\u00fdt zaji\u0161t\u011bno kladn\u00fdm rozhodnut\u00edm org\u00e1nu ve v\u011bci sesuvu p\u016fdy. Rozhodnut\u00ed, kter\u00e9 m\u00e1 b\u00fdt p\u0159ijato ve \u010dtvrt\u00e9m \u010dtvrtlet\u00ed roku 2021.<\/p>\n\n\n\n<p><strong><em>HRB Weilers \/ Bracht<\/em><\/strong><strong>:<\/strong>&nbsp;\u017d\u00e1dost o schv\u00e1len\u00ed pl\u00e1nu p\u0159edlo\u017een\u00e1 do konce listopadu 2021 a pot\u00e9 podle dal\u0161\u00edch pl\u00e1novac\u00edch krok\u016f a\u017e do proveden\u00ed.<\/p>\n\n\n\n<p><strong>&nbsp;&nbsp;&nbsp;&nbsp;&nbsp;&nbsp;&nbsp;&nbsp;&nbsp;&nbsp;&nbsp;&nbsp;&nbsp;&nbsp;&nbsp;&nbsp;Kdy kruh o\u010dek\u00e1v\u00e1 dokon\u010den\u00ed?<\/strong><\/p>\n\n\n\n<p>Viz odpov\u011b\u010f na p\u00edsmena a) a b).<\/p>\n\n\n\n<p><strong>3. Povod\u0148ov\u00e1 katastrofa v Ahrweileru posunula st\u00e1vaj\u00edc\u00ed syst\u00e9my varov\u00e1n\u00ed a hl\u00e1\u0161en\u00ed povodn\u00ed na hranice sv\u00fdch mo\u017enost\u00ed. Pl\u00e1nuje se roz\u0161\u00ed\u0159en\u00ed, modernizace a\/nebo zv\u00fd\u0161en\u00ed mo\u017en\u00fdch \u00farovn\u00ed, kter\u00e9 maj\u00ed b\u00fdt uvedeny?<\/strong><\/p>\n\n\n\n<p>Odpov\u011bdnost zde nese Hesensk\u00fd st\u00e1tn\u00ed \u00fa\u0159ad pro ochranu p\u0159\u00edrody, \u017eivotn\u00edho prost\u0159ed\u00ed a geologii.<\/p>\n\n\n\n<p><strong>4. Jak\u00fd je \u0159et\u011bzec hl\u00e1\u0161en\u00ed zvl\u00e1\u0161tn\u00edch povod\u0148ov\u00fdch ud\u00e1lost\u00ed v Main-Kinzig-Kreis?<\/strong><\/p>\n\n\n\n<p>Pro Main, Nidder a Kinzig (s p\u0159\u00edtoky) existuj\u00ed p\u0159edpisy Centr\u00e1ln\u00ed povod\u0148ov\u00e9 slu\u017eby. Horn\u00ed vodohospod\u00e1\u0159sk\u00fd \u00fa\u0159ad Regierungspr\u00e4sidium Darmstadt, odbor bezpe\u010dnosti pr\u00e1ce a \u017eivotn\u00edho prost\u0159ed\u00ed Frankfurt, posuzuje nebezpe\u010dnou situaci na z\u00e1klad\u011b p\u0159edpov\u011bdi po\u010das\u00ed n\u011bmeck\u00e9 meteorologick\u00e9 slu\u017eby, zpr\u00e1v o hladin\u00e1ch a ozn\u00e1men\u00ed ze stanic pro z\u00e1znam sr\u00e1\u017eek. Pro Main a Nidder je kone\u010dn\u00fdm p\u0159\u00edjemcem odbor ochrany vod a p\u016fdy \u00da\u0159adu \u010d. 70 \u2013 nap\u0159. obce, \u017eeleznice, silni\u010dn\u00ed \u00fa\u0159ady, bezpe\u010dnostn\u00ed st\u0159edisko, okresn\u00ed tiskov\u00e1 kancel\u00e1\u0159. V p\u0159\u00edpad\u011b Kinzigu transfer obvykle prov\u00e1d\u00ed Odbor ochrany vod a p\u016fdy \u00da\u0159adu 70 faxem nebo telefonicky mimo obvyklou pracovn\u00ed dobu. V horn\u00ed \u010d\u00e1sti Kinzigu (nad st\u011bnou hr\u00e1ze) odd\u011blen\u00ed nez\u00e1visle poskytuje informace posti\u017een\u00fdm p\u0159\u00edjemc\u016fm, kdy\u017e bylo dosa\u017eeno ur\u010dit\u00e9ho mno\u017estv\u00ed sr\u00e1\u017eek. Krom\u011b toho jsou na internetu k dispozici varov\u00e1n\u00ed p\u0159ed povodn\u011bmi.<\/p>\n\n\n\n<p><strong>5. Rozhodl okres o dal\u0161\u00edch protipovod\u0148ov\u00fdch opat\u0159en\u00edch po povod\u0148ov\u00e9 katastrof\u011b v Ahrweileru?<\/strong><\/p>\n\n\n\n<p><strong>&nbsp;&nbsp;&nbsp;&nbsp;&nbsp;&nbsp;&nbsp;&nbsp;&nbsp;&nbsp;&nbsp;&nbsp;&nbsp;&nbsp;&nbsp;&nbsp;a. Pokud ano, jak\u00e1 opat\u0159en\u00ed byla p\u0159ijata?<\/strong><\/p>\n\n\n\n<p>Ne, nen\u00ed. Pokud dozorov\u00fd \u00fa\u0159ad shled\u00e1 pot\u0159ebu p\u0159izp\u016fsoben\u00ed, m\u016f\u017ee vodohospod\u00e1\u0159sk\u00e9 sdru\u017een\u00ed a\/nebo obce pl\u00e1ny odpov\u00eddaj\u00edc\u00edm zp\u016fsobem upravit.&nbsp;&nbsp;<\/p>\n\n\n\n<p><strong>6. V okrese Main-Kinzig se nach\u00e1zej\u00ed ochrann\u00e9 stavby v Biebergem\u00fcndu, Bruchk\u00f6belu, Gelnhausenu a Hanau.<\/strong><\/p>\n\n\n\n<p><strong>&nbsp;&nbsp;&nbsp;&nbsp;&nbsp;&nbsp;&nbsp;&nbsp;&nbsp;&nbsp;&nbsp;&nbsp;&nbsp;&nbsp;&nbsp;&nbsp;a. Chr\u00e1n\u00ed tyto povodn\u011b v p\u0159\u00edpad\u011b extr\u00e9mn\u00edch povodn\u00ed dostate\u010dn\u011b p\u0159ed obrovsk\u00fdm mno\u017estv\u00edm de\u0161\u0165\u016f v kr\u00e1tk\u00e9m \u010dasov\u00e9m \u00faseku, kter\u00fd p\u0159esahuje HQ100?<\/strong><\/p>\n\n\n\n<p><strong>&nbsp;&nbsp;&nbsp;&nbsp;&nbsp;&nbsp;&nbsp;&nbsp;&nbsp;&nbsp;&nbsp;&nbsp;&nbsp;&nbsp;&nbsp;&nbsp;&nbsp;&nbsp;&nbsp;&nbsp;&nbsp;&nbsp;&nbsp;&nbsp;&nbsp;&nbsp;&nbsp;&nbsp;&nbsp;&nbsp;&nbsp;i. Pokud ne, pl\u00e1nuj\u00ed se tyto ochrann\u00e9 konstrukce roz\u0161\u00ed\u0159it?<\/strong><\/p>\n\n\n\n<p>Obecn\u00ed protipovod\u0148ov\u00e1 ochrana je odpov\u011bdnost\u00ed m\u011bst a obc\u00ed. P\u0159ezkum sou\u010dasn\u00e9ho pl\u00e1nov\u00e1n\u00ed, nap\u0159\u00edklad v souvislosti s ur\u010dit\u00fdmi statistick\u00fdmi ud\u00e1lostmi, jako je extr\u00e9m \u00fast\u0159ed\u00ed, je projedn\u00e1v\u00e1n s org\u00e1nem dohledu. Pokud dozorov\u00fd \u00fa\u0159ad shled\u00e1 pot\u0159ebu p\u0159izp\u016fsoben\u00ed, m\u016f\u017ee vodohospod\u00e1\u0159sk\u00e9 sdru\u017een\u00ed a\/nebo obce pl\u00e1ny odpov\u00eddaj\u00edc\u00edm zp\u016fsobem upravit.<\/p>\n\n\n\n<p><strong>7. Od roku 2006 prov\u00e1d\u00ed sdru\u017een\u00ed Kinzig Water Association st\u00e1tn\u00ed pilotn\u00ed projekt \u201eOchrana p\u0159ed povodn\u011bmi souvisej\u00edc\u00edmi s vodou v Kinzigu\u201c.<\/strong><\/p>\n\n\n\n<p><strong>&nbsp;&nbsp;&nbsp;&nbsp;&nbsp;&nbsp;&nbsp;&nbsp;&nbsp;&nbsp;&nbsp;&nbsp;&nbsp;&nbsp;&nbsp;&nbsp;a. Jak\u00e1 opat\u0159en\u00ed byla od t\u00e9 doby provedena?<\/strong><\/p>\n\n\n\n<p>Krom\u011b pl\u00e1n\u016f pro protipovod\u0148ov\u00e1 povod\u00ed Bad Soden\/Salz a Weilers\/Bracht rozv\u00edj\u00ed sdru\u017een\u00ed Kinzig Water Association tak\u00e9 pl\u00e1ny pro protipovod\u0148ov\u00e1 povod\u00ed Erlensee\/Fallbach. Studie proveditelnosti s geotechnick\u00fdm pr\u016fzkumem up\u0159ednost\u0148ovan\u00e9 lokality by m\u011bla b\u00fdt k dispozici na konci \u0159\u00edjna 2021.<\/p>\n\n\n\n<p><strong>b. Jak\u00e1 opat\u0159en\u00ed se v sou\u010dasn\u00e9 dob\u011b prov\u00e1d\u011bj\u00ed nebo maj\u00ed b\u00fdt provedena v budoucnu?<\/strong><\/p>\n\n\n\n<p><strong>HRB Bad Soden \/ s\u016fl:<\/strong>&nbsp;Zah\u00e1jen\u00ed schvalovac\u00edho \u0159\u00edzen\u00ed je mo\u017en\u00e9 v kr\u00e1tk\u00e9 dob\u011b, pokud dozorov\u00fd \u00fa\u0159ad souhlas\u00ed s pokra\u010dov\u00e1n\u00edm pl\u00e1novan\u00fdch opat\u0159en\u00ed na ochranu svahu.<\/p>\n\n\n\n<p><strong>HRB Weilers\/Bracht:&nbsp;<\/strong>\u017d\u00e1dost o schv\u00e1len\u00ed \u00fazemn\u00edho pl\u00e1nu je napl\u00e1nov\u00e1na na listopad 2021.<\/p>\n\n\n\n<p><strong>HRB Erlensee\/Fallbach:<\/strong>&nbsp;Studie proveditelnosti s geotechnick\u00fdm pr\u016fzkumem up\u0159ednost\u0148ovan\u00e9 lokality je k dispozici p\u0159ibli\u017en\u011b na konci \u0159\u00edjna 2021.<\/p>\n\n\n\n<p><strong>8. Obce mohou za poplatek za ochranu p\u0159edlo\u017eit Hesensk\u00e9mu st\u00e1tn\u00edmu \u00fa\u0159adu pro ochranu p\u0159\u00edrody, \u017eivotn\u00edho prost\u0159ed\u00ed a geologii \u017e\u00e1dost o vypracov\u00e1n\u00ed map tokov\u00fdch drah. Hydrologick\u00e9 anal\u00fdzy rizik jsou prov\u00e1d\u011bny v klimatick\u00fdch obc\u00edch se 100 obyvateli. %, pro ostatn\u00ed obce s 80 % pov\u00fd\u0161en.<\/strong><\/p>\n\n\n\n<p><strong>a. Pl\u00e1nuje se, \u017ee okres podpo\u0159\u00ed obce p\u0159i financov\u00e1n\u00ed, nap\u0159\u00edklad p\u0159evzet\u00edm ochrann\u00e9ho poplatku nebo nezp\u016fsobil\u00fdch zbytkov\u00fdch n\u00e1klad\u016f?<\/strong><\/p>\n\n\n\n<p><strong>b. Kolik obc\u00ed v MKK ji\u017e podalo \u017e\u00e1dost o mapy tokov\u00fdch drah nebo anal\u00fdzy hydrologick\u00fdch rizik?<\/strong><\/p>\n\n\n\n<p>\u00dakolem obecn\u00ed protipovod\u0148ov\u00e9 ochrany je odpov\u011bdnost obc\u00ed.<\/p>\n\n\n\n<p>K a.) Dosud \u017e\u00e1dn\u00e1 obec s touhou po podpo\u0159e nep\u0159i\u0161la do Main-Kinzig-Kreis.<\/p>\n\n\n\n<p>Main-Kinzig-Kreis nem\u00e1 k t\u00e9to ot\u00e1zce \u017e\u00e1dn\u00e9 informace.<\/p>\n\n\n\n<p><strong>9. Aby se zabr\u00e1nilo \u00fa\u010dink\u016fm siln\u00fdch de\u0161\u0165\u016f, je d\u016fle\u017eit\u00e9 udr\u017eovat sr\u00e1\u017eky v oblasti.<\/strong><\/p>\n\n\n\n<p><strong>a. Jak\u00e1 opat\u0159en\u00ed p\u0159ij\u00edm\u00e1 okres Main-Kinzig, aby zabr\u00e1nil erozi, zejm\u00e9na na zem\u011bd\u011blsk\u00e9 p\u016fd\u011b v okrese, nebo aby zlep\u0161il funkce p\u016fdy?<\/strong><\/p>\n\n\n\n<p>Od roku 2012 Main-Kinzig-Kreis \u00fasp\u011b\u0161n\u011b realizuje projekt zem\u011bd\u011blsk\u00e9ho poradenstv\u00ed pro ochranu vod ve smyslu r\u00e1mcov\u00e9 sm\u011brnice o vod\u011b a pro ochranu p\u016fdy s podporou in\u017een\u00fdrsk\u00e9 kancel\u00e1\u0159e. Finan\u010dn\u00ed prost\u0159edky na tuto \u010dinnost poskytuje spolkov\u00e1 zem\u011b Hesensko na z\u00e1klad\u011b smluv s okresem, o nich\u017e rozhoduje okresn\u00ed v\u00fdbor. Sou\u010d\u00e1st\u00ed tohoto projektu je mimo jin\u00e9 konzultace o erozi na \u00farovni jednotliv\u00fdch zem\u011bd\u011blsk\u00fdch podnik\u016f pro oblasti s vysokou prioritou, jako\u017e i na \u00farovni skupin a mezi zem\u011bd\u011blsk\u00fdmi podniky s c\u00edlem zv\u00fd\u0161it pov\u011bdom\u00ed v souvislosti se zem\u011bd\u011blsk\u00fdm \u0159\u00edzen\u00edm. Jako p\u0159\u00edkladn\u00e1 opat\u0159en\u00ed na ochranu proti erozi, kter\u00e1 spole\u010dnosti doporu\u010duj\u00ed a tak\u00e9 prov\u00e1d\u011bj\u00ed, je t\u0159eba uv\u00e9st: Hodnocen\u00ed sou\u010dasn\u00e9ho hospoda\u0159en\u00ed zem\u011bd\u011blsk\u00fdch podnik\u016f s optimaliza\u010dn\u00edmi n\u00e1vrhy, p\u016fdn\u00ed studie, identifikace pot\u0159eby akce, zpracov\u00e1n\u00ed nap\u0159\u00ed\u010d svahem, zakl\u00e1d\u00e1n\u00ed meziplodin tak\u00e9 jako z\u00e1klad pro mul\u010dovac\u00ed osivo se sn\u00ed\u017eenou orbou, instalace ochrann\u00fdch p\u00e1s\u016f proti erozi, \u00fa\u010dast na podp\u016frn\u00fdch opat\u0159en\u00edch souvisej\u00edc\u00edch s eroz\u00ed, tematick\u00e9 n\u00e1v\u0161t\u011bvy v ter\u00e9nu, workshopy.<\/p>\n\n\n\n<p>Ochrana proti erozi tak\u00e9 znamen\u00e1 ochranu p\u016fdy. P\u0159\u00edkladn\u00e1 opat\u0159en\u00ed zachovaj\u00ed funkce p\u016fdy a v kone\u010dn\u00e9m d\u016fsledku je zlep\u0161\u00ed. Doporu\u010den\u00ed t\u00fdkaj\u00edc\u00ed se dob\u0159e promy\u0161len\u00e9ho n\u00e1vrhu st\u0159\u00edd\u00e1n\u00ed plodin, v\u010detn\u011b meziplodin nebo podsemen, orby bez orby a metod p\u0159\u00edm\u00e9ho set\u00ed, hnojen\u00ed obnoviteln\u00fdmi rostlinami a minimalizovan\u00e9 ochrany rostlin, maj\u00ed pozitivn\u00ed vliv na funkce p\u016fdy.<\/p>\n\n\n\n<p>Krom\u011b toho \u00da\u0159ad pro \u017eivotn\u00ed prost\u0159ed\u00ed, ochranu p\u0159\u00edrody a venkovsk\u00e9 oblasti a jeho specializovan\u00e1 odd\u011blen\u00ed zastupuj\u00ed mimo jin\u00e9 z\u00e1jmy ochrany p\u016fdy v \u010detn\u00fdch pl\u00e1novac\u00edch a schvalovac\u00edch postupech.<\/p>\n\n\n\n<p>Preventivn\u00ed ochrana p\u016fdy nad r\u00e1mec opat\u0159en\u00ed, za n\u011b\u017e MKK odpov\u00edd\u00e1 (nap\u0159. postup \u017e\u00e1dosti o v\u00fdstavbu), je odpov\u011bdnost\u00ed \u00da\u0159adu pro ochranu horn\u00edch vrstev p\u016fdy p\u0159i Regierungspr\u00e4sidium Darmstadt, odbor bezpe\u010dnosti pr\u00e1ce a \u017eivotn\u00edho prost\u0159ed\u00ed Frankfurt.<\/p>\n\n\n\n<p><strong>b. na kter\u00fdch vod\u00e1ch v dan\u00e9 oblasti jsou pl\u00e1nov\u00e1na nebo byla v posledn\u00edch deseti letech provedena opat\u0159en\u00ed na obnovu s c\u00edlem vytvo\u0159it c\u00edlen\u00e1 z\u00e1plavov\u00e1 \u00fazem\u00ed?<\/strong><\/p>\n\n\n\n<p>Prakticky ka\u017ed\u00e9 zlep\u0161en\u00ed vodn\u00ed struktury ve smyslu vytvo\u0159en\u00ed t\u00e9m\u011b\u0159 p\u0159irozen\u00e9ho stavu slou\u017e\u00ed alespo\u0148 nep\u0159\u00edmo k ochran\u011b p\u0159ed povodn\u011bmi, nap\u0159\u00edklad prodlou\u017een\u00edm doby pr\u016ftoku. V okrese Main-Kinzig bylo v posledn\u00edch deseti letech schv\u00e1leno 41 opat\u0159en\u00ed na obnovu, 14 opat\u0159en\u00ed podle r\u00e1mcov\u00e9 sm\u011brnice o vod\u011b (nap\u0159. odstran\u011bn\u00ed p\u0159\u00ed\u010dn\u00fdch konstrukc\u00ed) a 6 povod\u00ed pro zadr\u017eov\u00e1n\u00ed povodn\u00ed. Nezahrnuj\u00ed se reten\u010dn\u00ed n\u00e1dr\u017ee ve stavebn\u00edch oblastech nebo na silnic\u00edch, kter\u00e9 nejsou ur\u010deny k tlumen\u00ed povodn\u00ed, ale siln\u00fdch de\u0161\u0165\u016f. Opat\u0159en\u00ed jsou rozlo\u017eena po cel\u00e9m obvodu od Braubachu na z\u00e1pad\u011b a\u017e po Kinzigoberlauf na v\u00fdchod\u011b.<\/p>","protected":false},"excerpt":{"rendered":"<p>P\u0159edm\u011bt ot\u00e1zky: Na za\u010d\u00e1tku roku byly zaplaveny \u010d\u00e1sti okresu, nap\u0159\u00edklad v Nidderau. V \u010dervenci zahynulo p\u0159i povod\u0148ov\u00e9 katastrof\u011b v Por\u00fdn\u00ed-Falci a Severn\u00edm Por\u00fdn\u00ed-Vestf\u00e1lsku v\u00edce ne\u017e 180 lid\u00ed. Je [...]<\/p>","protected":false},"author":-1,"featured_media":0,"comment_status":"open","ping_status":"open","sticky":false,"template":"","format":"standard","meta":{"footnotes":""},"categories":[9],"tags":[],"class_list":["post-505","post","type-post","status-publish","format-standard","hentry","category-antraege-und-anfragen"],"_links":{"self":[{"href":"https:\/\/www.gruene-mkk.de\/cs\/wp-json\/wp\/v2\/posts\/505","targetHints":{"allow":["GET"]}}],"collection":[{"href":"https:\/\/www.gruene-mkk.de\/cs\/wp-json\/wp\/v2\/posts"}],"about":[{"href":"https:\/\/www.gruene-mkk.de\/cs\/wp-json\/wp\/v2\/types\/post"}],"author":[{"embeddable":true,"href":"https:\/\/www.gruene-mkk.de\/cs\/wp-json\/wp\/v2\/users\/2"}],"replies":[{"embeddable":true,"href":"https:\/\/www.gruene-mkk.de\/cs\/wp-json\/wp\/v2\/comments?post=505"}],"version-history":[{"count":1,"href":"https:\/\/www.gruene-mkk.de\/cs\/wp-json\/wp\/v2\/posts\/505\/revisions"}],"predecessor-version":[{"id":507,"href":"https:\/\/www.gruene-mkk.de\/cs\/wp-json\/wp\/v2\/posts\/505\/revisions\/507"}],"wp:attachment":[{"href":"https:\/\/www.gruene-mkk.de\/cs\/wp-json\/wp\/v2\/media?parent=505"}],"wp:term":[{"taxonomy":"category","embeddable":true,"href":"https:\/\/www.gruene-mkk.de\/cs\/wp-json\/wp\/v2\/categories?post=505"},{"taxonomy":"post_tag","embeddable":true,"href":"https:\/\/www.gruene-mkk.de\/cs\/wp-json\/wp\/v2\/tags?post=505"}],"curies":[{"name":"wp","href":"https:\/\/api.w.org\/{rel}","templated":true}]}}