{"id":503,"date":"2021-08-23T13:55:00","date_gmt":"2021-08-23T11:55:00","guid":{"rendered":"https:\/\/www.alles-bleibt-anders.org\/?p=503"},"modified":"2021-11-24T13:56:42","modified_gmt":"2021-11-24T12:56:42","slug":"anfrage-zur-fluechtlingsunterbringung-im-mkk","status":"publish","type":"post","link":"https:\/\/www.gruene-mkk.de\/cs\/anfrage-zur-fluechtlingsunterbringung-im-mkk\/","title":{"rendered":"\u017d\u00e1dost o ubytov\u00e1n\u00ed uprchl\u00edk\u016f v MKK"},"content":{"rendered":"<p><strong>P\u0159edm\u011bt ot\u00e1zky:<\/strong><\/p>\n\n\n\n<p>Od roku 2015 jsou uprchl\u00edci p\u0159id\u011blov\u00e1ni obc\u00edm prost\u0159ednictv\u00edm distribu\u010dn\u00edho kl\u00ed\u010de. Schodek bydlen\u00ed byl pouze \u010d\u00e1ste\u010dn\u011b kompenzov\u00e1n jednor\u00e1zov\u00fdmi platbami MKK obc\u00edm za roky 2015+2016, 2017, 2018 a 2019.<\/p>\n\n\n\n<p>Mnoho obc\u00ed muselo kompenzovat zna\u010dn\u00e9 schodky v ubytov\u00e1n\u00ed uprchl\u00edk\u016f, zejm\u00e9na v letech 2018 a 2019.<\/p>\n\n\n\n<p><strong>Ot\u00e1zky:<\/strong><\/p>\n\n\n\n<p><strong>\u00davodn\u00ed pozn\u00e1mka:<\/strong><\/p>\n\n\n\n<p>Z\u00e1kladem pro \u00fahradu n\u00e1klad\u016f st\u00e1tu okres\u016fm a bezokresn\u00edm m\u011bst\u016fm je AufnG-HE (Hesensk\u00fd z\u00e1kon o p\u0159\u00edjmu p\u016fdy). Odd\u00edl 7 upravuje \u00fahradu spolkov\u00e9 zem\u011b okres\u016fm a m\u011bst\u016fm bez okres\u016f:<\/p>\n\n\n\n<p>Bod 1:\u201c<em>V\u00fddaje, kter\u00e9 okres\u016fm a obc\u00edm vzniknou v souvislosti s p\u0159ijet\u00edm a ubytov\u00e1n\u00edm osob podle \u00a7 1, se hrad\u00ed formou pau\u0161\u00e1ln\u00edch \u010d\u00e1stek (pau\u0161\u00e1ln\u00edch sazeb) v souladu s p\u0159\u00edlohou k \u00a7 7.<\/em>\u201e.<\/p>\n\n\n\n<p>Bod 5:&nbsp;<em>\u201eVl\u00e1da provincie uprav\u00ed \u010d\u00e1stky vyhl\u00e1\u0161kou, je-li to nezbytn\u00e9 s ohledem na v\u00fdvoj n\u00e1klad\u016f, a v rozsahu, v jak\u00e9m je to nezbytn\u00e9. Spr\u00e1vn\u00ed n\u00e1klady se neberou v \u00favahu.\u201c<\/em><\/p>\n\n\n\n<p>Odchyln\u011b od tohoto pravidla se v pln\u00e9 v\u00fd\u0161i propl\u00e1cej\u00ed n\u00e1klady, v\u010detn\u011b administrativn\u00edch n\u00e1klad\u016f, na p\u00e9\u010di o nezletil\u00e9 uprchl\u00edky bez doprovodu, kte\u0159\u00ed pob\u00edraj\u00ed d\u00e1vky na podporu ml\u00e1de\u017ee.<\/p>\n\n\n\n<p>N\u00e1klady na zdravotn\u00ed p\u00e9\u010di o uprchl\u00edky podle \u00a7 1 AufnG-HE jsou rovn\u011b\u017e pln\u011b hrazeny v rozsahu, v n\u011bm\u017e p\u0159esahuj\u00ed \u010d\u00e1stku 10 000 eur na osobu a kalend\u00e1\u0159n\u00ed rok.<\/p>\n\n\n\n<p><strong><em>\u00dahrada pro Main-Kinzig-Kreis se prov\u00e1d\u00ed<\/em><\/strong><strong><em>:<\/em><\/strong><br>&nbsp;<\/p>\n\n\n\n<p>1.\u00a0\u00a0Ve v\u00fd\u0161i 940 EUR m\u011bs\u00ed\u010dn\u011b pro skupinu osob s n\u00e1rokem na d\u00e1vky podle \u00a7 1 z\u00e1kona o d\u00e1vk\u00e1ch pro \u017eadatele o azyl (AsylbLG) po dobu trv\u00e1n\u00ed azylov\u00e9ho \u0159\u00edzen\u00ed a a\u017e 3 roky po kone\u010dn\u00e9m negativn\u00edm ukon\u010den\u00ed azylov\u00e9ho \u0159\u00edzen\u00ed.<\/p>\n\n\n\n<p>2.\u00a0\u00a0\u00dahrada pln\u00fdch n\u00e1klad\u016f na zdravotn\u00ed p\u00e9\u010di z v\u00fddaj\u016f p\u0159esahuj\u00edc\u00edch 10 000 EUR ro\u010dn\u011b v jednotliv\u00fdch p\u0159\u00edpadech.<\/p>\n\n\n\n<p>3.\u00a0\u00a0Jednor\u00e1zov\u00e1 \u010d\u00e1stka ve v\u00fd\u0161i 3 000 EUR pro osoby, kter\u00e9 obdr\u017e\u00ed povolen\u00ed k pobytu po \u00fasp\u011b\u0161n\u00e9m ukon\u010den\u00ed azylov\u00e9ho \u0159\u00edzen\u00ed.<\/p>\n\n\n\n<p>N\u00e1hrada n\u00e1klad\u016f podle p\u0159\u00edlohy 1 \u00a7 7 odst. 1 AufnG-HE je rozd\u011blena do t\u0159\u00ed skupin (okresy povinn\u00e9 k ubytov\u00e1n\u00ed a m\u011bsta bez okres\u016f) z d\u016fvodu region\u00e1ln\u00edch rozd\u00edl\u016f ve v\u00fddaj\u00edch:<\/p>\n\n\n\n<p>F\u00e1ze 1: 1 050 EUR<\/p>\n\n\n\n<p>F\u00e1ze 2:\u00a0\u00a0\u00a0\u00a0940 EUR<\/p>\n\n\n\n<p>F\u00e1ze 3:\u00a0\u00a0\u00a0\u00a0865 EUR<\/p>\n\n\n\n<p>Pau\u0161\u00e1ln\u00ed \u010d\u00e1stky se ka\u017edoro\u010dn\u011b zvy\u0161uj\u00ed o 1,5 %.% za st\u00e1vaj\u00edc\u00ed dobu platnosti z\u00e1kona od 1. ledna 2021 do 31. prosince 2027.<\/p>\n\n\n\n<p>\u010c\u00e1stky, kter\u00e9 maj\u00ed b\u00fdt pokryty t\u011bmito n\u00e1hradami, jsou: B\u011b\u017en\u00e9 pot\u0159eby uprchl\u00edk\u016f (j\u00eddlo, pit\u00ed, oble\u010den\u00ed atd.), n\u00e1klady na ubytov\u00e1n\u00ed, n\u00e1klady na zdravotn\u00ed p\u00e9\u010di, zvl\u00e1\u0161tn\u00ed pot\u0159eby, jako je p\u0159\u00edsp\u011bvek na \u0161koln\u00ed doch\u00e1zku atd., spr\u00e1vn\u00ed v\u00fddaje a dal\u0161\u00ed integra\u010dn\u00ed slu\u017eby.<\/p>\n\n\n\n<p><strong><em>St\u00e1t Hesensko nepropl\u00e1c\u00ed Main-Kinzig-Kreis:<\/em><\/strong><\/p>\n\n\n\n<p>\u2013 N\u00e1klady na d\u00e1vky podle AsylbLG pro uprchl\u00edky po uplynut\u00ed v\u00fd\u0161e uveden\u00e9 t\u0159\u00edlet\u00e9 lh\u016fty pro \u00fahradu, u nich\u017e nen\u00ed dlouhodob\u011b mo\u017en\u00fd n\u00e1vrat do domovsk\u00e9 zem\u011b. K 30. z\u00e1\u0159\u00ed 2021 to ovliv\u0148uje n\u00e1klady na slu\u017eby pro p\u0159ibli\u017en\u011b 370 osob a trend se zvy\u0161uje.<\/p>\n\n\n\n<p>\u2013 N\u00e1klady na zdravotn\u00ed p\u00e9\u010di na osobu v souvislosti s d\u00e1vkami AsylbLG a\u017e do v\u00fd\u0161e 10 000 eur ro\u010dn\u011b v jednotliv\u00fdch p\u0159\u00edpadech.<\/p>\n\n\n\n<p>\u2013 N\u00e1klady na ubytov\u00e1n\u00ed b\u00fdval\u00fdch uprchl\u00edk\u016f, kte\u0159\u00ed z\u016fst\u00e1vaj\u00ed ve spole\u010dn\u00e9m ubytov\u00e1n\u00ed po z\u00edsk\u00e1n\u00ed pr\u00e1va pobytu.<\/p>\n\n\n\n<p><strong>1.&nbsp;&nbsp;&nbsp;&nbsp;<\/strong><strong>M\u016f\u017ee MKK vzhledem ke sv\u00e9 dobr\u00e9 finan\u010dn\u00ed situaci zcela vyrovnat schodky obc\u00ed z ubytov\u00e1n\u00ed pro uprchl\u00edky v letech 2020 a 2021 a n\u00e1sl.?<\/strong><\/p>\n\n\n\n<p><strong>Odpov\u011b\u010f:<\/strong>&nbsp;Main-Kinzig-Kreis vyplatila okresn\u00edm obc\u00edm celkem 20 200 000 EUR ve zvl\u00e1\u0161tn\u00edch platb\u00e1ch na vyrovn\u00e1n\u00ed schodku za roky 2015 \u2013 v\u010detn\u011b roku 2019.<\/p>\n\n\n\n<p>Z t\u00e9to \u010d\u00e1stky je \u010d\u00e1stka<\/p>\n\n\n\n<p>3,2 milionu EUR na rok 2018 \u2013 vyplaceno v rozpo\u010dtov\u00e9m roce 2020<\/p>\n\n\n\n<p>2,5 milionu EUR na rok 2019 \u2013 vyplaceno v rozpo\u010dtov\u00e9m roce 2021.<\/p>\n\n\n\n<p>Pl\u00e1novan\u00fd p\u0159\u00edstup k dal\u0161\u00edm \u00fahrad\u00e1m v rozpo\u010dtu \u00da\u0159adu pro ve\u0159ejn\u00fd po\u0159\u00e1dek, migraci a integraci neexistuje.<\/p>\n\n\n\n<p><strong>2.&nbsp;&nbsp;&nbsp;&nbsp;&nbsp;&nbsp;&nbsp;<\/strong><strong>St\u00e1t Hesensko plat\u00ed Main-Kinzig-Kreis za ubytov\u00e1n\u00ed uprchl\u00edk\u016f<\/strong><\/p>\n\n\n\n<p><strong>a.&nbsp;&nbsp;&nbsp;&nbsp;&nbsp;&nbsp;&nbsp;<\/strong><strong>Jak\u00e1 byla platba zem\u011b do okresu v letech 2019 a 2020?<\/strong><\/p>\n\n\n\n<p>2019: Pl\u00e1novan\u00e1 hodnota 20,6 milionu EUR, IS 18,6 milionu EUR<\/p>\n\n\n\n<p>2020: Pl\u00e1novan\u00e1 hodnota 19 milion\u016f EUR, IS 14,96 milion\u016f EUR.<\/p>\n\n\n\n<p><strong>b.&nbsp;&nbsp;&nbsp;&nbsp;&nbsp;&nbsp;<\/strong><strong>Jak\u00e9 byly celkov\u00e9 n\u00e1klady obc\u00ed na ubytov\u00e1n\u00ed uprchl\u00edk\u016f v roce 2019?<\/strong><\/p>\n\n\n\n<p>Main-Kinzig-Kreis nem\u016f\u017ee u\u010dinit \u017e\u00e1dn\u00e9 prohl\u00e1\u0161en\u00ed o celkov\u00fdch n\u00e1kladech vznikl\u00fdch na \u00farovni 29 m\u011bst a obc\u00ed.<\/p>\n\n\n\n<p>B\u011b\u017en\u00e9 v\u00fddaje okresu \u010dinily:<\/p>\n\n\n\n<p>na rok 2019 na p\u0159ibli\u017en\u011b 23 milion\u016f EUR<\/p>\n\n\n\n<p>pro rok 2020 p\u0159ibli\u017en\u011b 17,1 milionu EUR.<\/p>\n\n\n\n<p><strong>c.&nbsp;&nbsp;&nbsp;&nbsp;&nbsp;&nbsp;&nbsp;<\/strong><strong>Pokud jsou n\u00e1klady vy\u0161\u0161\u00ed ne\u017e platba spolkov\u00e9 zem\u011b Hesensko: Pro\u010d platby zem\u011b nepokr\u00fdvaj\u00ed n\u00e1klady? Jak\u00e9 mo\u017enosti m\u00e1 kruh k tomu, aby zde dos\u00e1hl \u00fahrady n\u00e1klad\u016f?<\/strong><\/p>\n\n\n\n<p>Pau\u0161\u00e1ln\u00ed n\u00e1hrady jsou upraveny z\u00e1konem v \u00a7 7 AufnG-HE, v sou\u010dasn\u00e9 dob\u011b pro obdob\u00ed od 1. ledna 2021 do 31. prosinec 2027. N\u00e1hrady ze strany zem\u011b nutn\u011b nepokr\u00fdvaj\u00ed n\u00e1klady, nebo\u0165 se nap\u0159\u00edklad propl\u00e1cej\u00ed v\u00fdhradn\u011b zp\u016fsobil\u00fdm uprchl\u00edk\u016fm (viz \u201e\u00davodn\u00ed pozn\u00e1mky\u201c). N\u00e1hrady stanov\u00ed spolkov\u00e1 zem\u011b Hesensko. Sm\u011brnic\u00ed pro stanoven\u00ed pau\u0161\u00e1ln\u00edch sazeb je sb\u011br dat ze v\u0161ech hesensk\u00fdch okres\u016f a m\u011bst bez okres\u016f p\u0159ed p\u0159epracov\u00e1n\u00edm AufnG-HE. Na jedn\u00e9 stran\u011b je Main-Kinzig-Kreis zastoupena v pracovn\u00ed skupin\u011b pro azyl a v podpracovn\u00ed skupin\u011b \u201eLAG\u201c Hessisches Landkreistag.<\/p>\n\n\n\n<p>Konzultace o v\u00fdsledc\u00edch sb\u011bru dat hesensk\u00fdch okres\u016f a bezokresn\u00edch m\u011bst prob\u00edh\u00e1 na \u00farovni odpov\u011bdn\u00e9ho ministerstva a obecn\u00edch zast\u0159e\u0161uj\u00edc\u00edch sdru\u017een\u00ed. Main-Kinzig-Kreis je b\u011bhem t\u011bchto konzultac\u00ed rovn\u011b\u017e sou\u010d\u00e1st\u00ed r\u016fzn\u00fdch poradn\u00edch skupin.<\/p>\n\n\n\n<p><strong>3.&nbsp;&nbsp;&nbsp;&nbsp;<\/strong><strong>Kdo kontroluje vypo\u0159\u00e1d\u00e1n\u00ed mezi zem\u00ed a okresem a vyu\u017eit\u00ed finan\u010dn\u00edch prost\u0159edk\u016f vyplacen\u00fdch na ubytov\u00e1n\u00ed uprchl\u00edk\u016f?<\/strong><\/p>\n\n\n\n<p>\u00da\u010dtov\u00e1n\u00ed mezi st\u00e1tem a okresy a m\u011bsty bez okres\u016f prob\u00edh\u00e1 prost\u0159ednictv\u00edm digitalizovan\u00e9ho faktura\u010dn\u00edho postupu LAGPausch poskytovan\u00e9ho st\u00e1tem Hesensko. Audit prov\u00e1d\u011bj\u00ed zam\u011bstnanci \u00fa\u0159adu 32 (Ve\u0159ejn\u00e1 bezpe\u010dnost a po\u0159\u00e1dek, migrace a integrace).<\/p>\n\n\n\n<p><strong>4.&nbsp;&nbsp;&nbsp;&nbsp;&nbsp;&nbsp;&nbsp;<\/strong><strong>Krize v Afgh\u00e1nist\u00e1nu m\u016f\u017ee v\u00fdrazn\u011b zv\u00fd\u0161it po\u010det uprchl\u00edk\u016f<\/strong><\/p>\n\n\n\n<p><strong>a.&nbsp; &nbsp; &nbsp;&nbsp;<\/strong><strong>P\u0159ij\u00edm\u00e1 Main-Kinzig-Kreis opat\u0159en\u00ed k p\u0159evzet\u00ed bydlen\u00ed a financov\u00e1n\u00ed v cel\u00e9m okrese v p\u0159\u00edpad\u011b rostouc\u00edho po\u010dtu uprchl\u00edk\u016f s c\u00edlem zm\u00edrnit z\u00e1t\u011b\u017e obc\u00ed a dobrovolnictv\u00ed?<\/strong><\/p>\n\n\n\n<p>Okres Main-Kinzig ka\u017edoro\u010dn\u011b rozhodnut\u00edm okresn\u00edho v\u00fdboru p\u0159id\u011bluje uprchl\u00edk\u016fm, kte\u0159\u00ed maj\u00ed b\u00fdt p\u0159ijati do okresn\u00edch obc\u00ed, pevnou sazbu za p\u0159ijet\u00ed (sou\u010dasn\u00e9 rozhodnut\u00ed ze dne 17. srpna 2021 na obdob\u00ed od 1. \u010dervence 2021 do 30. \u010dervna 2022). M\u011bsta a obce byly o mo\u017en\u00e9m zv\u00fd\u0161en\u00ed po\u010dtu p\u0159id\u011blen\u00fdch prost\u0159edk\u016f informov\u00e1ny dopisem ze dne 23. srpna 2021. Pokud jde o financov\u00e1n\u00ed d\u00edl\u010d\u00edch ot\u00e1zek, viz odpov\u011b\u010f v bod\u011b 2c.<\/p>\n\n\n\n<p><strong>b.&nbsp;&nbsp;&nbsp;&nbsp;&nbsp;&nbsp;<\/strong><strong>Jak\u00e9 mo\u017enosti m\u00e1 okres, pokud jsou uprchlick\u00e9 p\u0159\u00edst\u0159e\u0161ky vyu\u017e\u00edv\u00e1ny v cel\u00e9m okrese? Existuj\u00ed pro to ji\u017e n\u011bjak\u00e9 pl\u00e1ny?<\/strong><\/p>\n\n\n\n<p>Za ubytov\u00e1n\u00ed na m\u00edst\u011b jsou odpov\u011bdn\u00e9 okresn\u00ed obce, kter\u00e9 poskytuj\u00ed dostate\u010dn\u00e9 bydlen\u00ed podle sv\u00e9 p\u0159\u00edslu\u0161n\u00e9 sazby za p\u0159ijet\u00ed (spole\u010dn\u00e9 ubytov\u00e1n\u00ed nebo jednotliv\u00e9 apartm\u00e1ny), jako\u017e i okres Main-Kinzig, kter\u00fd provozuje spole\u010dn\u00e9 ubytov\u00e1n\u00ed v Schl\u00fcchternu. N\u00e1klady na ubytov\u00e1n\u00ed hrad\u00ed p\u0159\u00edslu\u0161n\u00fd poskytovatel slu\u017eeb p\u0159\u00edpad od p\u0159\u00edpadu.<\/p>\n\n\n\n<p><strong>c.&nbsp;&nbsp;&nbsp;&nbsp;&nbsp;&nbsp;&nbsp;<\/strong><strong>V d\u016fsledku koronavirov\u00e9 pandemie mohou m\u00edt obce v okrese nedoplatky nebo pot\u00ed\u017ee s platbami, aby kompenzovaly p\u0159\u00edpadn\u00fd nedostatek ubytov\u00e1n\u00ed uprchl\u00edk\u016f. Pl\u00e1nuje okres sn\u00ed\u017een\u00ed dluhu nebo \u00faplnou kompenzaci schodk\u016f p\u0159\u00edslu\u0161n\u00fdm obc\u00edm, kter\u00e9 pln\u00ed svou povinnost ubytov\u00e1n\u00ed, ale nedost\u00e1vaj\u00ed dostate\u010dn\u00e9 finan\u010dn\u00ed prost\u0159edky (viz ot\u00e1zka \u010d. 1)?<\/strong><\/p>\n\n\n\n<p>Odpov\u00eddaj\u00edc\u00ed trend, jak je pops\u00e1n v\u00fd\u0161e, nen\u00ed v sou\u010dasn\u00e9 dob\u011b zjistiteln\u00fd. Pokud financov\u00e1n\u00ed ze st\u00e1vaj\u00edc\u00edho rozpo\u010dtu nen\u00ed mo\u017en\u00e9, mus\u00ed b\u00fdt poskytnuto z likvidn\u00edch prost\u0159edk\u016f (hotovostn\u00ed z\u016fstatek) nebo financov\u00e1no prost\u0159ednictv\u00edm likviditn\u00edch \u00fav\u011br\u016f. Sn\u00ed\u017een\u00ed dluhu nen\u00ed z pr\u00e1vn\u00edho hlediska mo\u017en\u00e9.<\/p>\n\n\n\n<p><strong>d.&nbsp;&nbsp;&nbsp;&nbsp;&nbsp;&nbsp;<\/strong><strong>Pl\u00e1noval kruh pro tento \u00fa\u010del odpov\u00eddaj\u00edc\u00ed \u010d\u00e1stku kryt\u00ed nebo bezpe\u010dnostn\u00ed rezervy v rozpo\u010dtu?<\/strong><\/p>\n\n\n\n<p>Main-Kinzig-Kreis nepl\u00e1novala samostatnou bezpe\u010dnostn\u00ed rezervu pro p\u0159\u00edpadn\u00e9 schodky obc\u00ed v t\u00e9to oblasti. Pro sv\u016fj vlastn\u00ed rozpo\u010det m\u00e1 okres Main-Kinzig, stejn\u011b jako v\u0161echny obce, hotovostn\u00ed z\u016fstatek a mo\u017enost uch\u00fdlit se ke kr\u00e1tkodob\u00fdm p\u016fj\u010dk\u00e1m likvidity.<\/p>\n\n\n\n<p><strong>&nbsp;&nbsp;&nbsp;&nbsp;&nbsp;&nbsp;&nbsp;&nbsp;&nbsp;&nbsp;&nbsp;&nbsp;&nbsp;&nbsp;&nbsp;&nbsp;&nbsp;&nbsp;&nbsp;&nbsp;&nbsp;&nbsp;&nbsp;&nbsp;&nbsp;&nbsp;&nbsp;&nbsp;&nbsp;&nbsp;&nbsp;&nbsp;&nbsp;i.&nbsp;&nbsp;&nbsp;&nbsp;<\/strong><strong>Pokud ano, jak je vysok\u00e1?<\/strong><\/p>\n\n\n\n<p>V\u00fd\u0161e likvidn\u00edch \u00fav\u011br\u016f od okresu Main-Kinzig je stanovena v rozpo\u010dtu. Celkov\u00e1 \u010d\u00e1stka na rok 2021 \u010din\u00ed 30 milion\u016f EUR.<\/p>","protected":false},"excerpt":{"rendered":"<p>P\u0159edm\u011bt ot\u00e1zky: Od roku 2015 jsou uprchl\u00edci p\u0159id\u011blov\u00e1ni obc\u00edm prost\u0159ednictv\u00edm distribu\u010dn\u00edho kl\u00ed\u010de. Schodek z ubytov\u00e1n\u00ed byl pouze \u010d\u00e1ste\u010dn\u011b pokryt jednor\u00e1zov\u00fdmi platbami MKK za roky 2015+2016, [...]<\/p>","protected":false},"author":-1,"featured_media":19,"comment_status":"open","ping_status":"open","sticky":false,"template":"","format":"standard","meta":{"footnotes":""},"categories":[9],"tags":[],"class_list":["post-503","post","type-post","status-publish","format-standard","has-post-thumbnail","hentry","category-antraege-und-anfragen"],"_links":{"self":[{"href":"https:\/\/www.gruene-mkk.de\/cs\/wp-json\/wp\/v2\/posts\/503","targetHints":{"allow":["GET"]}}],"collection":[{"href":"https:\/\/www.gruene-mkk.de\/cs\/wp-json\/wp\/v2\/posts"}],"about":[{"href":"https:\/\/www.gruene-mkk.de\/cs\/wp-json\/wp\/v2\/types\/post"}],"author":[{"embeddable":true,"href":"https:\/\/www.gruene-mkk.de\/cs\/wp-json\/wp\/v2\/users\/2"}],"replies":[{"embeddable":true,"href":"https:\/\/www.gruene-mkk.de\/cs\/wp-json\/wp\/v2\/comments?post=503"}],"version-history":[{"count":1,"href":"https:\/\/www.gruene-mkk.de\/cs\/wp-json\/wp\/v2\/posts\/503\/revisions"}],"predecessor-version":[{"id":504,"href":"https:\/\/www.gruene-mkk.de\/cs\/wp-json\/wp\/v2\/posts\/503\/revisions\/504"}],"wp:featuredmedia":[{"embeddable":true,"href":"https:\/\/www.gruene-mkk.de\/cs\/wp-json\/wp\/v2\/media\/19"}],"wp:attachment":[{"href":"https:\/\/www.gruene-mkk.de\/cs\/wp-json\/wp\/v2\/media?parent=503"}],"wp:term":[{"taxonomy":"category","embeddable":true,"href":"https:\/\/www.gruene-mkk.de\/cs\/wp-json\/wp\/v2\/categories?post=503"},{"taxonomy":"post_tag","embeddable":true,"href":"https:\/\/www.gruene-mkk.de\/cs\/wp-json\/wp\/v2\/tags?post=503"}],"curies":[{"name":"wp","href":"https:\/\/api.w.org\/{rel}","templated":true}]}}